{"id":95607,"date":"2025-01-20T12:35:00","date_gmt":"2025-01-20T18:35:00","guid":{"rendered":"https:\/\/elmetropolitano.com.gt\/es\/?p=95607"},"modified":"2025-01-20T12:35:01","modified_gmt":"2025-01-20T18:35:01","slug":"donald-trump-asume-su-segundo-mandato-en-los-usa-y-anuncia-medidas-inmediatas","status":"publish","type":"post","link":"https:\/\/elmetropolitano.com.gt\/es\/donald-trump-asume-su-segundo-mandato-en-los-usa-y-anuncia-medidas-inmediatas\/","title":{"rendered":"Donald Trump asume su segundo mandato en los USA y anuncia medidas inmediatas"},"content":{"rendered":"\n<p>Con los ojos del mundo puestos en Estados Unidos de Am\u00e9rica, luego de su juramentaci\u00f3n y en su primer discurso el mandatario norteamericano Donald Trump se\u00f1al\u00f3 que desde su primer d\u00eda comenzar\u00e1n los cambios, para lo que firmar\u00eda decenas de decretos que afectar\u00edan principalmente los temas de migraci\u00f3n, seguridad y econom\u00eda.<\/p>\n\n\n\n<p>Uno de los temas que m\u00e1s preocupa en Latinoam\u00e9rica es el migratorio, pues ha prometido que efectuar\u00e1 deportaciones masivas e implementar\u00e1 otras pol\u00edticas para evitar que m\u00e1s migrantes ilegales entren al pa\u00eds.<\/p><div class=\"elmet-contenido\" id=\"elmet-3124185486\"><div class=\"elmet-adlabel\">Anuncios<\/div><div style=\"margin-top: 20px;margin-right: 20px;margin-bottom: 20px;margin-left: 20px;\" id=\"elmet-3021352568\"><a href=\"https:\/\/www.facebook.com\/arrincuanantigua\/\" aria-label=\"cintillo-arrin-cual\"><img loading=\"lazy\" decoding=\"async\" src=\"https:\/\/elmetropolitano.com.gt\/es\/wp-content\/uploads\/2021\/11\/cintillo-arrin-cual-1.jpg\" alt=\"\"  srcset=\"https:\/\/elmetropolitano.com.gt\/es\/wp-content\/uploads\/2021\/11\/cintillo-arrin-cual-1.jpg 750w, https:\/\/elmetropolitano.com.gt\/es\/wp-content\/uploads\/2021\/11\/cintillo-arrin-cual-1-300x36.jpg 300w, https:\/\/elmetropolitano.com.gt\/es\/wp-content\/uploads\/2021\/11\/cintillo-arrin-cual-1-600x72.jpg 600w\" sizes=\"(max-width: 750px) 100vw, 750px\" width=\"750\" height=\"90\"   \/><\/a><\/div><\/div>\n\n\n\n<p>A\u00f1adi\u00f3 que recuperar\u00e1n el Canal de Panam\u00e1 y se\u00f1al\u00f3 que China es la que controla la ruta interoce\u00e1nica, adem\u00e1s que dijo que el Golfo de M\u00e9xico ahora se llamar\u00e1 Golfo de Estados Unidos.<\/p>\n\n\n\n<p>Entre los decretos m\u00e1s importantes a partir de hoy ser\u00e1 acerca de la migraci\u00f3n, incluido el cierre de la frontera con M\u00e9xico y declarar a los carteles del narcotr\u00e1fico como grupos terroristas. Adem\u00e1s, la reinstauraci\u00f3n del programa \u201cQu\u00e9date en M\u00e9xico\u201d, que obliga a los migrantes a permanecer en suelo mexicano mientras se resuelve sus tr\u00e1mites para entrar a Estados Unidos.<\/p>\n\n\n\n<p>Los futuros funcionarios de la Casa Blanca explican que entre las \u00f3rdenes ejecutivas se incluye la declaraci\u00f3n de una emergencia nacional que permitir\u00e1 al Departamento de Defensa desplegar militares en activo, reservistas de la Guardia Nacional y otros efectivos en la frontera.<\/p>\n\n\n\n<p>Entre los invitados de lujo a la toma de posesi\u00f3n del presidente Trump est\u00e1n:<\/p>\n\n\n\n<p>Los magnates tecnol\u00f3gicos Jeff Bezos (Amazon), Mark Zuckerberg (Meta), Tim Cook (Apple), sin faltar por supuesto por Elom Musk de X.<\/p>\n\n\n\n<p>El mandatario norteamericano se\u00f1al\u00f3 que el tiempo de actuar sin vacilaci\u00f3n lleg\u00f3 y avanzar\u00e1n a la victoria con resultados, se combatir\u00e1 las epidemias para tener hijos sanos, as\u00ed como expandir su territorio y abrir nuevos horizontes para los astronautas al investigar el espacio exterior y desembarcar en Marte, a\u00f1adiendo que el siglo de oro ha llegado.<\/p>\n\n\n\n<p>#trump #usa #metroredes <a href=\"http:\/\/www.elmetropolitano.com.gt\">www.elmetropolitano.com.gt<\/a> <a href=\"http:\/\/www.metroredes.com\">www.metroredes.com<\/a> <a href=\"http:\/\/www.elescuintleco.com\">www.elescuintleco.com<\/a><\/p>\n\n\n\n<figure class=\"wp-block-gallery has-nested-images columns-default is-cropped wp-block-gallery-1 is-layout-flex wp-block-gallery-is-layout-flex\">\n<figure class=\"wp-block-image size-large\"><img loading=\"lazy\" decoding=\"async\" width=\"558\" height=\"264\" data-id=\"95609\" src=\"https:\/\/elmetropolitano.com.gt\/es\/wp-content\/uploads\/2025\/01\/Sin-titulo-1-1.jpg\" alt=\"\" class=\"wp-image-95609\" srcset=\"https:\/\/elmetropolitano.com.gt\/es\/wp-content\/uploads\/2025\/01\/Sin-titulo-1-1.jpg 558w, https:\/\/elmetropolitano.com.gt\/es\/wp-content\/uploads\/2025\/01\/Sin-titulo-1-1-300x142.jpg 300w\" sizes=\"auto, (max-width: 558px) 100vw, 558px\" \/><\/figure>\n<\/figure>\n","protected":false},"excerpt":{"rendered":"<p>Con los ojos del mundo puestos en Estados Unidos de Am\u00e9rica, luego de su juramentaci\u00f3n y en su primer discurso el mandatario norteamericano Donald Trump se\u00f1al\u00f3 que desde su primer d\u00eda comenzar\u00e1n los cambios, para lo que firmar\u00eda decenas de decretos que afectar\u00edan principalmente los temas de migraci\u00f3n, seguridad y econom\u00eda. Uno de los temas <a class=\"read-more\" href=\"https:\/\/elmetropolitano.com.gt\/es\/donald-trump-asume-su-segundo-mandato-en-los-usa-y-anuncia-medidas-inmediatas\/\">Leer m\u00e1s<\/a><\/p>\n","protected":false},"author":1,"featured_media":95608,"comment_status":"open","ping_status":"closed","sticky":false,"template":"","format":"standard","meta":{"footnotes":""},"categories":[14],"tags":[15],"class_list":["post-95607","post","type-post","status-publish","format-standard","has-post-thumbnail","hentry","category-internacionales","tag-internacionales"],"_links":{"self":[{"href":"https:\/\/elmetropolitano.com.gt\/es\/wp-json\/wp\/v2\/posts\/95607","targetHints":{"allow":["GET"]}}],"collection":[{"href":"https:\/\/elmetropolitano.com.gt\/es\/wp-json\/wp\/v2\/posts"}],"about":[{"href":"https:\/\/elmetropolitano.com.gt\/es\/wp-json\/wp\/v2\/types\/post"}],"author":[{"embeddable":true,"href":"https:\/\/elmetropolitano.com.gt\/es\/wp-json\/wp\/v2\/users\/1"}],"replies":[{"embeddable":true,"href":"https:\/\/elmetropolitano.com.gt\/es\/wp-json\/wp\/v2\/comments?post=95607"}],"version-history":[{"count":1,"href":"https:\/\/elmetropolitano.com.gt\/es\/wp-json\/wp\/v2\/posts\/95607\/revisions"}],"predecessor-version":[{"id":95610,"href":"https:\/\/elmetropolitano.com.gt\/es\/wp-json\/wp\/v2\/posts\/95607\/revisions\/95610"}],"wp:featuredmedia":[{"embeddable":true,"href":"https:\/\/elmetropolitano.com.gt\/es\/wp-json\/wp\/v2\/media\/95608"}],"wp:attachment":[{"href":"https:\/\/elmetropolitano.com.gt\/es\/wp-json\/wp\/v2\/media?parent=95607"}],"wp:term":[{"taxonomy":"category","embeddable":true,"href":"https:\/\/elmetropolitano.com.gt\/es\/wp-json\/wp\/v2\/categories?post=95607"},{"taxonomy":"post_tag","embeddable":true,"href":"https:\/\/elmetropolitano.com.gt\/es\/wp-json\/wp\/v2\/tags?post=95607"}],"curies":[{"name":"wp","href":"https:\/\/api.w.org\/{rel}","templated":true}]}}