{"id":95622,"date":"2025-01-20T14:42:44","date_gmt":"2025-01-20T20:42:44","guid":{"rendered":"https:\/\/elmetropolitano.com.gt\/es\/?p=95622"},"modified":"2025-01-20T14:44:27","modified_gmt":"2025-01-20T20:44:27","slug":"que-le-espera-a-america-latina-en-el-umbral-de-la-segunda-era-trump","status":"publish","type":"post","link":"https:\/\/elmetropolitano.com.gt\/es\/que-le-espera-a-america-latina-en-el-umbral-de-la-segunda-era-trump\/","title":{"rendered":"Qu\u00e9 le espera a Am\u00e9rica Latina en el umbral de la segunda &#8216;era Trump&#8217;"},"content":{"rendered":"\n<p><strong>La subida de aranceles, las deportaciones masivas y las tensiones bilaterales con algunos de los pa\u00edses son parte del men\u00fa.<\/strong><\/p>\n\n\n\n<p>El regreso de Donald Trump a la presidencia&nbsp;de EE.UU. deja a Am\u00e9rica Latina expectante ante&nbsp;el impacto que tendr\u00e1n en la regi\u00f3n las pol\u00edticas&nbsp;que ha prometido el&nbsp;republicano&nbsp;de cara a&nbsp;los pr\u00f3ximos cuatro a\u00f1os.<\/p><div class=\"elmet-contenido\" id=\"elmet-2224202246\"><div class=\"elmet-adlabel\">Anuncios<\/div><div style=\"margin-top: 20px;margin-right: 20px;margin-bottom: 20px;margin-left: 20px;\" id=\"elmet-4252252258\"><a href=\"https:\/\/www.facebook.com\/arrincuanantigua\/\" aria-label=\"cintillo-arrin-cual\"><img loading=\"lazy\" decoding=\"async\" src=\"https:\/\/elmetropolitano.com.gt\/es\/wp-content\/uploads\/2021\/11\/cintillo-arrin-cual-1.jpg\" alt=\"\"  srcset=\"https:\/\/elmetropolitano.com.gt\/es\/wp-content\/uploads\/2021\/11\/cintillo-arrin-cual-1.jpg 750w, https:\/\/elmetropolitano.com.gt\/es\/wp-content\/uploads\/2021\/11\/cintillo-arrin-cual-1-300x36.jpg 300w, https:\/\/elmetropolitano.com.gt\/es\/wp-content\/uploads\/2021\/11\/cintillo-arrin-cual-1-600x72.jpg 600w\" sizes=\"(max-width: 750px) 100vw, 750px\" width=\"750\" height=\"90\"   \/><\/a><\/div><\/div>\n\n\n\n<p>El precedente de su primer mandato, la medi\u00e1tica campa\u00f1a electoral y los \u00faltimos dos meses dan algunas pistas del rumbo que emprender\u00e1 la Casa Blanca, lo que alista a los pa\u00edses para las previsibles consecuencias que acarrear\u00e1 el relevo de Joe Biden.<\/p>\n\n\n\n<p>Por descontado se da la&nbsp;alineaci\u00f3n de Trump con l\u00edderes&nbsp;de derecha en&nbsp;Latinoam\u00e9rica, como el presidente de Argentina,&nbsp;<strong>Javier Milei<\/strong>,&nbsp;lo que permite augurar una cercan\u00eda que para Buenos Aires puede traducirse en beneficios en las ansiadas negociaciones con el Fondo Monetario Internacional (FMI), el reimpulso a las inversiones y la ampliaci\u00f3n de la cooperaci\u00f3n en materia de seguridad,&nbsp;<a href=\"https:\/\/tn.com.ar\/internacional\/2025\/01\/20\/del-fmi-a-consolidar-un-eje-conservador-las-perspectivas-de-la-argentina-sobre-eeuu-con-el-regreso-de-trump\/\" target=\"_blank\" rel=\"noreferrer noopener\">refiere<\/a>&nbsp;TN.<\/p>\n\n\n\n<p>Por contrapartida, el respaldo de Milei, aunado a sus simpat\u00edas con presidentes como el salvadore\u00f1o, Nayib Bukele, pueden ayudar a Trump a armar su propio eje de influencia en Latinoam\u00e9rica.&nbsp;<\/p>\n\n\n\n<h3 class=\"wp-block-heading\">Deportaciones masivas<\/h3>\n\n\n\n<p>La&nbsp;migraci\u00f3n ha sido uno de los temas clave durante la campa\u00f1a electoral&nbsp;de Trump, que ha anunciado en repetidas ocasiones que llevar\u00e1 a cabo&nbsp;el mayor caudal de deportaciones de la historia, amenazando con&nbsp;<strong>expulsar a millones de personas<\/strong>&nbsp;sin papeles en EE.UU.<\/p>\n\n\n\n<p>Se especula que hay una alt\u00edsima probabilidad de que\u00a0<strong>se cierren programas<\/strong>\u00a0como\u00a0la Acci\u00f3n Diferida para los Llegados en la Infancia (DACA), el Estatus de Protecci\u00f3n Temporal (TPS) o el estatus de permiso humanitario para\u00a0ciudadanos de algunos pa\u00edses de la regi\u00f3n.\u00a0Asimismo, parecen peligrar algunas de las v\u00edas legales de migraci\u00f3n,\u00a0como las Oficinas de Movilidad Segura en Colombia, Costa Rica, Ecuador y Guatemala.<\/p>\n\n\n\n<p>Este tipo de pol\u00edticas aumentar\u00e1n la presi\u00f3n sobre pa\u00edses atravesados por la ruta migratoria, que&nbsp;podr\u00edan ver crecer&nbsp;el n\u00famero de migrantes y solicitantes de asilo, en una regi\u00f3n donde ya se calcula que hay&nbsp;<strong>m\u00e1s de 20 millones de desplazados<\/strong>, seg\u00fan&nbsp;<a href=\"https:\/\/news.un.org\/es\/story\/2023\/08\/1523502\" target=\"_blank\" rel=\"noreferrer noopener\">ACNUR<\/a>.<\/p>\n\n\n\n<h3 class=\"wp-block-heading\">Proteccionismo y guerra comercial<\/h3>\n\n\n\n<p>Otro de los grandes asuntos es&nbsp;la anunciada&nbsp;implementaci\u00f3n de una pol\u00edtica econ\u00f3mica proteccionista en EE.UU., que estar\u00e1 acompa\u00f1ada de una subida generalizada de aranceles.<\/p>\n\n\n\n<p>El foco de Washington est\u00e1 puesto en la pugna comercial con&nbsp;China, pero las amenazas se han ampliado a otras regiones, como la latinoamericana, en donde se ha mencionado a&nbsp;<a href=\"https:\/\/esrt.space\/actualidad\/537133-acuerdo-sheinbaum-critica-amenazas-arancelarias-trump\" target=\"_blank\" rel=\"noreferrer noopener\">M\u00e9xico<\/a>&nbsp;de manera expl\u00edcita.<\/p>\n\n\n\n<p>De implementarse la medida de proteccionismo prevista por la administraci\u00f3n republicana, se prev\u00e9n&nbsp;graves afectaciones a sectores como el&nbsp;agroalimentario, esencial en todos los pa\u00edses de la regi\u00f3n.<\/p>\n\n\n\n<h3 class=\"wp-block-heading\">M\u00e9xico en el punto de mira<\/h3>\n\n\n\n<p>Los choques con M\u00e9xico han sido frecuentes durante las \u00faltimas semanas. El discurso&nbsp;<a href=\"https:\/\/esrt.space\/video\/537712-canal-panama-groenlandia-reacciona-mundo-reclamaciones-territoriales-trump\" target=\"_blank\" rel=\"noreferrer noopener\">expansionista<\/a>&nbsp;de Trump le ha llevado a expresar su deseo de anexionarse desde&nbsp;<a href=\"https:\/\/esrt.space\/a-fondo\/536863-groenlandia-importante-eeuu\" target=\"_blank\" rel=\"noreferrer noopener\">Groenlandia<\/a>&nbsp;\u2013bajo la soberan\u00eda de Dinamarca\u2013, hasta&nbsp;<a href=\"https:\/\/esrt.space\/actualidad\/537207-canada-prepara-contraataque-amenaza-arancelaria-trump\" target=\"_blank\" rel=\"noreferrer noopener\">Canad\u00e1<\/a>&nbsp;o el propio M\u00e9xico.<\/p>\n\n\n\n<p>De hecho, el mandatario estadounidense ha llegado a proponer una&nbsp;<a href=\"https:\/\/esrt.space\/actualidad\/534873-donald-trump-guerra-narcotrafico-mexico\" target=\"_blank\" rel=\"noreferrer noopener\">intervenci\u00f3n militar<\/a>&nbsp;en territorio mexicano, como una posible respuesta al problema del&nbsp;<strong>narcotr\u00e1fico<\/strong>. Aunque esta propuesta no termine materializ\u00e1ndose, s\u00ed parece augurar una relaci\u00f3n basada en medidas unilaterales.<\/p>\n\n\n\n<h3 class=\"wp-block-heading\">Interrogantes sobre Venezuela<\/h3>\n\n\n\n<p><strong>Venezuela ha sido&nbsp;uno de los temas&nbsp;olvidados<\/strong>&nbsp;en la campa\u00f1a de Trump. Una de las pocas referencias lleg\u00f3 tan solo un d\u00eda antes de que el presidente reelecto, Nicol\u00e1s Maduro, asumiera&nbsp;su&nbsp;nuevo mandato en Caracas.<\/p>\n\n\n\n<p>En&nbsp;la v\u00edspera de la&nbsp;toma de posesi\u00f3n&nbsp;de Maduro, el&nbsp;mandatario electo de EE.UU. se&nbsp;<a href=\"https:\/\/truthsocial.com\/@realDonaldTrump\/posts\/113800699320833807\" target=\"_blank\" rel=\"noreferrer noopener\">refiri\u00f3<\/a>&nbsp;al opositor venezolano Edmundo Gonz\u00e1lez como \u00abpresidente electo\u00bb.<\/p>\n\n\n\n<p>Otra de las se\u00f1ales de una posible pugna con Caracas est\u00e1 en una nominaci\u00f3n de Trump:&nbsp;el pr\u00f3ximo secretario de Estado, Marco Rubio. El&nbsp;pol\u00edtico, de l\u00ednea conservadora y f\u00e9rreo detractor de Maduro,&nbsp;acus\u00f3 sin pruebas a Venezuela de estar&nbsp;\u00abcontrolada por una organizaci\u00f3n criminal y&nbsp;<a href=\"https:\/\/esrt.space\/opinion\/ociel-ali-lopez\/537247-trump-politica-venezuela-sigue-incognita\" target=\"_blank\" rel=\"noreferrer noopener\">narcotraficante<\/a>\u00ab, tras criticar a la saliente&nbsp;administraci\u00f3n de Joe Biden por haber&nbsp;atenuado levemente&nbsp;las sanciones econ\u00f3micas.<\/p>\n\n\n\n<p>Aunque parece&nbsp;poco probable&nbsp;que EE.UU. avance de frente hacia el&nbsp;restablecimiento de las relaciones diplom\u00e1ticas con Venezuela, no se descarta&nbsp;un acercamiento&nbsp;de facto. \u00bfLa raz\u00f3n? Las licencias petroleras de empresas estadounidenses en territorio venezolano y el factor migratorio.<\/p>\n\n\n\n<p>En ese \u00faltimo punto,&nbsp;Trump ha apuntado que pretende reanudar los vuelos de repatriaci\u00f3n con Caracas, en su lucha contra la migraci\u00f3n irregular, por lo que se podr\u00eda imponer el pragmatismo.<\/p>\n\n\n\n<h3 class=\"wp-block-heading\">\u00bfY qu\u00e9 hay de Centroam\u00e9rica?<\/h3>\n\n\n\n<p>Con toda probabilidad,&nbsp;Am\u00e9rica Central se ver\u00e1 severamente afectada por las nuevas pol\u00edticas de la &#8216;era Trump&#8217;, ya que se espera el cierre de importantes programas que trataban de paliar las causas estructurales de la migraci\u00f3n en estos pa\u00edses.<\/p>\n\n\n\n<p>Adem\u00e1s, ha tomado relevancia el asunto de&nbsp;<a href=\"https:\/\/esrt.space\/actualidad\/536678-politico-mulino-considerar-acudir-onu-amenazas-trump\" target=\"_blank\" rel=\"noreferrer noopener\">canal de Panam\u00e1.<\/a>&nbsp;Trump quiere retomar su gesti\u00f3n, justo cuando se cumplen 25 a\u00f1os del paso de esa ruta a manos paname\u00f1as. En juego est\u00e1&nbsp;el control&nbsp;del canal por el que transita alrededor del 5 % del comercio mundial.<\/p>\n\n\n\n<h3 class=\"wp-block-heading\">Argentina con la mira puesta en el FMI<\/h3>\n\n\n\n<p>Milei es uno de los&nbsp;<a href=\"https:\/\/esrt.space\/actualidad\/537544-milei-llega-eeuu-investidura-trump\" target=\"_blank\" rel=\"noreferrer noopener\">invitados<\/a>&nbsp;ilustres a la toma de posesi\u00f3n de Trump este lunes, un gesto que&nbsp;refleja&nbsp;la buena sinton\u00eda que hay entre el republicano y el medi\u00e1tico presidente libertario.<\/p>\n\n\n\n<p>Sin embargo, sus intereses econ\u00f3micos pueden estar encontrados. As\u00ed, los aranceles anunciados por Trump podr\u00edan hacer un roto en el cotizado sector agropecuario argentino.<\/p>\n\n\n\n<p>Pese a ello, no se espera que Milei alce la voz contra Washington, ya que aspira a que la nueva administraci\u00f3n estadounidense le respalde en la nueva revisi\u00f3n pendiente con el&nbsp;<a href=\"https:\/\/esrt.space\/actualidad\/534451-fmi-confirma-comenzo-negociaciones-milei\" target=\"_blank\" rel=\"noreferrer noopener\">Fondo Monetario Internacional<\/a>&nbsp;(FMI), en la que pretende que se liberen nuevos recursos financieros.<\/p>\n\n\n\n<h3 class=\"wp-block-heading\">\u00bfFin de la apertura con Cuba?<\/h3>\n\n\n\n<p>La toma de posesi\u00f3n de esta jornada&nbsp;tambi\u00e9n pone en duda la continuidad de la t\u00edmida apertura que&nbsp;hubo hacia Cuba durante el&nbsp;mandato de Joe Biden, quien ampli\u00f3 los viajes autorizados y&nbsp;<a href=\"https:\/\/esrt.space\/video\/537057-decision-eeuu-cuba-motivo-felicidad\" target=\"_blank\" rel=\"noreferrer noopener\">sac\u00f3<\/a>&nbsp;a la isla de su listado unilateral de pa\u00edses \u00abpatrocinadores del terrorismo\u00bb. De hecho, La Habana entr\u00f3 al temido ranking durante la primera administraci\u00f3n&nbsp;de Trump.<\/p>\n\n\n\n<p>Se vislumbra que varios partidarios de la\u00a0<strong>l\u00ednea dura con Cuba<\/strong>\u00a0formar\u00e1n parte del nuevo Gobierno de EE.UU., como el propio Rubio, por lo que es de esperar un aumento de la presi\u00f3n que podr\u00eda agravar la crisis en la isla, sometida a m\u00e1s de medio siglo de bloqueo econ\u00f3mico y comercial por parte de EE.UU.<\/p>\n\n\n\n<p>Rt Noticias<\/p>\n\n\n\n<p><\/p>\n","protected":false},"excerpt":{"rendered":"<p>La subida de aranceles, las deportaciones masivas y las tensiones bilaterales con algunos de los pa\u00edses son parte del men\u00fa. El regreso de Donald Trump a la presidencia&nbsp;de EE.UU. deja a Am\u00e9rica Latina expectante ante&nbsp;el impacto que tendr\u00e1n en la regi\u00f3n las pol\u00edticas&nbsp;que ha prometido el&nbsp;republicano&nbsp;de cara a&nbsp;los pr\u00f3ximos cuatro a\u00f1os. El precedente de su <a class=\"read-more\" href=\"https:\/\/elmetropolitano.com.gt\/es\/que-le-espera-a-america-latina-en-el-umbral-de-la-segunda-era-trump\/\">Leer m\u00e1s<\/a><\/p>\n","protected":false},"author":1,"featured_media":95625,"comment_status":"open","ping_status":"closed","sticky":false,"template":"","format":"standard","meta":{"footnotes":""},"categories":[14],"tags":[15],"class_list":["post-95622","post","type-post","status-publish","format-standard","has-post-thumbnail","hentry","category-internacionales","tag-internacionales"],"_links":{"self":[{"href":"https:\/\/elmetropolitano.com.gt\/es\/wp-json\/wp\/v2\/posts\/95622","targetHints":{"allow":["GET"]}}],"collection":[{"href":"https:\/\/elmetropolitano.com.gt\/es\/wp-json\/wp\/v2\/posts"}],"about":[{"href":"https:\/\/elmetropolitano.com.gt\/es\/wp-json\/wp\/v2\/types\/post"}],"author":[{"embeddable":true,"href":"https:\/\/elmetropolitano.com.gt\/es\/wp-json\/wp\/v2\/users\/1"}],"replies":[{"embeddable":true,"href":"https:\/\/elmetropolitano.com.gt\/es\/wp-json\/wp\/v2\/comments?post=95622"}],"version-history":[{"count":1,"href":"https:\/\/elmetropolitano.com.gt\/es\/wp-json\/wp\/v2\/posts\/95622\/revisions"}],"predecessor-version":[{"id":95624,"href":"https:\/\/elmetropolitano.com.gt\/es\/wp-json\/wp\/v2\/posts\/95622\/revisions\/95624"}],"wp:featuredmedia":[{"embeddable":true,"href":"https:\/\/elmetropolitano.com.gt\/es\/wp-json\/wp\/v2\/media\/95625"}],"wp:attachment":[{"href":"https:\/\/elmetropolitano.com.gt\/es\/wp-json\/wp\/v2\/media?parent=95622"}],"wp:term":[{"taxonomy":"category","embeddable":true,"href":"https:\/\/elmetropolitano.com.gt\/es\/wp-json\/wp\/v2\/categories?post=95622"},{"taxonomy":"post_tag","embeddable":true,"href":"https:\/\/elmetropolitano.com.gt\/es\/wp-json\/wp\/v2\/tags?post=95622"}],"curies":[{"name":"wp","href":"https:\/\/api.w.org\/{rel}","templated":true}]}}