{"id":95639,"date":"2025-01-21T09:13:19","date_gmt":"2025-01-21T15:13:19","guid":{"rendered":"https:\/\/elmetropolitano.com.gt\/es\/?p=95639"},"modified":"2025-01-21T09:13:20","modified_gmt":"2025-01-21T15:13:20","slug":"trump-indulta-a-1-500-encausados-por-asalto-al-capitolio","status":"publish","type":"post","link":"https:\/\/elmetropolitano.com.gt\/es\/trump-indulta-a-1-500-encausados-por-asalto-al-capitolio\/","title":{"rendered":"Trump indulta a 1.500 encausados por asalto al capitolio"},"content":{"rendered":"\n<p>El presidente de Estados Unidos, Donald Trump, indult\u00f3 el lunes a los activistas afines a su partido que fueron encausados por el asalto al Capitolio en enero de 2021, en una de las primeras \u00f3rdenes ejecutivas que firm\u00f3 pocas horas despu\u00e9s de ser investido como mandatario.<\/p>\n\n\n\n<p><a><\/a>Trump firm\u00f3 el perd\u00f3n presidencial y la conmutaci\u00f3n de penas en el Despacho Oval de la Casa Blanca, donde subray\u00f3 que hay cerca de 1.500 personas beneficiadas por esta medida, a las que llam\u00f3 \u00abrehenes\u00bb. Adem\u00e1s de los indultos hay seis conmutaciones.<\/p><div class=\"elmet-contenido\" id=\"elmet-1156296766\"><div class=\"elmet-adlabel\">Anuncios<\/div><div style=\"margin-top: 20px;margin-right: 20px;margin-bottom: 20px;margin-left: 20px;\" id=\"elmet-4139321773\"><a href=\"https:\/\/www.facebook.com\/arrincuanantigua\/\" aria-label=\"cintillo-arrin-cual\"><img loading=\"lazy\" decoding=\"async\" src=\"https:\/\/elmetropolitano.com.gt\/es\/wp-content\/uploads\/2021\/11\/cintillo-arrin-cual-1.jpg\" alt=\"\"  srcset=\"https:\/\/elmetropolitano.com.gt\/es\/wp-content\/uploads\/2021\/11\/cintillo-arrin-cual-1.jpg 750w, https:\/\/elmetropolitano.com.gt\/es\/wp-content\/uploads\/2021\/11\/cintillo-arrin-cual-1-300x36.jpg 300w, https:\/\/elmetropolitano.com.gt\/es\/wp-content\/uploads\/2021\/11\/cintillo-arrin-cual-1-600x72.jpg 600w\" sizes=\"(max-width: 750px) 100vw, 750px\" width=\"750\" height=\"90\"   \/><\/a><\/div><\/div>\n\n\n\n<p>El 6 de enero de 2021, una turba de fan\u00e1ticos de Trump irrumpi\u00f3 en el Congreso de Estados Unidos para intentar evitar, sin \u00e9xito, la ratificaci\u00f3n de la victoria electoral del dem\u00f3crata Joe Biden en las presidenciales de noviembre de 2020.<\/p>\n\n\n\n<p>Trump fue imputado ante un tribunal federal del Distrito de Columbia acusado de haber incitado la insurrecci\u00f3n al denunciar falsamente un fraude electoral a sabiendas de que hab\u00eda perdido esos comicios.<\/p>\n\n\n\n<p>Pero el fiscal especial del caso, Jack Smith, cerr\u00f3 recientemente la acusaci\u00f3n, tras la victoria electoral de Trump de noviembre pasado, dado que el Departamento de Justicia tiene prohibido procesar a presidentes en ejercicio<\/p>\n\n\n\n<p><a href=\"https:\/\/www.facebook.com\/hashtag\/donaldtrump?__eep__=6&amp;__cft__[0]=AZVpvQleun1NONYJqcBCjCrCMt7QkTxX8Vkyt5JoFBEvhxtAs6VzcVA_a8RaktAPVtJ1IItR6F1vjukTZ37HZxw-tGURncFawg07DsOybcZbimHHKmG1iK3OzSUTFNrUXhaKqupAe4vw7whoujuZ0amwMgLH-Ix4oPr8eMI44pYw-YP_OBbD8h8MY-Xv2xxoQbk&amp;__tn__=*NK-R\">#DonaldTrump<\/a><a href=\"https:\/\/www.facebook.com\/hashtag\/metroredes?__eep__=6&amp;__cft__[0]=AZVpvQleun1NONYJqcBCjCrCMt7QkTxX8Vkyt5JoFBEvhxtAs6VzcVA_a8RaktAPVtJ1IItR6F1vjukTZ37HZxw-tGURncFawg07DsOybcZbimHHKmG1iK3OzSUTFNrUXhaKqupAe4vw7whoujuZ0amwMgLH-Ix4oPr8eMI44pYw-YP_OBbD8h8MY-Xv2xxoQbk&amp;__tn__=*NK-R\">#metroredes<\/a><\/p>\n\n\n\n<figure class=\"wp-block-gallery has-nested-images columns-default is-cropped wp-block-gallery-1 is-layout-flex wp-block-gallery-is-layout-flex\">\n<figure class=\"wp-block-image size-large\"><img loading=\"lazy\" decoding=\"async\" width=\"768\" height=\"1024\" data-id=\"95641\" src=\"https:\/\/elmetropolitano.com.gt\/es\/wp-content\/uploads\/2025\/01\/474079710_1126446312814784_6395385140214024113_n.jpg\" alt=\"\" class=\"wp-image-95641\" srcset=\"https:\/\/elmetropolitano.com.gt\/es\/wp-content\/uploads\/2025\/01\/474079710_1126446312814784_6395385140214024113_n.jpg 768w, https:\/\/elmetropolitano.com.gt\/es\/wp-content\/uploads\/2025\/01\/474079710_1126446312814784_6395385140214024113_n-225x300.jpg 225w\" sizes=\"auto, (max-width: 768px) 100vw, 768px\" \/><\/figure>\n<\/figure>\n","protected":false},"excerpt":{"rendered":"<p>El presidente de Estados Unidos, Donald Trump, indult\u00f3 el lunes a los activistas afines a su partido que fueron encausados por el asalto al Capitolio en enero de 2021, en una de las primeras \u00f3rdenes ejecutivas que firm\u00f3 pocas horas despu\u00e9s de ser investido como mandatario. Trump firm\u00f3 el perd\u00f3n presidencial y la conmutaci\u00f3n de <a class=\"read-more\" href=\"https:\/\/elmetropolitano.com.gt\/es\/trump-indulta-a-1-500-encausados-por-asalto-al-capitolio\/\">Leer m\u00e1s<\/a><\/p>\n","protected":false},"author":1,"featured_media":95640,"comment_status":"open","ping_status":"closed","sticky":false,"template":"","format":"standard","meta":{"footnotes":""},"categories":[14],"tags":[15],"class_list":["post-95639","post","type-post","status-publish","format-standard","has-post-thumbnail","hentry","category-internacionales","tag-internacionales"],"_links":{"self":[{"href":"https:\/\/elmetropolitano.com.gt\/es\/wp-json\/wp\/v2\/posts\/95639","targetHints":{"allow":["GET"]}}],"collection":[{"href":"https:\/\/elmetropolitano.com.gt\/es\/wp-json\/wp\/v2\/posts"}],"about":[{"href":"https:\/\/elmetropolitano.com.gt\/es\/wp-json\/wp\/v2\/types\/post"}],"author":[{"embeddable":true,"href":"https:\/\/elmetropolitano.com.gt\/es\/wp-json\/wp\/v2\/users\/1"}],"replies":[{"embeddable":true,"href":"https:\/\/elmetropolitano.com.gt\/es\/wp-json\/wp\/v2\/comments?post=95639"}],"version-history":[{"count":1,"href":"https:\/\/elmetropolitano.com.gt\/es\/wp-json\/wp\/v2\/posts\/95639\/revisions"}],"predecessor-version":[{"id":95642,"href":"https:\/\/elmetropolitano.com.gt\/es\/wp-json\/wp\/v2\/posts\/95639\/revisions\/95642"}],"wp:featuredmedia":[{"embeddable":true,"href":"https:\/\/elmetropolitano.com.gt\/es\/wp-json\/wp\/v2\/media\/95640"}],"wp:attachment":[{"href":"https:\/\/elmetropolitano.com.gt\/es\/wp-json\/wp\/v2\/media?parent=95639"}],"wp:term":[{"taxonomy":"category","embeddable":true,"href":"https:\/\/elmetropolitano.com.gt\/es\/wp-json\/wp\/v2\/categories?post=95639"},{"taxonomy":"post_tag","embeddable":true,"href":"https:\/\/elmetropolitano.com.gt\/es\/wp-json\/wp\/v2\/tags?post=95639"}],"curies":[{"name":"wp","href":"https:\/\/api.w.org\/{rel}","templated":true}]}}