{"id":95646,"date":"2025-01-21T09:16:28","date_gmt":"2025-01-21T15:16:28","guid":{"rendered":"https:\/\/elmetropolitano.com.gt\/es\/?p=95646"},"modified":"2025-01-21T09:16:28","modified_gmt":"2025-01-21T15:16:28","slug":"nueva-subestacion-policial-refuerza-seguridad-en-san-mateo-ixtatan","status":"publish","type":"post","link":"https:\/\/elmetropolitano.com.gt\/es\/nueva-subestacion-policial-refuerza-seguridad-en-san-mateo-ixtatan\/","title":{"rendered":"Nueva subestaci\u00f3n policial refuerza seguridad en San Mateo Ixtat\u00e1n"},"content":{"rendered":"\n<p>Para fortalecer la seguridad y fomentar la convivencia pac\u00edfica en San Mateo Ixtat\u00e1n, Huehuetenango, las autoridades inauguraron la nueva subestaci\u00f3n policial 43-7-2. Esta sede est\u00e1 dise\u00f1ada para ofrecer una respuesta m\u00e1s efectiva a las necesidades de seguridad de la poblaci\u00f3n en ese municipio.<\/p>\n\n\n\n<p>El <a><\/a>evento cont\u00f3 con la presencia de autoridades del Ministerio de Gobernaci\u00f3n (Mingob), entre ellos el ministro Francisco Jim\u00e9nez; la viceministra de Seguridad, Claudia Palencia; el viceministro administrativo, Felipe S\u00e1nchez, y el director general de la Polic\u00eda Nacional Civil (PNC), David Custodio Boteo.<\/p><div class=\"elmet-contenido\" id=\"elmet-2749097802\"><div class=\"elmet-adlabel\">Anuncios<\/div><div style=\"margin-top: 20px;margin-right: 20px;margin-bottom: 20px;margin-left: 20px;\" id=\"elmet-2980752425\"><a href=\"https:\/\/www.facebook.com\/arrincuanantigua\/\" aria-label=\"cintillo-arrin-cual\"><img loading=\"lazy\" decoding=\"async\" src=\"https:\/\/elmetropolitano.com.gt\/es\/wp-content\/uploads\/2021\/11\/cintillo-arrin-cual-1.jpg\" alt=\"\"  srcset=\"https:\/\/elmetropolitano.com.gt\/es\/wp-content\/uploads\/2021\/11\/cintillo-arrin-cual-1.jpg 750w, https:\/\/elmetropolitano.com.gt\/es\/wp-content\/uploads\/2021\/11\/cintillo-arrin-cual-1-300x36.jpg 300w, https:\/\/elmetropolitano.com.gt\/es\/wp-content\/uploads\/2021\/11\/cintillo-arrin-cual-1-600x72.jpg 600w\" sizes=\"(max-width: 750px) 100vw, 750px\" width=\"750\" height=\"90\"   \/><\/a><\/div><\/div>\n\n\n\n<p>Adem\u00e1s, participaron el jefe de Distrito Cuatro, Erick Osoy, y el comisario Eddy Fuentes, responsable de la Comisar\u00eda 43, quienes resaltaron el compromiso del Gobierno con el fortalecimiento de la seguridad en la regi\u00f3n.<\/p>\n\n\n\n<p>Ubicaci\u00f3n estrat\u00e9gica y recursos<\/p>\n\n\n\n<p>La subestaci\u00f3n est\u00e1 ubicada en la aldea Las Cruces, a 110 kil\u00f3metros de la cabecera departamental de Huehuetenango. Esta localizaci\u00f3n estrat\u00e9gica permitir\u00e1 una cobertura m\u00e1s amplia y eficaz en el \u00e1rea, que hist\u00f3ricamente ha enfrentado retos significativos en materia de seguridad.<\/p>\n\n\n\n<p>El recinto cuenta con instalaciones modernas y adecuadas para el personal policial, adem\u00e1s de recursos clave como autopatrullas y motocicletas. Estos elementos ser\u00e1n fundamentales para llevar a cabo patrullajes de manera eficiente y garantizar la seguridad de los habitantes.<\/p>\n\n\n\n<p>Uno de los principales compromisos del Mingob es garantizar condiciones dignas para los agentes policiales. Seg\u00fan las autoridades, contar con instalaciones y recursos adecuados no solo mejora el bienestar del personal, sino que tambi\u00e9n eleva la calidad del servicio brindado a la ciudadan\u00eda.<\/p>\n\n\n\n<p>Con esta nueva subestaci\u00f3n, se espera que las acciones de prevenci\u00f3n y combate del delito en San Mateo Ixtat\u00e1n se fortalezcan, promoviendo un ambiente m\u00e1s seguro y pac\u00edfico para todos los habitantes de la regi\u00f3n.<\/p>\n\n\n\n<p>Este esfuerzo representa un paso importante en el trabajo conjunto entre el Gobierno y las comunidades locales para construir un futuro m\u00e1s seguro en Huehuetenango.<\/p>\n\n\n\n<figure class=\"wp-block-gallery has-nested-images columns-default is-cropped wp-block-gallery-1 is-layout-flex wp-block-gallery-is-layout-flex\">\n<figure class=\"wp-block-image size-large\"><img loading=\"lazy\" decoding=\"async\" width=\"510\" height=\"680\" data-id=\"95648\" src=\"https:\/\/elmetropolitano.com.gt\/es\/wp-content\/uploads\/2025\/01\/474111936_1126457422813673_7829908474005502571_n.jpg\" alt=\"\" class=\"wp-image-95648\" srcset=\"https:\/\/elmetropolitano.com.gt\/es\/wp-content\/uploads\/2025\/01\/474111936_1126457422813673_7829908474005502571_n.jpg 510w, https:\/\/elmetropolitano.com.gt\/es\/wp-content\/uploads\/2025\/01\/474111936_1126457422813673_7829908474005502571_n-225x300.jpg 225w\" sizes=\"auto, (max-width: 510px) 100vw, 510px\" \/><\/figure>\n\n\n\n<figure class=\"wp-block-image size-large\"><img loading=\"lazy\" decoding=\"async\" width=\"1024\" height=\"553\" data-id=\"95655\" src=\"https:\/\/elmetropolitano.com.gt\/es\/wp-content\/uploads\/2025\/01\/474201923_1126457852813630_307661512834948255_n-1024x553.jpg\" alt=\"\" class=\"wp-image-95655\" srcset=\"https:\/\/elmetropolitano.com.gt\/es\/wp-content\/uploads\/2025\/01\/474201923_1126457852813630_307661512834948255_n-1024x553.jpg 1024w, https:\/\/elmetropolitano.com.gt\/es\/wp-content\/uploads\/2025\/01\/474201923_1126457852813630_307661512834948255_n-300x162.jpg 300w, https:\/\/elmetropolitano.com.gt\/es\/wp-content\/uploads\/2025\/01\/474201923_1126457852813630_307661512834948255_n-768x415.jpg 768w, https:\/\/elmetropolitano.com.gt\/es\/wp-content\/uploads\/2025\/01\/474201923_1126457852813630_307661512834948255_n.jpg 1127w\" sizes=\"auto, (max-width: 1024px) 100vw, 1024px\" \/><\/figure>\n\n\n\n<figure class=\"wp-block-image size-large\"><img loading=\"lazy\" decoding=\"async\" width=\"1024\" height=\"683\" data-id=\"95652\" src=\"https:\/\/elmetropolitano.com.gt\/es\/wp-content\/uploads\/2025\/01\/474354805_1126457912813624_709882874525633764_n-1024x683.jpg\" alt=\"\" class=\"wp-image-95652\" srcset=\"https:\/\/elmetropolitano.com.gt\/es\/wp-content\/uploads\/2025\/01\/474354805_1126457912813624_709882874525633764_n-1024x683.jpg 1024w, https:\/\/elmetropolitano.com.gt\/es\/wp-content\/uploads\/2025\/01\/474354805_1126457912813624_709882874525633764_n-300x200.jpg 300w, https:\/\/elmetropolitano.com.gt\/es\/wp-content\/uploads\/2025\/01\/474354805_1126457912813624_709882874525633764_n-768x512.jpg 768w, https:\/\/elmetropolitano.com.gt\/es\/wp-content\/uploads\/2025\/01\/474354805_1126457912813624_709882874525633764_n.jpg 1200w\" sizes=\"auto, (max-width: 1024px) 100vw, 1024px\" \/><\/figure>\n\n\n\n<figure class=\"wp-block-image size-large\"><img loading=\"lazy\" decoding=\"async\" width=\"1024\" height=\"512\" data-id=\"95654\" src=\"https:\/\/elmetropolitano.com.gt\/es\/wp-content\/uploads\/2025\/01\/474446132_1126457849480297_7144587277243821908_n-1024x512.jpg\" alt=\"\" class=\"wp-image-95654\" srcset=\"https:\/\/elmetropolitano.com.gt\/es\/wp-content\/uploads\/2025\/01\/474446132_1126457849480297_7144587277243821908_n-1024x512.jpg 1024w, https:\/\/elmetropolitano.com.gt\/es\/wp-content\/uploads\/2025\/01\/474446132_1126457849480297_7144587277243821908_n-300x150.jpg 300w, https:\/\/elmetropolitano.com.gt\/es\/wp-content\/uploads\/2025\/01\/474446132_1126457849480297_7144587277243821908_n-768x384.jpg 768w, https:\/\/elmetropolitano.com.gt\/es\/wp-content\/uploads\/2025\/01\/474446132_1126457849480297_7144587277243821908_n.jpg 1140w\" sizes=\"auto, (max-width: 1024px) 100vw, 1024px\" \/><\/figure>\n\n\n\n<figure class=\"wp-block-image size-large\"><img loading=\"lazy\" decoding=\"async\" width=\"1024\" height=\"683\" data-id=\"95653\" src=\"https:\/\/elmetropolitano.com.gt\/es\/wp-content\/uploads\/2025\/01\/474498585_1126457889480293_636971116910451837_n-1024x683.jpg\" alt=\"\" class=\"wp-image-95653\" srcset=\"https:\/\/elmetropolitano.com.gt\/es\/wp-content\/uploads\/2025\/01\/474498585_1126457889480293_636971116910451837_n-1024x683.jpg 1024w, https:\/\/elmetropolitano.com.gt\/es\/wp-content\/uploads\/2025\/01\/474498585_1126457889480293_636971116910451837_n-300x200.jpg 300w, https:\/\/elmetropolitano.com.gt\/es\/wp-content\/uploads\/2025\/01\/474498585_1126457889480293_636971116910451837_n-768x512.jpg 768w, https:\/\/elmetropolitano.com.gt\/es\/wp-content\/uploads\/2025\/01\/474498585_1126457889480293_636971116910451837_n.jpg 1200w\" sizes=\"auto, (max-width: 1024px) 100vw, 1024px\" \/><\/figure>\n\n\n\n<figure class=\"wp-block-image size-large\"><img loading=\"lazy\" decoding=\"async\" width=\"680\" height=\"510\" data-id=\"95650\" src=\"https:\/\/elmetropolitano.com.gt\/es\/wp-content\/uploads\/2025\/01\/474532000_1126457449480337_6369103816178353091_n.jpg\" alt=\"\" class=\"wp-image-95650\" srcset=\"https:\/\/elmetropolitano.com.gt\/es\/wp-content\/uploads\/2025\/01\/474532000_1126457449480337_6369103816178353091_n.jpg 680w, https:\/\/elmetropolitano.com.gt\/es\/wp-content\/uploads\/2025\/01\/474532000_1126457449480337_6369103816178353091_n-300x225.jpg 300w\" sizes=\"auto, (max-width: 680px) 100vw, 680px\" \/><\/figure>\n\n\n\n<figure class=\"wp-block-image size-large\"><img loading=\"lazy\" decoding=\"async\" width=\"1024\" height=\"683\" data-id=\"95649\" src=\"https:\/\/elmetropolitano.com.gt\/es\/wp-content\/uploads\/2025\/01\/474732700_1126457879480294_8053401538718743318_n-1024x683.jpg\" alt=\"\" class=\"wp-image-95649\" srcset=\"https:\/\/elmetropolitano.com.gt\/es\/wp-content\/uploads\/2025\/01\/474732700_1126457879480294_8053401538718743318_n-1024x683.jpg 1024w, https:\/\/elmetropolitano.com.gt\/es\/wp-content\/uploads\/2025\/01\/474732700_1126457879480294_8053401538718743318_n-300x200.jpg 300w, https:\/\/elmetropolitano.com.gt\/es\/wp-content\/uploads\/2025\/01\/474732700_1126457879480294_8053401538718743318_n-768x512.jpg 768w, https:\/\/elmetropolitano.com.gt\/es\/wp-content\/uploads\/2025\/01\/474732700_1126457879480294_8053401538718743318_n.jpg 1200w\" sizes=\"auto, (max-width: 1024px) 100vw, 1024px\" \/><\/figure>\n<\/figure>\n","protected":false},"excerpt":{"rendered":"<p>Para fortalecer la seguridad y fomentar la convivencia pac\u00edfica en San Mateo Ixtat\u00e1n, Huehuetenango, las autoridades inauguraron la nueva subestaci\u00f3n policial 43-7-2. Esta sede est\u00e1 dise\u00f1ada para ofrecer una respuesta m\u00e1s efectiva a las necesidades de seguridad de la poblaci\u00f3n en ese municipio. El evento cont\u00f3 con la presencia de autoridades del Ministerio de Gobernaci\u00f3n <a class=\"read-more\" href=\"https:\/\/elmetropolitano.com.gt\/es\/nueva-subestacion-policial-refuerza-seguridad-en-san-mateo-ixtatan\/\">Leer m\u00e1s<\/a><\/p>\n","protected":false},"author":1,"featured_media":95647,"comment_status":"open","ping_status":"closed","sticky":false,"template":"","format":"standard","meta":{"footnotes":""},"categories":[4],"tags":[13],"class_list":["post-95646","post","type-post","status-publish","format-standard","has-post-thumbnail","hentry","category-departamentales","tag-departamentales"],"_links":{"self":[{"href":"https:\/\/elmetropolitano.com.gt\/es\/wp-json\/wp\/v2\/posts\/95646","targetHints":{"allow":["GET"]}}],"collection":[{"href":"https:\/\/elmetropolitano.com.gt\/es\/wp-json\/wp\/v2\/posts"}],"about":[{"href":"https:\/\/elmetropolitano.com.gt\/es\/wp-json\/wp\/v2\/types\/post"}],"author":[{"embeddable":true,"href":"https:\/\/elmetropolitano.com.gt\/es\/wp-json\/wp\/v2\/users\/1"}],"replies":[{"embeddable":true,"href":"https:\/\/elmetropolitano.com.gt\/es\/wp-json\/wp\/v2\/comments?post=95646"}],"version-history":[{"count":1,"href":"https:\/\/elmetropolitano.com.gt\/es\/wp-json\/wp\/v2\/posts\/95646\/revisions"}],"predecessor-version":[{"id":95656,"href":"https:\/\/elmetropolitano.com.gt\/es\/wp-json\/wp\/v2\/posts\/95646\/revisions\/95656"}],"wp:featuredmedia":[{"embeddable":true,"href":"https:\/\/elmetropolitano.com.gt\/es\/wp-json\/wp\/v2\/media\/95647"}],"wp:attachment":[{"href":"https:\/\/elmetropolitano.com.gt\/es\/wp-json\/wp\/v2\/media?parent=95646"}],"wp:term":[{"taxonomy":"category","embeddable":true,"href":"https:\/\/elmetropolitano.com.gt\/es\/wp-json\/wp\/v2\/categories?post=95646"},{"taxonomy":"post_tag","embeddable":true,"href":"https:\/\/elmetropolitano.com.gt\/es\/wp-json\/wp\/v2\/tags?post=95646"}],"curies":[{"name":"wp","href":"https:\/\/api.w.org\/{rel}","templated":true}]}}