{"id":95859,"date":"2025-01-23T12:31:05","date_gmt":"2025-01-23T18:31:05","guid":{"rendered":"https:\/\/elmetropolitano.com.gt\/es\/?p=95859"},"modified":"2025-01-23T12:31:05","modified_gmt":"2025-01-23T18:31:05","slug":"el-fenomeno-meteorologico-que-amenaza-a-latinoamerica-ya-tiene-fecha","status":"publish","type":"post","link":"https:\/\/elmetropolitano.com.gt\/es\/el-fenomeno-meteorologico-que-amenaza-a-latinoamerica-ya-tiene-fecha\/","title":{"rendered":"El fen\u00f3meno meteorol\u00f3gico que amenaza a Latinoam\u00e9rica ya tiene fecha"},"content":{"rendered":"\n<p>El fen\u00f3meno &#8216;La Ni\u00f1a&#8217; ya lleg\u00f3 y su impacto se extender\u00e1 hasta la entrada de abril de este a\u00f1o, por lo que se prev\u00e9 que la regi\u00f3n de Am\u00e9rica del Sur&nbsp;<strong>ser\u00e1 afectada con escasez de&nbsp;lluvias<\/strong>.<\/p>\n\n\n\n<p>Este fen\u00f3meno, que se caracteriza por temperaturas oce\u00e1nicas m\u00e1s fr\u00edas de lo habitual en el Pac\u00edfico ecuatorial central y oriental, est\u00e1 relacionado con inundaciones devastadoras, sequ\u00edas abrasadoras y huracanes en el Caribe.<\/p><div class=\"elmet-contenido\" id=\"elmet-836978050\"><div class=\"elmet-adlabel\">Anuncios<\/div><div style=\"margin-top: 20px;margin-right: 20px;margin-bottom: 20px;margin-left: 20px;\" id=\"elmet-4232861580\"><a href=\"https:\/\/www.facebook.com\/arrincuanantigua\/\" aria-label=\"cintillo-arrin-cual\"><img loading=\"lazy\" decoding=\"async\" src=\"https:\/\/elmetropolitano.com.gt\/es\/wp-content\/uploads\/2021\/11\/cintillo-arrin-cual-1.jpg\" alt=\"\"  srcset=\"https:\/\/elmetropolitano.com.gt\/es\/wp-content\/uploads\/2021\/11\/cintillo-arrin-cual-1.jpg 750w, https:\/\/elmetropolitano.com.gt\/es\/wp-content\/uploads\/2021\/11\/cintillo-arrin-cual-1-300x36.jpg 300w, https:\/\/elmetropolitano.com.gt\/es\/wp-content\/uploads\/2021\/11\/cintillo-arrin-cual-1-600x72.jpg 600w\" sizes=\"(max-width: 750px) 100vw, 750px\" width=\"750\" height=\"90\"   \/><\/a><\/div><\/div>\n\n\n\n<p>El Centro de Predicciones Clim\u00e1ticas (CPC) del Servicio Nacional de Meteorolog\u00eda de EE.UU. indic\u00f3, en un reciente&nbsp;<a href=\"https:\/\/www.cpc.ncep.noaa.gov\/products\/analysis_monitoring\/enso_advisory\/ensodisc_Sp.shtml\" target=\"_blank\" rel=\"noreferrer noopener\">informe<\/a>, que las condiciones de La Ni\u00f1a han surgido en diciembre&nbsp;pasado; sin embargo, menciona que&nbsp;se espera que&nbsp;<strong>persistan hasta febrero-abril 2025<\/strong>, con un 59 % de probabilidad.<\/p>\n\n\n\n<p>Adem\u00e1s, de acuerdo con la entidad, una transici\u00f3n a ENSO-neutral, un ciclo entre los patrones clim\u00e1ticos de&nbsp;El Ni\u00f1o&nbsp;y&nbsp;La Ni\u00f1a, es probable, en un 60 %, durante marzo-mayo de 2025.<\/p>\n\n\n\n<h3 class=\"wp-block-heading\">En la regi\u00f3n<\/h3>\n\n\n\n<p>Por su parte, la agencia de meteorolog\u00eda MetSul, de Brasil,&nbsp;<a href=\"https:\/\/metsul.com\/metsul-la-nina-esta-de-volta-e-anuncio-da-noaa-e-iminente\/\" target=\"_blank\" rel=\"noreferrer noopener\">inform\u00f3<\/a>&nbsp;hace varias semanas que el evento \u00abno se prolongar\u00e1\u00bb. A diferencia del&nbsp;fen\u00f3meno de 2020 a 2023, que fue at\u00edpicamente largo, \u00abeste deber\u00eda ser muy corto y d\u00e9bil, con una duraci\u00f3n de tres a cinco meses\u00bb, dice la entidad.<\/p>\n\n\n\n<p>En&nbsp;<strong>Brasil<\/strong>, seg\u00fan el MetSul, los efectos se sentir\u00edan \u00abcon una reducci\u00f3n de las lluvias y d\u00e9ficit de precipitaciones en zonas del sur\u00bb del pa\u00eds y \u00abun aumento de las lluvias en la Regi\u00f3n Nordeste\u00bb.<\/p>\n\n\n\n<p>La agencia indica que el d\u00e9ficit de precipitaciones en el sur del gigante suramericano \u00abpodr\u00eda afectar la agricultura de varios municipios con p\u00e9rdida de productividad\u00bb.<\/p>\n\n\n\n<p>Entretanto, en&nbsp;<strong>Uruguay<\/strong>, el meteor\u00f3logo Jos\u00e9 Serra&nbsp;dijo, en entrevista con&nbsp;<a href=\"https:\/\/www.telenoche.com.uy\/nacionales\/jose-serra-el-pais-se-encuentra-una-situacion-muy-comprometida-la-falta-lluvias-n5379164\" target=\"_blank\" rel=\"noreferrer noopener\">Telenoche<\/a>, que existe un 60 % de probabilidad de el fen\u00f3meno La Ni\u00f1a<strong>&nbsp;agrave la situaci\u00f3n del agro y de la generaci\u00f3n hidroel\u00e9ctrica<\/strong>; adem\u00e1s de persistir un alto riesgo de incendios forestales.<\/p>\n\n\n\n<p>\u00abEspero que me equivoque y que en la segunda quincena tengamos un episodio de precipitaciones, pero tenemos una evaporaci\u00f3n muy alta\u00bb y no llueve, coment\u00f3.<\/p>\n\n\n\n<p>En&nbsp;<strong>Colombia<\/strong>, por su parte,&nbsp;el Instituto de Hidrolog\u00eda, Meteorolog\u00eda y Estudios Ambientales (Ideam) emiti\u00f3 un comunicado, el pasado 10 de enero, en el que indic\u00f3 que \u00ablas caracter\u00edsticas oce\u00e1nicas y atmosf\u00e9ricas asociadas a las condiciones La Ni\u00f1a han estado presentes durante las \u00faltimas semanas\u00bb.<\/p>\n\n\n\n<p>\u00abPara el mes de febrero de 2025, precipitaciones por encima de lo normal es lo probable en algunas zonas de las regiones Caribe, Andina y Pac\u00edfica, lo que es consistente con las condiciones La Ni\u00f1a esperadas para este mes\u00bb, indic\u00f3 la instituci\u00f3n.<\/p>\n\n\n\n<p>Mientras, en&nbsp;<strong>Per\u00fa<\/strong>, se esperan&nbsp;lluvias abundantes en la sierra&nbsp;y un preocupante&nbsp;d\u00e9ficit h\u00eddrico en la costa, recoge&nbsp;<a href=\"https:\/\/peru21.pe\/peru\/cual-sera-el-efecto-de-la-nina-en-la-costa-norte-y-sierra\/\" target=\"_blank\" rel=\"noreferrer noopener\">Per\u00fa 21<\/a>, que cita a Jorge Carranza, jefe de la oficina del Servicio Nacional de Meteorolog\u00eda e Hidrolog\u00eda (Senamhi) en Piura.<\/p>\n\n\n\n<p>Asimismo, en\u00a0<strong>Ecuador<\/strong>, de acuerdo con el Comit\u00e9 Nacional para el Estudio Regional del Fen\u00f3meno de El Ni\u00f1o (Erfen), citado por\u00a0<a href=\"https:\/\/www.elcomercio.com\/actualidad\/ecuador\/comite-erfen-se-refirio-a-la-nina-y-las-lluvias-en-ecuador.html\" target=\"_blank\" rel=\"noreferrer noopener\">El Comercio<\/a>,\u00a0el fen\u00f3meno de<strong>\u00a0<\/strong>La Ni\u00f1a\u00a0se mantendr\u00e1 en\u00a0el pa\u00eds\u00a0durante el primer trimestre de 2025, con probabilidad del 83 %.<\/p>\n\n\n\n<p>Rt Noticias<\/p>\n\n\n\n<p>Foto Matilde Campodonico\u00a0\/ AP<\/p>\n\n\n\n<p><\/p>\n","protected":false},"excerpt":{"rendered":"<p>El fen\u00f3meno &#8216;La Ni\u00f1a&#8217; ya lleg\u00f3 y su impacto se extender\u00e1 hasta la entrada de abril de este a\u00f1o, por lo que se prev\u00e9 que la regi\u00f3n de Am\u00e9rica del Sur&nbsp;ser\u00e1 afectada con escasez de&nbsp;lluvias. Este fen\u00f3meno, que se caracteriza por temperaturas oce\u00e1nicas m\u00e1s fr\u00edas de lo habitual en el Pac\u00edfico ecuatorial central y oriental, <a class=\"read-more\" href=\"https:\/\/elmetropolitano.com.gt\/es\/el-fenomeno-meteorologico-que-amenaza-a-latinoamerica-ya-tiene-fecha\/\">Leer m\u00e1s<\/a><\/p>\n","protected":false},"author":1,"featured_media":95860,"comment_status":"open","ping_status":"closed","sticky":false,"template":"","format":"standard","meta":{"footnotes":""},"categories":[14],"tags":[15],"class_list":["post-95859","post","type-post","status-publish","format-standard","has-post-thumbnail","hentry","category-internacionales","tag-internacionales"],"_links":{"self":[{"href":"https:\/\/elmetropolitano.com.gt\/es\/wp-json\/wp\/v2\/posts\/95859","targetHints":{"allow":["GET"]}}],"collection":[{"href":"https:\/\/elmetropolitano.com.gt\/es\/wp-json\/wp\/v2\/posts"}],"about":[{"href":"https:\/\/elmetropolitano.com.gt\/es\/wp-json\/wp\/v2\/types\/post"}],"author":[{"embeddable":true,"href":"https:\/\/elmetropolitano.com.gt\/es\/wp-json\/wp\/v2\/users\/1"}],"replies":[{"embeddable":true,"href":"https:\/\/elmetropolitano.com.gt\/es\/wp-json\/wp\/v2\/comments?post=95859"}],"version-history":[{"count":1,"href":"https:\/\/elmetropolitano.com.gt\/es\/wp-json\/wp\/v2\/posts\/95859\/revisions"}],"predecessor-version":[{"id":95861,"href":"https:\/\/elmetropolitano.com.gt\/es\/wp-json\/wp\/v2\/posts\/95859\/revisions\/95861"}],"wp:featuredmedia":[{"embeddable":true,"href":"https:\/\/elmetropolitano.com.gt\/es\/wp-json\/wp\/v2\/media\/95860"}],"wp:attachment":[{"href":"https:\/\/elmetropolitano.com.gt\/es\/wp-json\/wp\/v2\/media?parent=95859"}],"wp:term":[{"taxonomy":"category","embeddable":true,"href":"https:\/\/elmetropolitano.com.gt\/es\/wp-json\/wp\/v2\/categories?post=95859"},{"taxonomy":"post_tag","embeddable":true,"href":"https:\/\/elmetropolitano.com.gt\/es\/wp-json\/wp\/v2\/tags?post=95859"}],"curies":[{"name":"wp","href":"https:\/\/api.w.org\/{rel}","templated":true}]}}