{"id":96016,"date":"2025-01-25T15:25:49","date_gmt":"2025-01-25T21:25:49","guid":{"rendered":"https:\/\/elmetropolitano.com.gt\/es\/?p=96016"},"modified":"2025-01-25T15:25:50","modified_gmt":"2025-01-25T21:25:50","slug":"aviones-militares-de-ee-uu-deportaran-a-inmigrantes-todos-los-dias","status":"publish","type":"post","link":"https:\/\/elmetropolitano.com.gt\/es\/aviones-militares-de-ee-uu-deportaran-a-inmigrantes-todos-los-dias\/","title":{"rendered":"Aviones militares de EE.UU. deportar\u00e1n a inmigrantes todos los d\u00edas"},"content":{"rendered":"\n<p>Los agentes de Inmigraci\u00f3n y Control de Aduanas de EE.UU. tienen permiso para arrestar a cualquiera de los m\u00e1s de 11 millones de inmigrantes ilegales que se estima que viven en el pa\u00eds.<\/p>\n\n\n\n<p>Estados Unidos planea deportar a inmigrantes ilegales en aviones militares todos los d\u00edas, comunic\u00f3 esta semana Tom Homan, el llamado &#8216;zar de la frontera&#8217; de la Casa Blanca y encargado de las deportaciones masivas.<\/p><div class=\"elmet-contenido\" id=\"elmet-2145285678\"><div class=\"elmet-adlabel\">Anuncios<\/div><div style=\"margin-top: 20px;margin-right: 20px;margin-bottom: 20px;margin-left: 20px;\" id=\"elmet-4123733037\"><a href=\"https:\/\/www.facebook.com\/arrincuanantigua\/\" aria-label=\"cintillo-arrin-cual\"><img loading=\"lazy\" decoding=\"async\" src=\"https:\/\/elmetropolitano.com.gt\/es\/wp-content\/uploads\/2021\/11\/cintillo-arrin-cual-1.jpg\" alt=\"\"  srcset=\"https:\/\/elmetropolitano.com.gt\/es\/wp-content\/uploads\/2021\/11\/cintillo-arrin-cual-1.jpg 750w, https:\/\/elmetropolitano.com.gt\/es\/wp-content\/uploads\/2021\/11\/cintillo-arrin-cual-1-300x36.jpg 300w, https:\/\/elmetropolitano.com.gt\/es\/wp-content\/uploads\/2021\/11\/cintillo-arrin-cual-1-600x72.jpg 600w\" sizes=\"(max-width: 750px) 100vw, 750px\" width=\"750\" height=\"90\"   \/><\/a><\/div><\/div>\n\n\n\n<p>Durante una entrevista concedida a ABC News, Homan indic\u00f3 que, tras la investidura de Donald Trump, el Gobierno de EE.UU. utiliz\u00f3 por primera vez aviones militares para transportar a inmigrantes de regreso a su pa\u00eds de origen, y que ahora eso suceder\u00e1 diariamente.<\/p>\n\n\n\n<p>Asimismo, afirm\u00f3 que los agentes de Inmigraci\u00f3n y Control de Aduanas de EE.UU. tienen permiso para arrestar a cualquiera de los m\u00e1s de 11 millones de inmigrantes ilegales que se estima que viven en el pa\u00eds, y no solo a aquellos que podr\u00edan representar una amenaza para la seguridad p\u00fablica.<\/p>\n\n\n\n<p>\u00abSi usted est\u00e1 en el pa\u00eds ilegalmente est\u00e1 en la mira, porque no est\u00e1 bien violar las leyes de este pa\u00eds. Tiene que recordar que cada vez que entra en este pa\u00eds ilegalmente comete un delito\u00bb, asever\u00f3.<\/p>\n\n\n\n<p>En este contexto, indic\u00f3 que \u00abaquellos que est\u00e1n en el pa\u00eds ilegalmente\u00bb deber\u00edan \u00abmarcharse por su cuenta\u00bb si no quieren ser deportados por la fuerza.<\/p>\n\n\n\n<p>Rt Noticias<\/p>\n\n\n\n<p>#deportados<\/p>\n","protected":false},"excerpt":{"rendered":"<p>Los agentes de Inmigraci\u00f3n y Control de Aduanas de EE.UU. tienen permiso para arrestar a cualquiera de los m\u00e1s de 11 millones de inmigrantes ilegales que se estima que viven en el pa\u00eds. Estados Unidos planea deportar a inmigrantes ilegales en aviones militares todos los d\u00edas, comunic\u00f3 esta semana Tom Homan, el llamado &#8216;zar de <a class=\"read-more\" href=\"https:\/\/elmetropolitano.com.gt\/es\/aviones-militares-de-ee-uu-deportaran-a-inmigrantes-todos-los-dias\/\">Leer m\u00e1s<\/a><\/p>\n","protected":false},"author":1,"featured_media":96017,"comment_status":"open","ping_status":"closed","sticky":false,"template":"","format":"standard","meta":{"footnotes":""},"categories":[14],"tags":[15],"class_list":["post-96016","post","type-post","status-publish","format-standard","has-post-thumbnail","hentry","category-internacionales","tag-internacionales"],"_links":{"self":[{"href":"https:\/\/elmetropolitano.com.gt\/es\/wp-json\/wp\/v2\/posts\/96016","targetHints":{"allow":["GET"]}}],"collection":[{"href":"https:\/\/elmetropolitano.com.gt\/es\/wp-json\/wp\/v2\/posts"}],"about":[{"href":"https:\/\/elmetropolitano.com.gt\/es\/wp-json\/wp\/v2\/types\/post"}],"author":[{"embeddable":true,"href":"https:\/\/elmetropolitano.com.gt\/es\/wp-json\/wp\/v2\/users\/1"}],"replies":[{"embeddable":true,"href":"https:\/\/elmetropolitano.com.gt\/es\/wp-json\/wp\/v2\/comments?post=96016"}],"version-history":[{"count":1,"href":"https:\/\/elmetropolitano.com.gt\/es\/wp-json\/wp\/v2\/posts\/96016\/revisions"}],"predecessor-version":[{"id":96018,"href":"https:\/\/elmetropolitano.com.gt\/es\/wp-json\/wp\/v2\/posts\/96016\/revisions\/96018"}],"wp:featuredmedia":[{"embeddable":true,"href":"https:\/\/elmetropolitano.com.gt\/es\/wp-json\/wp\/v2\/media\/96017"}],"wp:attachment":[{"href":"https:\/\/elmetropolitano.com.gt\/es\/wp-json\/wp\/v2\/media?parent=96016"}],"wp:term":[{"taxonomy":"category","embeddable":true,"href":"https:\/\/elmetropolitano.com.gt\/es\/wp-json\/wp\/v2\/categories?post=96016"},{"taxonomy":"post_tag","embeddable":true,"href":"https:\/\/elmetropolitano.com.gt\/es\/wp-json\/wp\/v2\/tags?post=96016"}],"curies":[{"name":"wp","href":"https:\/\/api.w.org\/{rel}","templated":true}]}}