{"id":96019,"date":"2025-01-25T15:32:48","date_gmt":"2025-01-25T21:32:48","guid":{"rendered":"https:\/\/elmetropolitano.com.gt\/es\/?p=96019"},"modified":"2025-01-25T15:32:49","modified_gmt":"2025-01-25T21:32:49","slug":"trump-quita-proteccion-a-migrantes-en-refugios-y-permite-arrestos-en-iglesias-escuelas-y-albergues","status":"publish","type":"post","link":"https:\/\/elmetropolitano.com.gt\/es\/trump-quita-proteccion-a-migrantes-en-refugios-y-permite-arrestos-en-iglesias-escuelas-y-albergues\/","title":{"rendered":"Trump quita protecci\u00f3n a migrantes en refugios y permite arrestos en iglesias, escuelas y albergues"},"content":{"rendered":"\n<p>El llamado &#8216;zar de la frontera&#8217; de la Casa Blanca, Tom Homan, advirti\u00f3 que los agentes antiinmigraci\u00f3n ya est\u00e1n \u00abafuera\u00bb y \u00abhaciendo cumplir la ley\u00bb.<\/p>\n\n\n\n<p>La nueva administraci\u00f3n de Donald Trump elimin\u00f3 toda protecci\u00f3n para los migrantes irregulares que en EE.UU. se encuentren refugiados en iglesias, albergues, escuelas y otros lugares, para as\u00ed ampliar \u00abla aplicaci\u00f3n de la ley\u00bb antiinmigratoria y poder efectuar arrestos y deportarlos hacia sus pa\u00edses de origen.<\/p><div class=\"elmet-contenido\" id=\"elmet-2269273669\"><div class=\"elmet-adlabel\">Anuncios<\/div><div style=\"margin-top: 20px;margin-right: 20px;margin-bottom: 20px;margin-left: 20px;\" id=\"elmet-2024443496\"><a href=\"https:\/\/www.facebook.com\/arrincuanantigua\/\" aria-label=\"cintillo-arrin-cual\"><img loading=\"lazy\" decoding=\"async\" src=\"https:\/\/elmetropolitano.com.gt\/es\/wp-content\/uploads\/2021\/11\/cintillo-arrin-cual-1.jpg\" alt=\"\"  srcset=\"https:\/\/elmetropolitano.com.gt\/es\/wp-content\/uploads\/2021\/11\/cintillo-arrin-cual-1.jpg 750w, https:\/\/elmetropolitano.com.gt\/es\/wp-content\/uploads\/2021\/11\/cintillo-arrin-cual-1-300x36.jpg 300w, https:\/\/elmetropolitano.com.gt\/es\/wp-content\/uploads\/2021\/11\/cintillo-arrin-cual-1-600x72.jpg 600w\" sizes=\"(max-width: 750px) 100vw, 750px\" width=\"750\" height=\"90\"   \/><\/a><\/div><\/div>\n\n\n\n<p>El secretario interino del Departamento de Seguridad Nacional de EE.UU., Benjamine Huffman, anunci\u00f3 en un comunicado el fin de las pol\u00edticas de la administraci\u00f3n de Joe Biden, que a su parecer frustraban la aplicaci\u00f3n de la ley por parte del Servicio de Inmigraci\u00f3n y Control de Aduanas (ICE) y la Oficina de Aduanas y Protecci\u00f3n Fronteriza (CBP) en las llamadas \u00e1reas \u00absensibles\u00bb o cercanas a ellas, como por ejemplo los albergues fronterizos.<\/p>\n\n\n\n<p>Seg\u00fan el texto, Huffman emiti\u00f3 \u00abdos directivas esenciales para poner fin a la invasi\u00f3n de la frontera sur de los EE.UU. y empoderar a las fuerzas del orden para proteger a los estadounidenses\u00bb. La primera es la mencionada eliminaci\u00f3n de las zonas bajo protecci\u00f3n y la segunda \u00abpone fin al amplio abuso\u00bb del llamado &#8216;parole&#8217; humanitario, que permit\u00eda a los migrantes mantenerse en ese pa\u00eds bajo \u00ablibertad condicional humanitaria\u00bb.<\/p>\n\n\n\n<p>\u00abEsta acci\u00f3n empodera a los valientes hombres y mujeres de la CBP y el ICE para hacer cumplir nuestras leyes de inmigraci\u00f3n y atrapar a los extranjeros criminales, incluyendo asesinos y violadores, que han ingresado ilegalmente a nuestro pa\u00eds. Los criminales ya no podr\u00e1n esconderse en las escuelas e iglesias de EE.UU. para evitar ser arrestados. La administraci\u00f3n Trump no les atar\u00e1 las manos a nuestras valientes fuerzas del orden y, en cambio, conf\u00eda en que utilicen el sentido com\u00fan\u00bb, dijo Huffman.<\/p>\n\n\n\n<p>El vocero critic\u00f3 a la administraci\u00f3n Biden por abusar del &#8216;parole&#8217; humanitario, ya que a trav\u00e9s de ese programa se permiti\u00f3 \u00abindiscriminadamente que 1,5 millones de inmigrantes\u00bb ingresaran al pa\u00eds. \u00abTodo esto se detuvo el primer d\u00eda de la administraci\u00f3n Trump\u00bb, se\u00f1al\u00f3 Huffman, y agreg\u00f3 que ahora el &#8216;parole&#8217; retornar\u00e1 a \u00absu prop\u00f3sito original de analizar a los migrantes caso por caso\u00bb.<\/p>\n\n\n\n<p>En otro comunicado, el Departamento de Seguridad inform\u00f3 sobre el restablecimiento y reanudaci\u00f3n de la Pol\u00edtica de Protecci\u00f3n Fronteriza de 2019, que permite a los funcionarios a cargo devolver a los migrantes a los pa\u00edses vecinos mientras se completan los procedimientos de deportaci\u00f3n.<\/p>\n\n\n\n<p>Kenneth Genalo, director de la oficina de campo del Servicio de Inmigraci\u00f3n y Control de Aduanas de EE.UU., sostiene una hoja informativa durante una operaci\u00f3n en el barrio neoyorquino del Bronx, el 17 de diciembre de 2024.<\/p>\n\n\n\n<p>\u00abEl ICE no har\u00e1 la vista gorda\u00bb<\/p>\n\n\n\n<p>Por su parte, el llamado &#8216;zar de la frontera&#8217; de la Casa Blanca, Tom Homan, quien fue designado por Trump especialmente para aplicar la ley antiinmigratoria, coment\u00f3 en una entrevista con CNN que desde este mismo martes el plan de deportaciones se encuentra activo.<\/p>\n\n\n\n<p>Homan advirti\u00f3 que los agentes ya est\u00e1n \u00abafuera\u00bb y \u00abhaciendo cumplir la ley\u00bb a trav\u00e9s de operaciones selectivas y redadas en todo el pa\u00eds. Adem\u00e1s, adelant\u00f3 que los funcionarios no tendr\u00e1n compasi\u00f3n con inmigrantes que hayan entrado a EE.UU. de forma ilegal y tampoco con aquellos que permanecen como irregulares en el pa\u00eds, as\u00ed no tengan antecedentes penales.<\/p>\n\n\n\n<p>\u00abLas personas que no tengan antecedentes penales pero que est\u00e9n en el pa\u00eds ilegalmente, tambi\u00e9n ser\u00e1n arrestadas\u00bb, expres\u00f3 Homan sobre el mandato que tienen los agentes. \u00abEl ICE no har\u00e1 la vista gorda\u00bb, dijo.<\/p>\n\n\n\n<p>El zar antiinmigrante de Trump tambi\u00e9n dijo que aunque se concentran en \u00ablas amenazas a la seguridad p\u00fablica\u00bb, como ser\u00edan los \u00abcriminales\u00bb que habr\u00edan entrado al pa\u00eds durante la administraci\u00f3n Biden, no dejar\u00e1n de revisar los sitios donde se encuentran personas en condici\u00f3n de refugiados.<\/p>\n\n\n\n<p>Homan asegur\u00f3 que el Gobierno de Trump cuenta adem\u00e1s con el apoyo del \u00abpueblo estadounidense\u00bb, que est\u00e1 a favor de \u00abla deportaci\u00f3n de inmigrantes criminales\u00bb. Por tal motivo, proceder\u00e1n a hacerlas desde cualquier lugar y sin importar el costo que tenga que pagar el Ejecutivo para concretar esta pol\u00edtica de deportaciones masivas.<\/p>\n\n\n\n<p>Rt Noticias<\/p>\n\n\n\n<p>Foto Rebecca Blackwell<\/p>\n\n\n\n<p>#deportados<\/p>\n","protected":false},"excerpt":{"rendered":"<p>El llamado &#8216;zar de la frontera&#8217; de la Casa Blanca, Tom Homan, advirti\u00f3 que los agentes antiinmigraci\u00f3n ya est\u00e1n \u00abafuera\u00bb y \u00abhaciendo cumplir la ley\u00bb. La nueva administraci\u00f3n de Donald Trump elimin\u00f3 toda protecci\u00f3n para los migrantes irregulares que en EE.UU. se encuentren refugiados en iglesias, albergues, escuelas y otros lugares, para as\u00ed ampliar \u00abla <a class=\"read-more\" href=\"https:\/\/elmetropolitano.com.gt\/es\/trump-quita-proteccion-a-migrantes-en-refugios-y-permite-arrestos-en-iglesias-escuelas-y-albergues\/\">Leer m\u00e1s<\/a><\/p>\n","protected":false},"author":1,"featured_media":96020,"comment_status":"open","ping_status":"closed","sticky":false,"template":"","format":"standard","meta":{"footnotes":""},"categories":[14],"tags":[15],"class_list":["post-96019","post","type-post","status-publish","format-standard","has-post-thumbnail","hentry","category-internacionales","tag-internacionales"],"_links":{"self":[{"href":"https:\/\/elmetropolitano.com.gt\/es\/wp-json\/wp\/v2\/posts\/96019","targetHints":{"allow":["GET"]}}],"collection":[{"href":"https:\/\/elmetropolitano.com.gt\/es\/wp-json\/wp\/v2\/posts"}],"about":[{"href":"https:\/\/elmetropolitano.com.gt\/es\/wp-json\/wp\/v2\/types\/post"}],"author":[{"embeddable":true,"href":"https:\/\/elmetropolitano.com.gt\/es\/wp-json\/wp\/v2\/users\/1"}],"replies":[{"embeddable":true,"href":"https:\/\/elmetropolitano.com.gt\/es\/wp-json\/wp\/v2\/comments?post=96019"}],"version-history":[{"count":1,"href":"https:\/\/elmetropolitano.com.gt\/es\/wp-json\/wp\/v2\/posts\/96019\/revisions"}],"predecessor-version":[{"id":96021,"href":"https:\/\/elmetropolitano.com.gt\/es\/wp-json\/wp\/v2\/posts\/96019\/revisions\/96021"}],"wp:featuredmedia":[{"embeddable":true,"href":"https:\/\/elmetropolitano.com.gt\/es\/wp-json\/wp\/v2\/media\/96020"}],"wp:attachment":[{"href":"https:\/\/elmetropolitano.com.gt\/es\/wp-json\/wp\/v2\/media?parent=96019"}],"wp:term":[{"taxonomy":"category","embeddable":true,"href":"https:\/\/elmetropolitano.com.gt\/es\/wp-json\/wp\/v2\/categories?post=96019"},{"taxonomy":"post_tag","embeddable":true,"href":"https:\/\/elmetropolitano.com.gt\/es\/wp-json\/wp\/v2\/tags?post=96019"}],"curies":[{"name":"wp","href":"https:\/\/api.w.org\/{rel}","templated":true}]}}