{"id":96040,"date":"2025-01-26T15:01:21","date_gmt":"2025-01-26T21:01:21","guid":{"rendered":"https:\/\/elmetropolitano.com.gt\/es\/?p=96040"},"modified":"2025-01-26T15:01:22","modified_gmt":"2025-01-26T21:01:22","slug":"detectan-un-coro-de-chirridos-cosmicos-en-una-region-inesperada-del-espacio","status":"publish","type":"post","link":"https:\/\/elmetropolitano.com.gt\/es\/detectan-un-coro-de-chirridos-cosmicos-en-una-region-inesperada-del-espacio\/","title":{"rendered":"Detectan un coro de chirridos c\u00f3smicos en una regi\u00f3n inesperada del espacio"},"content":{"rendered":"\n<p>Se trata de las se\u00f1ales conocidas como &#8216;ondas de coro&#8217;, que suenan como el canto de los p\u00e1jaros y cuya radiaci\u00f3n puede ser peligrosa para los humanos y los sat\u00e9lites.<\/p>\n\n\n\n<p>Unas misteriosas se\u00f1ales chirriantes fueron detectadas por un equipo internacional de astr\u00f3nomos en un lugar del espacio donde nunca antes se hab\u00edan identificado, lo que plantea serias interrogantes sobre su origen, inform\u00f3 esta semana AP.<\/p><div class=\"elmet-contenido\" id=\"elmet-492709875\"><div class=\"elmet-adlabel\">Anuncios<\/div><div style=\"margin-top: 20px;margin-right: 20px;margin-bottom: 20px;margin-left: 20px;\" id=\"elmet-722134096\"><a href=\"https:\/\/www.facebook.com\/arrincuanantigua\/\" aria-label=\"cintillo-arrin-cual\"><img loading=\"lazy\" decoding=\"async\" src=\"https:\/\/elmetropolitano.com.gt\/es\/wp-content\/uploads\/2021\/11\/cintillo-arrin-cual-1.jpg\" alt=\"\"  srcset=\"https:\/\/elmetropolitano.com.gt\/es\/wp-content\/uploads\/2021\/11\/cintillo-arrin-cual-1.jpg 750w, https:\/\/elmetropolitano.com.gt\/es\/wp-content\/uploads\/2021\/11\/cintillo-arrin-cual-1-300x36.jpg 300w, https:\/\/elmetropolitano.com.gt\/es\/wp-content\/uploads\/2021\/11\/cintillo-arrin-cual-1-600x72.jpg 600w\" sizes=\"(max-width: 750px) 100vw, 750px\" width=\"750\" height=\"90\"   \/><\/a><\/div><\/div>\n\n\n\n<p>Se trata de las denominadas &#8216;ondas de coro&#8217;, unas de las emisiones electromagn\u00e9ticas m\u00e1s fuertes del espacio, por lo que su radiaci\u00f3n puede ser peligrosa para los humanos y los sat\u00e9lites. Reciben este nombre porque, cuando se convierten en se\u00f1ales de audio, suenan como el canto de los p\u00e1jaros.<\/p>\n\n\n\n<p>A pesar de que su existencia es conocida desde hace d\u00e9cadas, los cient\u00edficos a\u00fan no comprenden completamente c\u00f3mo se producen. Se ha teorizado que el campo magn\u00e9tico de la Tierra podr\u00eda contribuir en su formaci\u00f3n.<\/p>\n\n\n\n<p>Una regi\u00f3n inesperada del espacio<\/p>\n\n\n\n<p>Previamente, estas se\u00f1ales se hab\u00edan medido a 51.000 kil\u00f3metros de la Tierra, en un punto donde el campo magn\u00e9tico terrestre se comporta de manera dipolar, es decir, como un im\u00e1n con polos opuestos y diferenciados.<\/p>\n\n\n\n<p>No obstante, un nuevo estudio publicado en la revista Nature detalla el descubrimiento de ondas coro a unos 165.000 kil\u00f3metros de nuestro planeta, donde los efectos del dipolo magn\u00e9tico est\u00e1n ausentes, algo que los investigadores no esperaban.<\/p>\n\n\n\n<p>Este nuevo hallazgo contrasta con la suposici\u00f3n convencional de que las ondas de coro est\u00e1n influenciadas por campos dipolares magn\u00e9ticos planetarios. No obstante, se observ\u00f3 por primera vez un fen\u00f3meno anteriormente hipotetizado, conocido como &#8216;resonancia ciclotr\u00f3n electr\u00f3nica&#8217;, que proporciona una mayor energ\u00eda de las part\u00edculas de plasma a las ondas de coro.<\/p>\n\n\n\n<p>Esto resultados se obtuvieron despu\u00e9s de analizar las im\u00e1genes de alta resoluci\u00f3n obtenidas por los sat\u00e9lites MMS de la NASA, que fueron lanzados en 2015 para explorar los campos magn\u00e9ticos de la Tierra y Sol.<\/p>\n\n\n\n<p>Rt Noticias<\/p>\n\n\n\n<p>Foto UCLA<\/p>\n\n\n\n<p>#astronomia #espacioexterior <a href=\"http:\/\/www.elmetropolitano.com.gt\">www.elmetropolitano.com.gt<\/a> <a href=\"http:\/\/www.metroredes.com\">www.metroredes.com<\/a> <a href=\"http:\/\/www.elescuintleco.com\">www.elescuintleco.com<\/a><\/p>\n","protected":false},"excerpt":{"rendered":"<p>Se trata de las se\u00f1ales conocidas como &#8216;ondas de coro&#8217;, que suenan como el canto de los p\u00e1jaros y cuya radiaci\u00f3n puede ser peligrosa para los humanos y los sat\u00e9lites. Unas misteriosas se\u00f1ales chirriantes fueron detectadas por un equipo internacional de astr\u00f3nomos en un lugar del espacio donde nunca antes se hab\u00edan identificado, lo que <a class=\"read-more\" href=\"https:\/\/elmetropolitano.com.gt\/es\/detectan-un-coro-de-chirridos-cosmicos-en-una-region-inesperada-del-espacio\/\">Leer m\u00e1s<\/a><\/p>\n","protected":false},"author":1,"featured_media":96041,"comment_status":"open","ping_status":"closed","sticky":false,"template":"","format":"standard","meta":{"footnotes":""},"categories":[14],"tags":[15],"class_list":["post-96040","post","type-post","status-publish","format-standard","has-post-thumbnail","hentry","category-internacionales","tag-internacionales"],"_links":{"self":[{"href":"https:\/\/elmetropolitano.com.gt\/es\/wp-json\/wp\/v2\/posts\/96040","targetHints":{"allow":["GET"]}}],"collection":[{"href":"https:\/\/elmetropolitano.com.gt\/es\/wp-json\/wp\/v2\/posts"}],"about":[{"href":"https:\/\/elmetropolitano.com.gt\/es\/wp-json\/wp\/v2\/types\/post"}],"author":[{"embeddable":true,"href":"https:\/\/elmetropolitano.com.gt\/es\/wp-json\/wp\/v2\/users\/1"}],"replies":[{"embeddable":true,"href":"https:\/\/elmetropolitano.com.gt\/es\/wp-json\/wp\/v2\/comments?post=96040"}],"version-history":[{"count":1,"href":"https:\/\/elmetropolitano.com.gt\/es\/wp-json\/wp\/v2\/posts\/96040\/revisions"}],"predecessor-version":[{"id":96042,"href":"https:\/\/elmetropolitano.com.gt\/es\/wp-json\/wp\/v2\/posts\/96040\/revisions\/96042"}],"wp:featuredmedia":[{"embeddable":true,"href":"https:\/\/elmetropolitano.com.gt\/es\/wp-json\/wp\/v2\/media\/96041"}],"wp:attachment":[{"href":"https:\/\/elmetropolitano.com.gt\/es\/wp-json\/wp\/v2\/media?parent=96040"}],"wp:term":[{"taxonomy":"category","embeddable":true,"href":"https:\/\/elmetropolitano.com.gt\/es\/wp-json\/wp\/v2\/categories?post=96040"},{"taxonomy":"post_tag","embeddable":true,"href":"https:\/\/elmetropolitano.com.gt\/es\/wp-json\/wp\/v2\/tags?post=96040"}],"curies":[{"name":"wp","href":"https:\/\/api.w.org\/{rel}","templated":true}]}}