{"id":96043,"date":"2025-01-26T15:24:46","date_gmt":"2025-01-26T21:24:46","guid":{"rendered":"https:\/\/elmetropolitano.com.gt\/es\/?p=96043"},"modified":"2025-01-26T15:24:47","modified_gmt":"2025-01-26T21:24:47","slug":"trump-sanciona-a-colombia-tras-negarse-a-aceptar-vuelos-con-deportados","status":"publish","type":"post","link":"https:\/\/elmetropolitano.com.gt\/es\/trump-sanciona-a-colombia-tras-negarse-a-aceptar-vuelos-con-deportados\/","title":{"rendered":"Trump sanciona a Colombia tras negarse a aceptar vuelos con deportados"},"content":{"rendered":"\n<p>El presidente de EEUU, Donald Trump, anunci\u00f3 que impondr\u00e1 medidas de represalia a Colombia, incluidos aranceles, revocaci\u00f3n de visas a funcionarios y prohibiciones de viaje, despu\u00e9s de que el pa\u00eds sudamericano rechaz\u00f3 dos aviones militares estadounidenses con migrantes deportados.<\/p>\n\n\n\n<p>El presidente de Estados Unidos, Donald Trump, dispuso el domingo aranceles, revocaciones de visa a funcionarios y otras medidas de represalia contra Colombia luego de que el pa\u00eds sudamericano rechaz\u00f3 dos vuelos militares estadounidenses que transportaban migrantes deportados.<\/p><div class=\"elmet-contenido\" id=\"elmet-4100149434\"><div class=\"elmet-adlabel\">Anuncios<\/div><div style=\"margin-top: 20px;margin-right: 20px;margin-bottom: 20px;margin-left: 20px;\" id=\"elmet-956968723\"><a href=\"https:\/\/www.facebook.com\/arrincuanantigua\/\" aria-label=\"cintillo-arrin-cual\"><img loading=\"lazy\" decoding=\"async\" src=\"https:\/\/elmetropolitano.com.gt\/es\/wp-content\/uploads\/2021\/11\/cintillo-arrin-cual-1.jpg\" alt=\"\"  srcset=\"https:\/\/elmetropolitano.com.gt\/es\/wp-content\/uploads\/2021\/11\/cintillo-arrin-cual-1.jpg 750w, https:\/\/elmetropolitano.com.gt\/es\/wp-content\/uploads\/2021\/11\/cintillo-arrin-cual-1-300x36.jpg 300w, https:\/\/elmetropolitano.com.gt\/es\/wp-content\/uploads\/2021\/11\/cintillo-arrin-cual-1-600x72.jpg 600w\" sizes=\"(max-width: 750px) 100vw, 750px\" width=\"750\" height=\"90\"   \/><\/a><\/div><\/div>\n\n\n\n<p>Trump hizo el anuncio en su red social Truth Social. A\u00f1adi\u00f3 que la decisi\u00f3n del presidente colombiano Gustavo Petro \u201cpone en peligro\u201d la seguridad nacional estadounidense.<\/p>\n\n\n\n<p>\u201cEstas medidas son solo el comienzo\u201d, escribi\u00f3 Trump. \u201cNo permitiremos al Gobierno colombiano que viole sus obligaciones legales en cuanto a aceptar a criminales que trajeron a la fuerza a Estados Unidos\u201d.<\/p>\n\n\n\n<p>Horas antes Petro hab\u00eda anunciado que su gobierno no aceptar\u00eda los vuelos con migrantes deportados hasta que el gobierno estadounidense cree un protocolo que trate a los migrantes con \u201cdignidad\u201d.<\/p>\n\n\n\n<p>Petro hizo el anuncio en dos publicaciones en X, antes Twitter, una de las cuales inclu\u00eda un video de noticias de migrantes supuestamente deportados a Brasil caminando por una pista con las manos y los pies atados.<\/p>\n\n\n\n<p>\u201cUn migrante no es un delincuente y debe ser tratado con la dignidad que un ser humano merece\u201d, escribi\u00f3 el gobernante colombiano. \u00abPor eso hice devolver los aviones militares estadounidenses que ven\u00edan con migrantes colombianos.<\/p>\n\n\n\n<p>\u201cNo puedo hacer que los migrantes queden en un pa\u00eds que no los quiere; pero si ese pa\u00eds los devuelve debe ser con dignidad y respeto con ellos y con nuestro pa\u00eds. En aviones civiles, sin trato de delincuentes recibiremos a nuestros connacionales\u201d, agreg\u00f3.<\/p>\n\n\n\n<p>Tras la decisi\u00f3n de Petro, Trump orden\u00f3 de inmediato a su administraci\u00f3n tomar medidas de represalia urgentes.<\/p>\n\n\n\n<p>Entre ellas, la imposici\u00f3n de aranceles de emergencia del 25 % a todos los bienes que lleguen a Estados Unidos, que subir\u00e1n al 50 % en una semana; la prohibici\u00f3n de viajar y la revocaci\u00f3n de visas a funcionarios del Gobierno colombiano y sus aliados; la imposici\u00f3n total de sanciones de emergencia al Tesoro, bancarias y financieras y la intensificaci\u00f3n de las inspecciones fronterizas a los ciudadanos colombianos.<\/p>\n\n\n\n<p>El secretario de Estado de EEUU, Marco Rubio, dijo en su cuenta de X tras conocerse las medidas que \u00abel presidente colombiano, Petro, hab\u00eda autorizado los vuelos y hab\u00eda otorgado todas las autorizaciones necesarias, pero luego cancel\u00f3 su autorizaci\u00f3n cuando los aviones ya estaban en el aire. Como lo demuestran las acciones de hoy, somos inquebrantables en nuestro compromiso de poner fin a la inmigraci\u00f3n ilegal y reforzar la seguridad fronteriza de Estados Unidos\u00bb.<\/p>\n\n\n\n<p>Las medidas de Trump amenazan con golpear fuertemente la cuarta econom\u00eda Latinoamericana. Estados Unidos es el principal destino de las exportaciones colombianas de productos como petr\u00f3leo, carb\u00f3n, caf\u00e9 y flores.<\/p>\n\n\n\n<p>Petro asegur\u00f3 tambi\u00e9n el domingo que 15.660 estadounidenses se encuentran en Colombia de manera irregular y dijo que deben acercarse al servicio migratorio para regularizar su situaci\u00f3n.<\/p>\n\n\n\n<p>Posteriormente, el Gobierno de Colombia anunci\u00f3 en un comunicado que puso a disposici\u00f3n el avi\u00f3n presidencial para \u00abfacilitar el retorno digno\u00bb de los ciudadanos que iban a regresar al pa\u00eds en los vuelos militares.<\/p>\n\n\n\n<p>\u00abDe ninguna manera los colombianos, como patriotas y sujetos de derechos, han sido ni ser\u00e1n desterrados del territorio colombiano\u00bb, dijo un comunicado de la Presidencia anunciando que abordar\u00e1 el tema en la Asamblea Extraordinaria de la Comunidad de Estados Latinoamericanos y Caribe\u00f1os (CELAC) el pr\u00f3ximo 30 de enero.<\/p>\n\n\n\n<p>Deportaciones a otros pa\u00edses<\/p>\n\n\n\n<p>La negativa de Colombia a aceptar los vuelos es el segundo caso de una naci\u00f3n latinoamericana que rechaza las deportaciones masivas en aviones militares estadounidenses.<\/p>\n\n\n\n<p>La decisi\u00f3n de Colombia sigue a otra similar en M\u00e9xico, que tambi\u00e9n rechaz\u00f3 una solicitud la semana pasada para permitir que un avi\u00f3n militar estadounidense aterrizara con migrantes en su territorio.<\/p>\n\n\n\n<p>Migrantes, en su mayor\u00eda de Hait\u00ed, Cuba y Venezuela, se re\u00fanen afuera de la Comisi\u00f3n Mexicana de Ayuda a Refugiados (COMAR), mientras esperan en fila para regularizar su situaci\u00f3n migratoria en el pa\u00eds, en la Ciudad de M\u00e9xico, M\u00e9xico, el 24 de enero de 2025.<\/p>\n\n\n\n<p>Tambi\u00e9n lea<\/p>\n\n\n\n<p>M\u00e9xico rechaza vuelo de deportaci\u00f3n de Estados Unidos, seg\u00fan funcionarios<\/p>\n\n\n\n<p>La posici\u00f3n de Petro se suma al creciente descontento en Am\u00e9rica Latina a la medida adoptada por la administraci\u00f3n de Trump, que lleva una semana en el poder y comienza a movilizarse para realizar deportaciones masivas.<\/p>\n\n\n\n<p>El Ministerio de Relaciones Exteriores de Brasil conden\u00f3 por su parte el \u00abtrato degradante\u00bb a los brasile\u00f1os despu\u00e9s de que inmigrantes de ese pa\u00eds denunciaron malos tratos al ser esposados en un vuelo comercial de deportaci\u00f3n.<\/p>\n\n\n\n<p>El uso de aviones militares estadounidenses para realizar vuelos de deportaci\u00f3n es parte de la respuesta del Pent\u00e1gono a la declaraci\u00f3n de emergencia nacional sobre inmigraci\u00f3n que hizo Trump el lunes.<\/p>\n\n\n\n<p>En el pasado, se han utilizado aviones militares estadounidenses para trasladar a personas de un pa\u00eds a otro, como durante la retirada estadounidense de Afganist\u00e1n en el 2021.<\/p>\n\n\n\n<p>Aviones militares estadounidenses realizaron el viernes dos vuelos similares, cada uno con unos 80 migrantes, a Guatemala.<\/p>\n\n\n\n<p>La Voz de Am\u00e9rica<\/p>\n\n\n\n<p>#deportaciones #trump #colombia <a href=\"http:\/\/www.elmetropolitano.com.gt\">www.elmetropolitano.com.gt<\/a> <a href=\"http:\/\/www.metroredes.com\">www.metroredes.com<\/a> <a href=\"http:\/\/www.elescuintleco.com\">www.elescuintleco.com<\/a><\/p>\n","protected":false},"excerpt":{"rendered":"<p>El presidente de EEUU, Donald Trump, anunci\u00f3 que impondr\u00e1 medidas de represalia a Colombia, incluidos aranceles, revocaci\u00f3n de visas a funcionarios y prohibiciones de viaje, despu\u00e9s de que el pa\u00eds sudamericano rechaz\u00f3 dos aviones militares estadounidenses con migrantes deportados. El presidente de Estados Unidos, Donald Trump, dispuso el domingo aranceles, revocaciones de visa a funcionarios <a class=\"read-more\" href=\"https:\/\/elmetropolitano.com.gt\/es\/trump-sanciona-a-colombia-tras-negarse-a-aceptar-vuelos-con-deportados\/\">Leer m\u00e1s<\/a><\/p>\n","protected":false},"author":1,"featured_media":96044,"comment_status":"open","ping_status":"closed","sticky":false,"template":"","format":"standard","meta":{"footnotes":""},"categories":[14],"tags":[15],"class_list":["post-96043","post","type-post","status-publish","format-standard","has-post-thumbnail","hentry","category-internacionales","tag-internacionales"],"_links":{"self":[{"href":"https:\/\/elmetropolitano.com.gt\/es\/wp-json\/wp\/v2\/posts\/96043","targetHints":{"allow":["GET"]}}],"collection":[{"href":"https:\/\/elmetropolitano.com.gt\/es\/wp-json\/wp\/v2\/posts"}],"about":[{"href":"https:\/\/elmetropolitano.com.gt\/es\/wp-json\/wp\/v2\/types\/post"}],"author":[{"embeddable":true,"href":"https:\/\/elmetropolitano.com.gt\/es\/wp-json\/wp\/v2\/users\/1"}],"replies":[{"embeddable":true,"href":"https:\/\/elmetropolitano.com.gt\/es\/wp-json\/wp\/v2\/comments?post=96043"}],"version-history":[{"count":1,"href":"https:\/\/elmetropolitano.com.gt\/es\/wp-json\/wp\/v2\/posts\/96043\/revisions"}],"predecessor-version":[{"id":96045,"href":"https:\/\/elmetropolitano.com.gt\/es\/wp-json\/wp\/v2\/posts\/96043\/revisions\/96045"}],"wp:featuredmedia":[{"embeddable":true,"href":"https:\/\/elmetropolitano.com.gt\/es\/wp-json\/wp\/v2\/media\/96044"}],"wp:attachment":[{"href":"https:\/\/elmetropolitano.com.gt\/es\/wp-json\/wp\/v2\/media?parent=96043"}],"wp:term":[{"taxonomy":"category","embeddable":true,"href":"https:\/\/elmetropolitano.com.gt\/es\/wp-json\/wp\/v2\/categories?post=96043"},{"taxonomy":"post_tag","embeddable":true,"href":"https:\/\/elmetropolitano.com.gt\/es\/wp-json\/wp\/v2\/tags?post=96043"}],"curies":[{"name":"wp","href":"https:\/\/api.w.org\/{rel}","templated":true}]}}