{"id":96046,"date":"2025-01-26T15:48:49","date_gmt":"2025-01-26T21:48:49","guid":{"rendered":"https:\/\/elmetropolitano.com.gt\/es\/?p=96046"},"modified":"2025-01-26T15:48:50","modified_gmt":"2025-01-26T21:48:50","slug":"las-sanciones-de-donald-trump-al-gobierno-de-colombia","status":"publish","type":"post","link":"https:\/\/elmetropolitano.com.gt\/es\/las-sanciones-de-donald-trump-al-gobierno-de-colombia\/","title":{"rendered":"Las sanciones de Donald Trump al gobierno de Colombia"},"content":{"rendered":"\n<p>El presidente de los Estados Unidos Donald Trump anuncio este domingo medidas inmediatas contra Colombia tras la negativa del presidente Gustavo Petro a aceptar vuelos con deportados, calificando esta acci\u00f3n como una amenaza a la seguridad nacional de Estados Unidos.<\/p>\n\n\n\n<p>Las <a><\/a>sanciones incluyen:<\/p><div class=\"elmet-contenido\" id=\"elmet-4107665360\"><div class=\"elmet-adlabel\">Anuncios<\/div><div style=\"margin-top: 20px;margin-right: 20px;margin-bottom: 20px;margin-left: 20px;\" id=\"elmet-166341664\"><a href=\"https:\/\/www.facebook.com\/arrincuanantigua\/\" aria-label=\"cintillo-arrin-cual\"><img loading=\"lazy\" decoding=\"async\" src=\"https:\/\/elmetropolitano.com.gt\/es\/wp-content\/uploads\/2021\/11\/cintillo-arrin-cual-1.jpg\" alt=\"\"  srcset=\"https:\/\/elmetropolitano.com.gt\/es\/wp-content\/uploads\/2021\/11\/cintillo-arrin-cual-1.jpg 750w, https:\/\/elmetropolitano.com.gt\/es\/wp-content\/uploads\/2021\/11\/cintillo-arrin-cual-1-300x36.jpg 300w, https:\/\/elmetropolitano.com.gt\/es\/wp-content\/uploads\/2021\/11\/cintillo-arrin-cual-1-600x72.jpg 600w\" sizes=\"(max-width: 750px) 100vw, 750px\" width=\"750\" height=\"90\"   \/><\/a><\/div><\/div>\n\n\n\n<p>\u2022 Imposici\u00f3n de aranceles de emergencia del 25% a todas las importaciones colombianas, incrementando al 50% en una semana.<\/p>\n\n\n\n<p>\u2022 Prohibici\u00f3n de viajes y revocaci\u00f3n inmediata de visas para funcionarios del gobierno colombiano, as\u00ed como para sus aliados y simpatizantes.<\/p>\n\n\n\n<p>\u2022 Sanciones de visa para todos los miembros del partido, familiares y seguidores del gobierno colombiano.<\/p>\n\n\n\n<p>\u2022 Inspecciones reforzadas por parte de Aduanas y Protecci\u00f3n Fronteriza a todos los nacionales y cargamentos colombianos por motivos de seguridad nacional.<\/p>\n\n\n\n<p>\u2022 Aplicaci\u00f3n completa de sanciones financieras y bancarias bajo la Ley de Poderes Econ\u00f3micos de Emergencia Internacional (IEEPA).<\/p>\n\n\n\n<p>Trump enfatiz\u00f3 que estas medidas son solo el comienzo y que no permitir\u00e1 que el gobierno colombiano incumpla sus obligaciones legales respecto a la aceptaci\u00f3n y retorno de criminales enviados a Estados Unidos.<\/p>\n\n\n\n<p><\/p>\n","protected":false},"excerpt":{"rendered":"<p>El presidente de los Estados Unidos Donald Trump anuncio este domingo medidas inmediatas contra Colombia tras la negativa del presidente Gustavo Petro a aceptar vuelos con deportados, calificando esta acci\u00f3n como una amenaza a la seguridad nacional de Estados Unidos. Las sanciones incluyen: \u2022 Imposici\u00f3n de aranceles de emergencia del 25% a todas las importaciones <a class=\"read-more\" href=\"https:\/\/elmetropolitano.com.gt\/es\/las-sanciones-de-donald-trump-al-gobierno-de-colombia\/\">Leer m\u00e1s<\/a><\/p>\n","protected":false},"author":1,"featured_media":96047,"comment_status":"open","ping_status":"closed","sticky":false,"template":"","format":"standard","meta":{"footnotes":""},"categories":[14],"tags":[15],"class_list":["post-96046","post","type-post","status-publish","format-standard","has-post-thumbnail","hentry","category-internacionales","tag-internacionales"],"_links":{"self":[{"href":"https:\/\/elmetropolitano.com.gt\/es\/wp-json\/wp\/v2\/posts\/96046","targetHints":{"allow":["GET"]}}],"collection":[{"href":"https:\/\/elmetropolitano.com.gt\/es\/wp-json\/wp\/v2\/posts"}],"about":[{"href":"https:\/\/elmetropolitano.com.gt\/es\/wp-json\/wp\/v2\/types\/post"}],"author":[{"embeddable":true,"href":"https:\/\/elmetropolitano.com.gt\/es\/wp-json\/wp\/v2\/users\/1"}],"replies":[{"embeddable":true,"href":"https:\/\/elmetropolitano.com.gt\/es\/wp-json\/wp\/v2\/comments?post=96046"}],"version-history":[{"count":1,"href":"https:\/\/elmetropolitano.com.gt\/es\/wp-json\/wp\/v2\/posts\/96046\/revisions"}],"predecessor-version":[{"id":96048,"href":"https:\/\/elmetropolitano.com.gt\/es\/wp-json\/wp\/v2\/posts\/96046\/revisions\/96048"}],"wp:featuredmedia":[{"embeddable":true,"href":"https:\/\/elmetropolitano.com.gt\/es\/wp-json\/wp\/v2\/media\/96047"}],"wp:attachment":[{"href":"https:\/\/elmetropolitano.com.gt\/es\/wp-json\/wp\/v2\/media?parent=96046"}],"wp:term":[{"taxonomy":"category","embeddable":true,"href":"https:\/\/elmetropolitano.com.gt\/es\/wp-json\/wp\/v2\/categories?post=96046"},{"taxonomy":"post_tag","embeddable":true,"href":"https:\/\/elmetropolitano.com.gt\/es\/wp-json\/wp\/v2\/tags?post=96046"}],"curies":[{"name":"wp","href":"https:\/\/api.w.org\/{rel}","templated":true}]}}