{"id":96223,"date":"2025-01-30T09:08:53","date_gmt":"2025-01-30T15:08:53","guid":{"rendered":"https:\/\/elmetropolitano.com.gt\/es\/?p=96223"},"modified":"2025-01-30T09:08:54","modified_gmt":"2025-01-30T15:08:54","slug":"guatemala-recibe-a-187-migrantes-retornados-hoy-en-dos-vuelos-extraordinarios-desde-ee-uu","status":"publish","type":"post","link":"https:\/\/elmetropolitano.com.gt\/es\/guatemala-recibe-a-187-migrantes-retornados-hoy-en-dos-vuelos-extraordinarios-desde-ee-uu\/","title":{"rendered":"Guatemala recibe a 187 migrantes retornados hoy en dos vuelos extraordinarios desde EE. UU."},"content":{"rendered":"\n<p>Este mi\u00e9rcoles, el Instituto Guatemalteco de Migraci\u00f3n (IGM) recibi\u00f3 dos vuelos extraordinarios con 187 connacionales retornados desde Estados Unidos. Para la recepci\u00f3n de vuelos, el Gobierno de Guatemala apoya a los migrantes que regresan al pa\u00eds con atenci\u00f3n integral y un trato digno a trav\u00e9s del Plan Retorno al Hogar.<\/p>\n\n\n\n<p>El primer vuelo, procedente de Alexandria, Luisiana, transport\u00f3 a <a><\/a>103 personas, entre las cuales se encontraban 85 hombres, 17 mujeres y un menor de edad no acompa\u00f1ado.<\/p><div class=\"elmet-contenido\" id=\"elmet-267800910\"><div class=\"elmet-adlabel\">Anuncios<\/div><div style=\"margin-top: 20px;margin-right: 20px;margin-bottom: 20px;margin-left: 20px;\" id=\"elmet-2123766440\"><a href=\"https:\/\/www.facebook.com\/arrincuanantigua\/\" aria-label=\"cintillo-arrin-cual\"><img loading=\"lazy\" decoding=\"async\" src=\"https:\/\/elmetropolitano.com.gt\/es\/wp-content\/uploads\/2021\/11\/cintillo-arrin-cual-1.jpg\" alt=\"\"  srcset=\"https:\/\/elmetropolitano.com.gt\/es\/wp-content\/uploads\/2021\/11\/cintillo-arrin-cual-1.jpg 750w, https:\/\/elmetropolitano.com.gt\/es\/wp-content\/uploads\/2021\/11\/cintillo-arrin-cual-1-300x36.jpg 300w, https:\/\/elmetropolitano.com.gt\/es\/wp-content\/uploads\/2021\/11\/cintillo-arrin-cual-1-600x72.jpg 600w\" sizes=\"(max-width: 750px) 100vw, 750px\" width=\"750\" height=\"90\"   \/><\/a><\/div><\/div>\n\n\n\n<p>El segundo vuelo, proveniente de Laredo, Texas, lleg\u00f3 con 84 migrantes, incluyendo 39 hombres, 30 mujeres y 15 ni\u00f1os, ni\u00f1as y adolescentes (NNA).<\/p>\n\n\n\n<p>Con estas llegadas, suman siete los vuelos recibidos desde el pasado viernes 24 de enero, cuando se recibi\u00f3 el primer grupo de retornados.<\/p>\n\n\n\n<p>Plan Retorno al Hogar<\/p>\n\n\n\n<p>El Plan Retorno al Hogar es una iniciativa liderada por el Ministerio de Relaciones Exteriores, en coordinaci\u00f3n con diversas entidades gubernamentales. Su objetivo principal es fortalecer los mecanismos de recepci\u00f3n y reintegraci\u00f3n de los migrantes, garantizando su estabilidad y desarrollo sostenible tras su regreso al pa\u00eds.<\/p>\n\n\n\n<p>Este plan no solo se enfoca en la atenci\u00f3n inmediata, sino tambi\u00e9n en la reintegraci\u00f3n social y econ\u00f3mica de los retornados. A trav\u00e9s de este programa se les brinda asistencia m\u00e9dica, psicol\u00f3gica, legal y laboral a los connacionales, con el fin de facilitar su adaptaci\u00f3n y promover su bienestar integral.<\/p>\n\n\n\n<p>El Gobierno de Guatemala ha reiterado su compromiso con la protecci\u00f3n de los derechos de los migrantes retornados, asegurando que reciban un trato digno y humano. Las autoridades han destacado que este esfuerzo forma parte de una estrategia m\u00e1s amplia para garantizar el bienestar de los connacionales que regresan al pa\u00eds, muchos de ellos en condiciones vulnerables.<\/p>\n\n\n\n<p>Adem\u00e1s, se ha enfatizado la importancia de trabajar en conjunto con organizaciones internacionales y gobiernos locales para fortalecer las pol\u00edticas migratorias y ofrecer alternativas de desarrollo que reduzcan la necesidad de migrar.<\/p>\n\n\n\n<p>Un futuro de oportunidades<\/p>\n\n\n\n<p>Con la llegada de estos vuelos, Guatemala reafirma su compromiso con la atenci\u00f3n humanitaria y la construcci\u00f3n de un futuro mejor para quienes retornan al pa\u00eds.<\/p>\n\n\n\n<p>El Plan Retorno al Hogar no solo busca mitigar los desaf\u00edos inmediatos que enfrentan los migrantes, sino tambi\u00e9n generar oportunidades que les permitan reintegrarse de manera sostenible y digna a sus comunidades.<\/p>\n\n\n\n<p>Este esfuerzo refleja la voluntad del Estado guatemalteco de proteger a sus ciudadanos y ofrecerles un camino hacia la estabilidad y el progreso, incluso en medio de las complejidades que implica la migraci\u00f3n internacional.<\/p>\n\n\n\n<p>Texto: Lincy Rodr\u00edguez<\/p>\n\n\n\n<p><a href=\"https:\/\/www.facebook.com\/hashtag\/deportados?__eep__=6&amp;__cft__[0]=AZWb5hpjdLKTa9K9heteEFPc3eYcJjaTPtOLwmJycFkYNV11c8hpSJGd4tyLH4FYkf6Wide7CXRRe7emdZ0LCathOnugZvBNxbPoQdN17W8Hl8lUWMEPT5f8BJL270MfiW0Yy7E3PnIG4s3XO8l540bOg4l30FaTKdXQZVyjvjR_1Mx6q6UaZUMwuPcqbA9rFk0&amp;__tn__=*NK-R\">#Deportados<\/a><a href=\"https:\/\/www.facebook.com\/hashtag\/metroredes?__eep__=6&amp;__cft__[0]=AZWb5hpjdLKTa9K9heteEFPc3eYcJjaTPtOLwmJycFkYNV11c8hpSJGd4tyLH4FYkf6Wide7CXRRe7emdZ0LCathOnugZvBNxbPoQdN17W8Hl8lUWMEPT5f8BJL270MfiW0Yy7E3PnIG4s3XO8l540bOg4l30FaTKdXQZVyjvjR_1Mx6q6UaZUMwuPcqbA9rFk0&amp;__tn__=*NK-R\">#metroredes<\/a><a href=\"https:\/\/www.facebook.com\/hashtag\/migrantes?__eep__=6&amp;__cft__[0]=AZWb5hpjdLKTa9K9heteEFPc3eYcJjaTPtOLwmJycFkYNV11c8hpSJGd4tyLH4FYkf6Wide7CXRRe7emdZ0LCathOnugZvBNxbPoQdN17W8Hl8lUWMEPT5f8BJL270MfiW0Yy7E3PnIG4s3XO8l540bOg4l30FaTKdXQZVyjvjR_1Mx6q6UaZUMwuPcqbA9rFk0&amp;__tn__=*NK-R\">#Migrantes<\/a><\/p>\n\n\n\n<p>Www,el <a href=\"http:\/\/metropolitano.com.gt\/?fbclid=IwZXh0bgNhZW0CMTAAAR2VhB-4wCw0t_CfHhQolxZ-ko8T-DZE2nF5Y0mWnh7F36fV7jmGBnJuXV0_aem_TctVQRezKjOu0qosTTz-8A\" rel=\"noreferrer noopener\" target=\"_blank\">metropolitano.com.gt<\/a><\/p>\n\n\n\n<p><a href=\"https:\/\/l.facebook.com\/l.php?u=http%3A%2F%2FWww.metroredes.com%2F%3Ffbclid%3DIwZXh0bgNhZW0CMTAAAR1q9IR5zFZK_4fYUC9mFBSqjtmoJZXgymQfVd6W17v91roeTd6frhKLo7Q_aem_uWTa0TKSfOjHFS2t4FXRxA&amp;h=AT1vTxA0sQjDfQl2fr8vvYBWWPXgJmk_n2PJEconByIBS28zaFjN-HgdQYudLXv_I-AyNCh9Kk4F461gf9ReIqvIuWDACA7vWqU3uoY43w1VLzxTqMMuNd6MSZqQVZmOBuex&amp;__tn__=-UK-R&amp;c[0]=AT2AusXgBYe572nu_5Qacz1KHUKKNNhPMUOx86K24Xjc7mRU0tBDM0j0XQv2FgSlzHeThg6GJaW8JZsXFBgjrllbj7L7Pf_dpmLD3LebGzo-lbjO9pPtloA4RipgEioBROOwkoahVeqYKqiblEP1EsDs2QaX1KSTw7IStR5t6bU6D7ljL6mTGUvLxFYLNo_CRKyCR9giTWBQ1OJZoSB0PXEBDRo\" rel=\"noreferrer noopener\" target=\"_blank\">Www.metroredes.com<\/a><\/p>\n\n\n\n<p><a href=\"https:\/\/l.facebook.com\/l.php?u=http%3A%2F%2FWww.elescuintleco.com%2F%3Ffbclid%3DIwZXh0bgNhZW0CMTAAAR3Ym9xISC_C8Ehvz3lZ4L_TKAR1YKh7S6jTAjGcVvD5-Y-694pcMVL09cE_aem_lZnIVzLum3Wmbz5KyDEYpA&amp;h=AT2ofwwnvkBnkZMxwG2GjNvDqGyuSdnRKbVF7fBWrUlji1FkK5zckYRunIs7zER2nbX32H-8FQsYC5bP2VmN9qUkjXvH7LJAQ6F0lXYrE8P5Sai_An-q3xZ-D5eGiJnWYP3i&amp;__tn__=-UK-R&amp;c[0]=AT2AusXgBYe572nu_5Qacz1KHUKKNNhPMUOx86K24Xjc7mRU0tBDM0j0XQv2FgSlzHeThg6GJaW8JZsXFBgjrllbj7L7Pf_dpmLD3LebGzo-lbjO9pPtloA4RipgEioBROOwkoahVeqYKqiblEP1EsDs2QaX1KSTw7IStR5t6bU6D7ljL6mTGUvLxFYLNo_CRKyCR9giTWBQ1OJZoSB0PXEBDRo\" rel=\"noreferrer noopener\" target=\"_blank\">Www.elescuintleco.com<\/a><\/p>\n","protected":false},"excerpt":{"rendered":"<p>Este mi\u00e9rcoles, el Instituto Guatemalteco de Migraci\u00f3n (IGM) recibi\u00f3 dos vuelos extraordinarios con 187 connacionales retornados desde Estados Unidos. Para la recepci\u00f3n de vuelos, el Gobierno de Guatemala apoya a los migrantes que regresan al pa\u00eds con atenci\u00f3n integral y un trato digno a trav\u00e9s del Plan Retorno al Hogar. El primer vuelo, procedente de <a class=\"read-more\" href=\"https:\/\/elmetropolitano.com.gt\/es\/guatemala-recibe-a-187-migrantes-retornados-hoy-en-dos-vuelos-extraordinarios-desde-ee-uu\/\">Leer m\u00e1s<\/a><\/p>\n","protected":false},"author":1,"featured_media":96224,"comment_status":"open","ping_status":"closed","sticky":false,"template":"","format":"standard","meta":{"footnotes":""},"categories":[2],"tags":[12],"class_list":["post-96223","post","type-post","status-publish","format-standard","has-post-thumbnail","hentry","category-nacionales","tag-nacionales"],"_links":{"self":[{"href":"https:\/\/elmetropolitano.com.gt\/es\/wp-json\/wp\/v2\/posts\/96223","targetHints":{"allow":["GET"]}}],"collection":[{"href":"https:\/\/elmetropolitano.com.gt\/es\/wp-json\/wp\/v2\/posts"}],"about":[{"href":"https:\/\/elmetropolitano.com.gt\/es\/wp-json\/wp\/v2\/types\/post"}],"author":[{"embeddable":true,"href":"https:\/\/elmetropolitano.com.gt\/es\/wp-json\/wp\/v2\/users\/1"}],"replies":[{"embeddable":true,"href":"https:\/\/elmetropolitano.com.gt\/es\/wp-json\/wp\/v2\/comments?post=96223"}],"version-history":[{"count":1,"href":"https:\/\/elmetropolitano.com.gt\/es\/wp-json\/wp\/v2\/posts\/96223\/revisions"}],"predecessor-version":[{"id":96225,"href":"https:\/\/elmetropolitano.com.gt\/es\/wp-json\/wp\/v2\/posts\/96223\/revisions\/96225"}],"wp:featuredmedia":[{"embeddable":true,"href":"https:\/\/elmetropolitano.com.gt\/es\/wp-json\/wp\/v2\/media\/96224"}],"wp:attachment":[{"href":"https:\/\/elmetropolitano.com.gt\/es\/wp-json\/wp\/v2\/media?parent=96223"}],"wp:term":[{"taxonomy":"category","embeddable":true,"href":"https:\/\/elmetropolitano.com.gt\/es\/wp-json\/wp\/v2\/categories?post=96223"},{"taxonomy":"post_tag","embeddable":true,"href":"https:\/\/elmetropolitano.com.gt\/es\/wp-json\/wp\/v2\/tags?post=96223"}],"curies":[{"name":"wp","href":"https:\/\/api.w.org\/{rel}","templated":true}]}}