{"id":96226,"date":"2025-01-30T09:11:26","date_gmt":"2025-01-30T15:11:26","guid":{"rendered":"https:\/\/elmetropolitano.com.gt\/es\/?p=96226"},"modified":"2025-01-30T09:11:27","modified_gmt":"2025-01-30T15:11:27","slug":"bcie-busca-impulsar-proyectos-culturales-y-deportivos-en-guatemala","status":"publish","type":"post","link":"https:\/\/elmetropolitano.com.gt\/es\/bcie-busca-impulsar-proyectos-culturales-y-deportivos-en-guatemala\/","title":{"rendered":"BCIE busca impulsar proyectos culturales y deportivos en Guatemala"},"content":{"rendered":"\n<p>El Banco Centroamericano de Integraci\u00f3n Econ\u00f3mica (BCIE) reafirm\u00f3 su compromiso con el desarrollo cultural y deportivo en Guatemala durante una reuni\u00f3n con autoridades del Ministerio de Cultura y Deportes, celebrada en el Sal\u00f3n de Ministros del Palacio Nacional de la Cultura.<\/p>\n\n\n\n<p>As\u00ed lo inform\u00f3 la cartera de Cultura y Deportes:<\/p><div class=\"elmet-contenido\" id=\"elmet-1294803149\"><div class=\"elmet-adlabel\">Anuncios<\/div><div style=\"margin-top: 20px;margin-right: 20px;margin-bottom: 20px;margin-left: 20px;\" id=\"elmet-1161205589\"><a href=\"https:\/\/www.facebook.com\/arrincuanantigua\/\" aria-label=\"cintillo-arrin-cual\"><img loading=\"lazy\" decoding=\"async\" src=\"https:\/\/elmetropolitano.com.gt\/es\/wp-content\/uploads\/2021\/11\/cintillo-arrin-cual-1.jpg\" alt=\"\"  srcset=\"https:\/\/elmetropolitano.com.gt\/es\/wp-content\/uploads\/2021\/11\/cintillo-arrin-cual-1.jpg 750w, https:\/\/elmetropolitano.com.gt\/es\/wp-content\/uploads\/2021\/11\/cintillo-arrin-cual-1-300x36.jpg 300w, https:\/\/elmetropolitano.com.gt\/es\/wp-content\/uploads\/2021\/11\/cintillo-arrin-cual-1-600x72.jpg 600w\" sizes=\"(max-width: 750px) 100vw, 750px\" width=\"750\" height=\"90\"   \/><\/a><\/div><\/div>\n\n\n\n<p>La <a><\/a>reuni\u00f3n tuvo como objetivo explorar oportunidades de colaboraci\u00f3n en proyectos clave para el desarrollo del pa\u00eds en el \u00e1mbito cultural y deportivo.<\/p>\n\n\n\n<p>El encuentro fue liderado por la ministra Liwy Grazioso, quien estuvo acompa\u00f1ada por la viceministra de Patrimonio Cultural y Natural, Laura Cot\u00ed Lux; el viceministro de Cultura, Rodrigo Carrillo; el viceministro del Deporte y la Recreaci\u00f3n, Francisco Chang, as\u00ed como otros invitados especiales.<\/p>\n\n\n\n<p>La inversi\u00f3n<\/p>\n\n\n\n<p>Entre las principales propuestas que present\u00f3 el ministerio destacan la inversi\u00f3n en centros culturales, la protecci\u00f3n de zonas arqueol\u00f3gicas y la renovaci\u00f3n de espacios art\u00edsticos emblem\u00e1ticos.<\/p>\n\n\n\n<p>La ministra de Cultura y Deportes, Liwy Grazioso, expres\u00f3:<\/p>\n\n\n\n<p>Fue una reuni\u00f3n muy fruct\u00edfera porque establecimos contactos importantes con las autoridades del BCIE. El banco est\u00e1 muy interesado en Guatemala como pa\u00eds, y agradecemos contar con el apoyo de una instituci\u00f3n s\u00f3lida como esta.<\/p>\n\n\n\n<p>Uno de los proyectos que generaron mayor inter\u00e9s entre los representantes del BCIE fue el remozamiento del Centro Cultural Miguel \u00c1ngel Asturias, una de las joyas arquitect\u00f3nicas y culturales m\u00e1s representativas del pa\u00eds.<\/p>\n\n\n\n<p>Es momento de abordar un remozamiento serio. Aunque no es el tipo de proyecto tradicional en el que suelen involucrarse, discutimos c\u00f3mo este podr\u00eda ser un precedente innovador dentro de su cartera de inversi\u00f3n.<\/p>\n\n\n\n<p>Cultura en el desarrollo econ\u00f3mico<\/p>\n\n\n\n<p>Por su parte, el vicepresidente ejecutivo del BCIE, Jaime D\u00edaz, subray\u00f3 la importancia de fomentar la cultura como motor de desarrollo social y econ\u00f3mico:<\/p>\n\n\n\n<p>Tuvimos un acercamiento con la ministra y su equipo para identificar las prioridades de inversi\u00f3n en activos culturales y proyectos clave. La promoci\u00f3n de la cultura no solo fortalece el capital social, sino que tambi\u00e9n impulsa el desarrollo de una econom\u00eda din\u00e1mica.<\/p>\n\n\n\n<p>Analizamos las necesidades del ministerio, tanto en t\u00e9rminos de cooperaci\u00f3n como de inversi\u00f3n, y c\u00f3mo podemos acompa\u00f1arlos en los retos que plantea la agenda gubernamental que lideran el presidente Bernardo Ar\u00e9valo y la ministra Grazioso.<\/p>\n\n\n\n<p>El BCIE y el Ministerio de Cultura y Deportes continuar\u00e1n trabajando de manera conjunta para materializar proyectos que fortalezcan la identidad cultural del pa\u00eds y promuevan el acceso a espacios deportivos y art\u00edsticos. Con esta alianza, Guatemala da un paso firme hacia el desarrollo sostenible de su patrimonio cultural y social.<\/p>\n\n\n\n<p>Texto: Brenda Larios<\/p>\n","protected":false},"excerpt":{"rendered":"<p>El Banco Centroamericano de Integraci\u00f3n Econ\u00f3mica (BCIE) reafirm\u00f3 su compromiso con el desarrollo cultural y deportivo en Guatemala durante una reuni\u00f3n con autoridades del Ministerio de Cultura y Deportes, celebrada en el Sal\u00f3n de Ministros del Palacio Nacional de la Cultura. As\u00ed lo inform\u00f3 la cartera de Cultura y Deportes: La reuni\u00f3n tuvo como objetivo <a class=\"read-more\" href=\"https:\/\/elmetropolitano.com.gt\/es\/bcie-busca-impulsar-proyectos-culturales-y-deportivos-en-guatemala\/\">Leer m\u00e1s<\/a><\/p>\n","protected":false},"author":1,"featured_media":96227,"comment_status":"open","ping_status":"closed","sticky":false,"template":"","format":"standard","meta":{"footnotes":""},"categories":[2],"tags":[12],"class_list":["post-96226","post","type-post","status-publish","format-standard","has-post-thumbnail","hentry","category-nacionales","tag-nacionales"],"_links":{"self":[{"href":"https:\/\/elmetropolitano.com.gt\/es\/wp-json\/wp\/v2\/posts\/96226","targetHints":{"allow":["GET"]}}],"collection":[{"href":"https:\/\/elmetropolitano.com.gt\/es\/wp-json\/wp\/v2\/posts"}],"about":[{"href":"https:\/\/elmetropolitano.com.gt\/es\/wp-json\/wp\/v2\/types\/post"}],"author":[{"embeddable":true,"href":"https:\/\/elmetropolitano.com.gt\/es\/wp-json\/wp\/v2\/users\/1"}],"replies":[{"embeddable":true,"href":"https:\/\/elmetropolitano.com.gt\/es\/wp-json\/wp\/v2\/comments?post=96226"}],"version-history":[{"count":1,"href":"https:\/\/elmetropolitano.com.gt\/es\/wp-json\/wp\/v2\/posts\/96226\/revisions"}],"predecessor-version":[{"id":96228,"href":"https:\/\/elmetropolitano.com.gt\/es\/wp-json\/wp\/v2\/posts\/96226\/revisions\/96228"}],"wp:featuredmedia":[{"embeddable":true,"href":"https:\/\/elmetropolitano.com.gt\/es\/wp-json\/wp\/v2\/media\/96227"}],"wp:attachment":[{"href":"https:\/\/elmetropolitano.com.gt\/es\/wp-json\/wp\/v2\/media?parent=96226"}],"wp:term":[{"taxonomy":"category","embeddable":true,"href":"https:\/\/elmetropolitano.com.gt\/es\/wp-json\/wp\/v2\/categories?post=96226"},{"taxonomy":"post_tag","embeddable":true,"href":"https:\/\/elmetropolitano.com.gt\/es\/wp-json\/wp\/v2\/tags?post=96226"}],"curies":[{"name":"wp","href":"https:\/\/api.w.org\/{rel}","templated":true}]}}