{"id":96376,"date":"2025-01-31T19:16:49","date_gmt":"2025-02-01T01:16:49","guid":{"rendered":"https:\/\/elmetropolitano.com.gt\/es\/?p=96376"},"modified":"2025-01-31T19:16:49","modified_gmt":"2025-02-01T01:16:49","slug":"diputado-julio-portillo-no-sera-procesado-por-accidente-donde-murio-su-guardaespaldas-de-la-pnc","status":"publish","type":"post","link":"https:\/\/elmetropolitano.com.gt\/es\/diputado-julio-portillo-no-sera-procesado-por-accidente-donde-murio-su-guardaespaldas-de-la-pnc\/","title":{"rendered":"Diputado Julio Portillo no sera procesado por accidente donde muri\u00f3 su guardaespaldas de la PNC"},"content":{"rendered":"\n<p>El pol\u00e9mico juez B del Juzgado D\u00e9cimo Penal, Jimi Bremer, dict\u00f3 falta de m\u00e9rito en favor del diputado por Zacapa, Julio Portillo, y lo libr\u00f3 de ser procesado por homicidio culposo y lesiones culposas.<\/p>\n\n\n\n<p>Esto <a><\/a>debido a que el diputado Julio Portillo protagoniz\u00f3 el 13 de mayo de 2024 un accidente en el Centro Hist\u00f3rico de la Ciudad de Guatemala donde falleci\u00f3 el agente de la PNC Nery Eberto Ruano Morales y heridos otras dos personas<\/p><div class=\"elmet-contenido\" id=\"elmet-1597142801\"><div class=\"elmet-adlabel\">Anuncios<\/div><div style=\"margin-top: 20px;margin-right: 20px;margin-bottom: 20px;margin-left: 20px;\" id=\"elmet-72022912\"><a href=\"https:\/\/www.facebook.com\/arrincuanantigua\/\" aria-label=\"cintillo-arrin-cual\"><img loading=\"lazy\" decoding=\"async\" src=\"https:\/\/elmetropolitano.com.gt\/es\/wp-content\/uploads\/2021\/11\/cintillo-arrin-cual-1.jpg\" alt=\"\"  srcset=\"https:\/\/elmetropolitano.com.gt\/es\/wp-content\/uploads\/2021\/11\/cintillo-arrin-cual-1.jpg 750w, https:\/\/elmetropolitano.com.gt\/es\/wp-content\/uploads\/2021\/11\/cintillo-arrin-cual-1-300x36.jpg 300w, https:\/\/elmetropolitano.com.gt\/es\/wp-content\/uploads\/2021\/11\/cintillo-arrin-cual-1-600x72.jpg 600w\" sizes=\"(max-width: 750px) 100vw, 750px\" width=\"750\" height=\"90\"   \/><\/a><\/div><\/div>\n\n\n\n<p>Portillo acudi\u00f3 esta semana a dar su primera declaraci\u00f3n al ser citado pero a la audiencia, no acudieron todas las partes involucradas ni la persona que denunci\u00f3, solo asistieron el representante del Ministerio P\u00fablico (MP), el diputado y su defensa.<\/p>\n\n\n\n<p>El pol\u00e9mico Juez Jimi Bremer dict\u00f3 falta de m\u00e9rito a favor del diputado Julio Portillo, quien fue se\u00f1alado de los delito de homicidio culposo y lesiones culposas tras el accidente de tr\u00e1nsito que protagoniz\u00f3 el a\u00f1o pasado.<\/p>\n\n\n\n<p>Los analistas pol\u00edticos consideran que el poder de ser diputado salv\u00f3 a Julio Portillo de ser procesado y este casi ahora queda en la impunidad por que la justicia est\u00e1 al servicio de los m\u00e1s poderosos del pa\u00eds, as\u00ed es como funciona la justicia en Guatemala, persiguiendo ridiculeces y casos como este en libertad, es la triste realidad del poder judicial en el pa\u00eds.<\/p>\n\n\n\n<p><a href=\"https:\/\/www.facebook.com\/hashtag\/impunidad?__eep__=6&amp;__cft__[0]=AZXmBhxSpD_dZNlZ1NP6hIeuHN739sH7d1rnaNZUsxkn1UqTiF9m06Iq1pn2feF9AidoB9k5bXdxU8qFpc_n6MBzMhFREnYmv8cKxYQM1HVWiMOkUPqdomjjNrniivQuxj_Mp65UO7BtZdSx-n1hX6PQ1JCMFpGN8iUeHs9JVZ687e1jWuwihm6M5cfH-Z2b5Lw&amp;__tn__=*NK-R\">#Impunidad<\/a><a href=\"https:\/\/www.facebook.com\/hashtag\/metroredes?__eep__=6&amp;__cft__[0]=AZXmBhxSpD_dZNlZ1NP6hIeuHN739sH7d1rnaNZUsxkn1UqTiF9m06Iq1pn2feF9AidoB9k5bXdxU8qFpc_n6MBzMhFREnYmv8cKxYQM1HVWiMOkUPqdomjjNrniivQuxj_Mp65UO7BtZdSx-n1hX6PQ1JCMFpGN8iUeHs9JVZ687e1jWuwihm6M5cfH-Z2b5Lw&amp;__tn__=*NK-R\">#metroredes<\/a><\/p>\n\n\n\n<figure class=\"wp-block-gallery has-nested-images columns-default is-cropped wp-block-gallery-1 is-layout-flex wp-block-gallery-is-layout-flex\">\n<figure class=\"wp-block-image size-large\"><img loading=\"lazy\" decoding=\"async\" width=\"696\" height=\"464\" data-id=\"96378\" src=\"https:\/\/elmetropolitano.com.gt\/es\/wp-content\/uploads\/2025\/01\/475734316_1134981481961267_6316194834369933428_n.jpg\" alt=\"\" class=\"wp-image-96378\" srcset=\"https:\/\/elmetropolitano.com.gt\/es\/wp-content\/uploads\/2025\/01\/475734316_1134981481961267_6316194834369933428_n.jpg 696w, https:\/\/elmetropolitano.com.gt\/es\/wp-content\/uploads\/2025\/01\/475734316_1134981481961267_6316194834369933428_n-300x200.jpg 300w\" sizes=\"auto, (max-width: 696px) 100vw, 696px\" \/><\/figure>\n\n\n\n<figure class=\"wp-block-image size-large\"><img loading=\"lazy\" decoding=\"async\" width=\"1024\" height=\"768\" data-id=\"96380\" src=\"https:\/\/elmetropolitano.com.gt\/es\/wp-content\/uploads\/2025\/01\/475907025_1134981611961254_4985900111193423052_n.jpg\" alt=\"\" class=\"wp-image-96380\" srcset=\"https:\/\/elmetropolitano.com.gt\/es\/wp-content\/uploads\/2025\/01\/475907025_1134981611961254_4985900111193423052_n.jpg 1024w, https:\/\/elmetropolitano.com.gt\/es\/wp-content\/uploads\/2025\/01\/475907025_1134981611961254_4985900111193423052_n-300x225.jpg 300w, https:\/\/elmetropolitano.com.gt\/es\/wp-content\/uploads\/2025\/01\/475907025_1134981611961254_4985900111193423052_n-768x576.jpg 768w\" sizes=\"auto, (max-width: 1024px) 100vw, 1024px\" \/><\/figure>\n<\/figure>\n","protected":false},"excerpt":{"rendered":"<p>El pol\u00e9mico juez B del Juzgado D\u00e9cimo Penal, Jimi Bremer, dict\u00f3 falta de m\u00e9rito en favor del diputado por Zacapa, Julio Portillo, y lo libr\u00f3 de ser procesado por homicidio culposo y lesiones culposas. Esto debido a que el diputado Julio Portillo protagoniz\u00f3 el 13 de mayo de 2024 un accidente en el Centro Hist\u00f3rico <a class=\"read-more\" href=\"https:\/\/elmetropolitano.com.gt\/es\/diputado-julio-portillo-no-sera-procesado-por-accidente-donde-murio-su-guardaespaldas-de-la-pnc\/\">Leer m\u00e1s<\/a><\/p>\n","protected":false},"author":1,"featured_media":96377,"comment_status":"open","ping_status":"closed","sticky":false,"template":"","format":"standard","meta":{"footnotes":""},"categories":[2],"tags":[12],"class_list":["post-96376","post","type-post","status-publish","format-standard","has-post-thumbnail","hentry","category-nacionales","tag-nacionales"],"_links":{"self":[{"href":"https:\/\/elmetropolitano.com.gt\/es\/wp-json\/wp\/v2\/posts\/96376","targetHints":{"allow":["GET"]}}],"collection":[{"href":"https:\/\/elmetropolitano.com.gt\/es\/wp-json\/wp\/v2\/posts"}],"about":[{"href":"https:\/\/elmetropolitano.com.gt\/es\/wp-json\/wp\/v2\/types\/post"}],"author":[{"embeddable":true,"href":"https:\/\/elmetropolitano.com.gt\/es\/wp-json\/wp\/v2\/users\/1"}],"replies":[{"embeddable":true,"href":"https:\/\/elmetropolitano.com.gt\/es\/wp-json\/wp\/v2\/comments?post=96376"}],"version-history":[{"count":1,"href":"https:\/\/elmetropolitano.com.gt\/es\/wp-json\/wp\/v2\/posts\/96376\/revisions"}],"predecessor-version":[{"id":96381,"href":"https:\/\/elmetropolitano.com.gt\/es\/wp-json\/wp\/v2\/posts\/96376\/revisions\/96381"}],"wp:featuredmedia":[{"embeddable":true,"href":"https:\/\/elmetropolitano.com.gt\/es\/wp-json\/wp\/v2\/media\/96377"}],"wp:attachment":[{"href":"https:\/\/elmetropolitano.com.gt\/es\/wp-json\/wp\/v2\/media?parent=96376"}],"wp:term":[{"taxonomy":"category","embeddable":true,"href":"https:\/\/elmetropolitano.com.gt\/es\/wp-json\/wp\/v2\/categories?post=96376"},{"taxonomy":"post_tag","embeddable":true,"href":"https:\/\/elmetropolitano.com.gt\/es\/wp-json\/wp\/v2\/tags?post=96376"}],"curies":[{"name":"wp","href":"https:\/\/api.w.org\/{rel}","templated":true}]}}