{"id":96613,"date":"2025-02-05T13:04:52","date_gmt":"2025-02-05T19:04:52","guid":{"rendered":"https:\/\/elmetropolitano.com.gt\/es\/?p=96613"},"modified":"2025-02-05T13:04:53","modified_gmt":"2025-02-05T19:04:53","slug":"autoridades-del-minfin-se-reunen-con-una-delegacion-del-fmi","status":"publish","type":"post","link":"https:\/\/elmetropolitano.com.gt\/es\/autoridades-del-minfin-se-reunen-con-una-delegacion-del-fmi\/","title":{"rendered":"Autoridades del Minfin se re\u00fanen con una delegaci\u00f3n del FMI"},"content":{"rendered":"\n<p>La viceministra de Ingresos y Evaluaci\u00f3n Fiscal, Patricia Joach\u00edn, del Ministerio de Finanzas <a><\/a>P\u00fablicas (Minfin), se reuni\u00f3 con la misi\u00f3n t\u00e9cnica del Fondo Monetario Internacional (FMI) como parte de la Consulta al Cap\u00edtulo IV Un An\u00e1lisis Anual sobre la Econom\u00eda Guatemalteca.<\/p>\n\n\n\n<p>Durante la reuni\u00f3n se presentaron los resultados fiscales 2024 y perspectivas 2025 indic\u00f3 la Viceministra Patricia Joachin esto con el objetivo de \u201cpoder medir el riesgo y las vulnerabilidades de la econom\u00eda nacional\u201d<\/p><div class=\"elmet-contenido\" id=\"elmet-387167568\"><div class=\"elmet-adlabel\">Anuncios<\/div><div style=\"margin-top: 20px;margin-right: 20px;margin-bottom: 20px;margin-left: 20px;\" id=\"elmet-1393690774\"><a href=\"https:\/\/www.facebook.com\/arrincuanantigua\/\" aria-label=\"cintillo-arrin-cual\"><img loading=\"lazy\" decoding=\"async\" src=\"https:\/\/elmetropolitano.com.gt\/es\/wp-content\/uploads\/2021\/11\/cintillo-arrin-cual-1.jpg\" alt=\"\"  srcset=\"https:\/\/elmetropolitano.com.gt\/es\/wp-content\/uploads\/2021\/11\/cintillo-arrin-cual-1.jpg 750w, https:\/\/elmetropolitano.com.gt\/es\/wp-content\/uploads\/2021\/11\/cintillo-arrin-cual-1-300x36.jpg 300w, https:\/\/elmetropolitano.com.gt\/es\/wp-content\/uploads\/2021\/11\/cintillo-arrin-cual-1-600x72.jpg 600w\" sizes=\"(max-width: 750px) 100vw, 750px\" width=\"750\" height=\"90\"   \/><\/a><\/div><\/div>\n\n\n\n<p>Destac\u00f3 la funcionaria que estas visitas son importantes porque ayudan a fortalecer nuestras finanzas, pero tambi\u00e9n a mejorar el perfil crediticio del pa\u00eds.<\/p>\n\n\n\n<p>Esta delegaci\u00f3n estar\u00e1 en Guatemala toda la semana y se reunir\u00e1 con diferentes instituciones y sectores de la econom\u00eda, entre ellos autoridades del Banco de Guatemala. Con ello se muestran los resultados de Guatemala en 2024.<\/p>\n\n\n\n<p>Los temas<\/p>\n\n\n\n<p>La viceministra se\u00f1al\u00f3 que presentaron al FMI los resultados fiscales 2024 y perspectivas de Guatemala para el 2025. Indic\u00f3 que en 2024 la econom\u00eda de nuestro pa\u00eds fue din\u00e1mica, resiliente a las perturbaciones ex\u00f3genas, super\u00f3 las expectativas de crecimiento; su posici\u00f3n externa y fiscal es robusta, con bajo nivel de deuda y altas reservas externas.<\/p>\n\n\n\n<p>La visita del FMI es muy valiosa, debido a que es un socio estrat\u00e9gico para Guatemala en la provisi\u00f3n de asistencia t\u00e9cnica que nos permita mejorar la calidad del gasto y el desarrollo del mercado local de bonos del tesoro.<\/p>\n\n\n\n<p>Destac\u00f3 que, el a\u00f1o pasado, el Gobierno de Guatemala mostr\u00f3 su compromiso para impulsar y consensuar la aprobaci\u00f3n de reformas estructurales que permitan mejorar el clima de negocios y atraer inversiones e implement\u00f3 importantes acciones en la lucha contra la corrupci\u00f3n.<\/p>\n\n\n\n<p>Por \u00faltimo, agradeci\u00f3 el apoyo brindado en 2024 en la preparaci\u00f3n de una estrategia proactiva de la gesti\u00f3n de la deuda p\u00fablica y las consultas peri\u00f3dicas sobre el Art\u00edculo IV, que coadyuvan a identificar riesgos y vulnerabilidades.<\/p>\n\n\n\n<p>Metas 2025<\/p>\n\n\n\n<p>Durante la reuni\u00f3n, la viceministra inform\u00f3 sobre las metas a alcanzar este 2025:<\/p>\n\n\n\n<p>En 2025, nuestros esfuerzos est\u00e1n focalizados en la implementaci\u00f3n de la Ley de Competencia y de infraestructura para el desarrollo; la b\u00fasqueda de los consensos para la aprobaci\u00f3n de la ley de beneficiarios finales y la ley contra el lavado de dinero.<\/p>\n\n\n\n<p>A\u00f1adi\u00f3 que con la aprobaci\u00f3n del Presupuesto 2025 se encuentran definidas las prioridades para el segundo a\u00f1o de gobierno.<\/p>\n\n\n\n<p>El presupuesto lleva el gasto p\u00fablico al 15.4 % del producto interno bruto (PIB), d\u00e1ndole una mayor relevancia al gasto de capital.<\/p>\n\n\n\n<p>Agreg\u00f3 que esta pol\u00edtica tendr\u00e1 efectos positivos en el crecimiento econ\u00f3mico y el bienestar, teniendo como contraparte un aumento temporal y moderado en el d\u00e9ficit fiscal.<\/p>\n\n\n\n<p>Texto: Brenda Larios<\/p>\n\n\n\n<p><a href=\"https:\/\/www.facebook.com\/hashtag\/minfim?__eep__=6&amp;__cft__[0]=AZUZffi4HPnlVGFI0geTfODuZkik6O30xd_YqOLuYD8TfgUX_8SMTAmdR-io9u4dtnrwDYgg3if6QamcA_xPgcYAwTIRVbZCN3--7OHZa8s4OEQqXPxDRy5Q_3mtNADIdRUPW1itAXc56eTkHQXrwZMarClu0z0hUnnWF5sHSfXOB-KqjlMnaeTYANeJ52GWKG_ukjDnZqn0yE_Y-LavmRxNvHxkfxcLAxc0L0WyJ4G6DA&amp;__tn__=*NK-y-R\">#minfim<\/a><a href=\"https:\/\/www.facebook.com\/hashtag\/fmi?__eep__=6&amp;__cft__[0]=AZUZffi4HPnlVGFI0geTfODuZkik6O30xd_YqOLuYD8TfgUX_8SMTAmdR-io9u4dtnrwDYgg3if6QamcA_xPgcYAwTIRVbZCN3--7OHZa8s4OEQqXPxDRy5Q_3mtNADIdRUPW1itAXc56eTkHQXrwZMarClu0z0hUnnWF5sHSfXOB-KqjlMnaeTYANeJ52GWKG_ukjDnZqn0yE_Y-LavmRxNvHxkfxcLAxc0L0WyJ4G6DA&amp;__tn__=*NK-y-R\">#FMI<\/a><a href=\"https:\/\/www.facebook.com\/hashtag\/elfinancierogt?__eep__=6&amp;__cft__[0]=AZUZffi4HPnlVGFI0geTfODuZkik6O30xd_YqOLuYD8TfgUX_8SMTAmdR-io9u4dtnrwDYgg3if6QamcA_xPgcYAwTIRVbZCN3--7OHZa8s4OEQqXPxDRy5Q_3mtNADIdRUPW1itAXc56eTkHQXrwZMarClu0z0hUnnWF5sHSfXOB-KqjlMnaeTYANeJ52GWKG_ukjDnZqn0yE_Y-LavmRxNvHxkfxcLAxc0L0WyJ4G6DA&amp;__tn__=*NK-y-R\">#elfinancierogt<\/a><a href=\"https:\/\/www.facebook.com\/hashtag\/metroredes?__eep__=6&amp;__cft__[0]=AZUZffi4HPnlVGFI0geTfODuZkik6O30xd_YqOLuYD8TfgUX_8SMTAmdR-io9u4dtnrwDYgg3if6QamcA_xPgcYAwTIRVbZCN3--7OHZa8s4OEQqXPxDRy5Q_3mtNADIdRUPW1itAXc56eTkHQXrwZMarClu0z0hUnnWF5sHSfXOB-KqjlMnaeTYANeJ52GWKG_ukjDnZqn0yE_Y-LavmRxNvHxkfxcLAxc0L0WyJ4G6DA&amp;__tn__=*NK-y-R\">#metroredes<\/a><\/p>\n\n\n\n<figure class=\"wp-block-gallery has-nested-images columns-default is-cropped wp-block-gallery-1 is-layout-flex wp-block-gallery-is-layout-flex\">\n<figure class=\"wp-block-image size-large\"><img loading=\"lazy\" decoding=\"async\" width=\"1024\" height=\"682\" data-id=\"96617\" src=\"https:\/\/elmetropolitano.com.gt\/es\/wp-content\/uploads\/2025\/02\/476091949_122115223886661931_3617529051650487699_n-1024x682.jpg\" alt=\"\" class=\"wp-image-96617\" srcset=\"https:\/\/elmetropolitano.com.gt\/es\/wp-content\/uploads\/2025\/02\/476091949_122115223886661931_3617529051650487699_n-1024x682.jpg 1024w, https:\/\/elmetropolitano.com.gt\/es\/wp-content\/uploads\/2025\/02\/476091949_122115223886661931_3617529051650487699_n-300x200.jpg 300w, https:\/\/elmetropolitano.com.gt\/es\/wp-content\/uploads\/2025\/02\/476091949_122115223886661931_3617529051650487699_n-768x512.jpg 768w, https:\/\/elmetropolitano.com.gt\/es\/wp-content\/uploads\/2025\/02\/476091949_122115223886661931_3617529051650487699_n-1536x1023.jpg 1536w, https:\/\/elmetropolitano.com.gt\/es\/wp-content\/uploads\/2025\/02\/476091949_122115223886661931_3617529051650487699_n.jpg 1600w\" sizes=\"auto, (max-width: 1024px) 100vw, 1024px\" \/><\/figure>\n\n\n\n<figure class=\"wp-block-image size-large\"><img loading=\"lazy\" decoding=\"async\" width=\"1024\" height=\"683\" data-id=\"96619\" src=\"https:\/\/elmetropolitano.com.gt\/es\/wp-content\/uploads\/2025\/02\/476153469_122115223454661931_8434171377190144863_n-1024x683.jpg\" alt=\"\" class=\"wp-image-96619\" srcset=\"https:\/\/elmetropolitano.com.gt\/es\/wp-content\/uploads\/2025\/02\/476153469_122115223454661931_8434171377190144863_n-1024x683.jpg 1024w, https:\/\/elmetropolitano.com.gt\/es\/wp-content\/uploads\/2025\/02\/476153469_122115223454661931_8434171377190144863_n-300x200.jpg 300w, https:\/\/elmetropolitano.com.gt\/es\/wp-content\/uploads\/2025\/02\/476153469_122115223454661931_8434171377190144863_n-768x512.jpg 768w, https:\/\/elmetropolitano.com.gt\/es\/wp-content\/uploads\/2025\/02\/476153469_122115223454661931_8434171377190144863_n-1536x1025.jpg 1536w, https:\/\/elmetropolitano.com.gt\/es\/wp-content\/uploads\/2025\/02\/476153469_122115223454661931_8434171377190144863_n.jpg 2048w\" sizes=\"auto, (max-width: 1024px) 100vw, 1024px\" \/><\/figure>\n\n\n\n<figure class=\"wp-block-image size-large\"><img loading=\"lazy\" decoding=\"async\" width=\"1024\" height=\"682\" data-id=\"96616\" src=\"https:\/\/elmetropolitano.com.gt\/es\/wp-content\/uploads\/2025\/02\/476153975_122115223910661931_5154303540515485940_n-1024x682.jpg\" alt=\"\" class=\"wp-image-96616\" srcset=\"https:\/\/elmetropolitano.com.gt\/es\/wp-content\/uploads\/2025\/02\/476153975_122115223910661931_5154303540515485940_n-1024x682.jpg 1024w, https:\/\/elmetropolitano.com.gt\/es\/wp-content\/uploads\/2025\/02\/476153975_122115223910661931_5154303540515485940_n-300x200.jpg 300w, https:\/\/elmetropolitano.com.gt\/es\/wp-content\/uploads\/2025\/02\/476153975_122115223910661931_5154303540515485940_n-768x512.jpg 768w, https:\/\/elmetropolitano.com.gt\/es\/wp-content\/uploads\/2025\/02\/476153975_122115223910661931_5154303540515485940_n-1536x1023.jpg 1536w, https:\/\/elmetropolitano.com.gt\/es\/wp-content\/uploads\/2025\/02\/476153975_122115223910661931_5154303540515485940_n.jpg 1600w\" sizes=\"auto, (max-width: 1024px) 100vw, 1024px\" \/><\/figure>\n\n\n\n<figure class=\"wp-block-image size-large\"><img loading=\"lazy\" decoding=\"async\" width=\"1024\" height=\"682\" data-id=\"96615\" src=\"https:\/\/elmetropolitano.com.gt\/es\/wp-content\/uploads\/2025\/02\/476249996_122115223898661931_7542591734182950484_n-1024x682.jpg\" alt=\"\" class=\"wp-image-96615\" srcset=\"https:\/\/elmetropolitano.com.gt\/es\/wp-content\/uploads\/2025\/02\/476249996_122115223898661931_7542591734182950484_n-1024x682.jpg 1024w, https:\/\/elmetropolitano.com.gt\/es\/wp-content\/uploads\/2025\/02\/476249996_122115223898661931_7542591734182950484_n-300x200.jpg 300w, https:\/\/elmetropolitano.com.gt\/es\/wp-content\/uploads\/2025\/02\/476249996_122115223898661931_7542591734182950484_n-768x512.jpg 768w, https:\/\/elmetropolitano.com.gt\/es\/wp-content\/uploads\/2025\/02\/476249996_122115223898661931_7542591734182950484_n-1536x1023.jpg 1536w, https:\/\/elmetropolitano.com.gt\/es\/wp-content\/uploads\/2025\/02\/476249996_122115223898661931_7542591734182950484_n.jpg 1600w\" sizes=\"auto, (max-width: 1024px) 100vw, 1024px\" \/><\/figure>\n\n\n\n<figure class=\"wp-block-image size-large\"><img loading=\"lazy\" decoding=\"async\" width=\"1024\" height=\"682\" data-id=\"96618\" src=\"https:\/\/elmetropolitano.com.gt\/es\/wp-content\/uploads\/2025\/02\/476370722_122115223436661931_2339946186176859111_n-1-1024x682.jpg\" alt=\"\" class=\"wp-image-96618\" srcset=\"https:\/\/elmetropolitano.com.gt\/es\/wp-content\/uploads\/2025\/02\/476370722_122115223436661931_2339946186176859111_n-1-1024x682.jpg 1024w, https:\/\/elmetropolitano.com.gt\/es\/wp-content\/uploads\/2025\/02\/476370722_122115223436661931_2339946186176859111_n-1-300x200.jpg 300w, https:\/\/elmetropolitano.com.gt\/es\/wp-content\/uploads\/2025\/02\/476370722_122115223436661931_2339946186176859111_n-1-768x512.jpg 768w, https:\/\/elmetropolitano.com.gt\/es\/wp-content\/uploads\/2025\/02\/476370722_122115223436661931_2339946186176859111_n-1-1536x1023.jpg 1536w, https:\/\/elmetropolitano.com.gt\/es\/wp-content\/uploads\/2025\/02\/476370722_122115223436661931_2339946186176859111_n-1.jpg 1600w\" sizes=\"auto, (max-width: 1024px) 100vw, 1024px\" \/><\/figure>\n<\/figure>\n","protected":false},"excerpt":{"rendered":"<p>La viceministra de Ingresos y Evaluaci\u00f3n Fiscal, Patricia Joach\u00edn, del Ministerio de Finanzas P\u00fablicas (Minfin), se reuni\u00f3 con la misi\u00f3n t\u00e9cnica del Fondo Monetario Internacional (FMI) como parte de la Consulta al Cap\u00edtulo IV Un An\u00e1lisis Anual sobre la Econom\u00eda Guatemalteca. Durante la reuni\u00f3n se presentaron los resultados fiscales 2024 y perspectivas 2025 indic\u00f3 la <a class=\"read-more\" href=\"https:\/\/elmetropolitano.com.gt\/es\/autoridades-del-minfin-se-reunen-con-una-delegacion-del-fmi\/\">Leer m\u00e1s<\/a><\/p>\n","protected":false},"author":1,"featured_media":96614,"comment_status":"open","ping_status":"closed","sticky":false,"template":"","format":"standard","meta":{"footnotes":""},"categories":[21],"tags":[20],"class_list":["post-96613","post","type-post","status-publish","format-standard","has-post-thumbnail","hentry","category-economia","tag-economia"],"_links":{"self":[{"href":"https:\/\/elmetropolitano.com.gt\/es\/wp-json\/wp\/v2\/posts\/96613","targetHints":{"allow":["GET"]}}],"collection":[{"href":"https:\/\/elmetropolitano.com.gt\/es\/wp-json\/wp\/v2\/posts"}],"about":[{"href":"https:\/\/elmetropolitano.com.gt\/es\/wp-json\/wp\/v2\/types\/post"}],"author":[{"embeddable":true,"href":"https:\/\/elmetropolitano.com.gt\/es\/wp-json\/wp\/v2\/users\/1"}],"replies":[{"embeddable":true,"href":"https:\/\/elmetropolitano.com.gt\/es\/wp-json\/wp\/v2\/comments?post=96613"}],"version-history":[{"count":1,"href":"https:\/\/elmetropolitano.com.gt\/es\/wp-json\/wp\/v2\/posts\/96613\/revisions"}],"predecessor-version":[{"id":96620,"href":"https:\/\/elmetropolitano.com.gt\/es\/wp-json\/wp\/v2\/posts\/96613\/revisions\/96620"}],"wp:featuredmedia":[{"embeddable":true,"href":"https:\/\/elmetropolitano.com.gt\/es\/wp-json\/wp\/v2\/media\/96614"}],"wp:attachment":[{"href":"https:\/\/elmetropolitano.com.gt\/es\/wp-json\/wp\/v2\/media?parent=96613"}],"wp:term":[{"taxonomy":"category","embeddable":true,"href":"https:\/\/elmetropolitano.com.gt\/es\/wp-json\/wp\/v2\/categories?post=96613"},{"taxonomy":"post_tag","embeddable":true,"href":"https:\/\/elmetropolitano.com.gt\/es\/wp-json\/wp\/v2\/tags?post=96613"}],"curies":[{"name":"wp","href":"https:\/\/api.w.org\/{rel}","templated":true}]}}