{"id":96670,"date":"2025-02-07T09:52:30","date_gmt":"2025-02-07T15:52:30","guid":{"rendered":"https:\/\/elmetropolitano.com.gt\/es\/?p=96670"},"modified":"2025-02-07T09:52:30","modified_gmt":"2025-02-07T15:52:30","slug":"aeropuerto-internacional-mundo-maya-mejora-su-servicio-de-energia-electrica","status":"publish","type":"post","link":"https:\/\/elmetropolitano.com.gt\/es\/aeropuerto-internacional-mundo-maya-mejora-su-servicio-de-energia-electrica\/","title":{"rendered":"Aeropuerto Internacional Mundo Maya mejora su servicio de energ\u00eda el\u00e9ctrica"},"content":{"rendered":"\n<p>El Aeropuerto Internacional Mundo Maya, se realiz\u00f3 el montaje, instalaci\u00f3n y configuraci\u00f3n de un nuevo sistema el\u00e9ctrico (MODELO GGD ATS 2000) con capacidad de 2000 A, reemplazando la actual de 800 A, esto con el objetivo de mejorar el servicio de energ\u00eda el\u00e9ctrica en toda la terminal a\u00e9rea.<\/p>\n\n\n\n<p>Esta nueva ampliaci\u00f3n permitir\u00e1 la mejora en el servicio de energ\u00eda el\u00e9ctrica y sistema de aire acondicionado <a><\/a>de la terminal a\u00e9rea, beneficiando a los usuarios (pasajeros, operativos y locales comerciales).<\/p><div class=\"elmet-contenido\" id=\"elmet-1387427070\"><div class=\"elmet-adlabel\">Anuncios<\/div><div style=\"margin-top: 20px;margin-right: 20px;margin-bottom: 20px;margin-left: 20px;\" id=\"elmet-2721994531\"><a href=\"https:\/\/www.facebook.com\/arrincuanantigua\/\" aria-label=\"cintillo-arrin-cual\"><img loading=\"lazy\" decoding=\"async\" src=\"https:\/\/elmetropolitano.com.gt\/es\/wp-content\/uploads\/2021\/11\/cintillo-arrin-cual-1.jpg\" alt=\"\"  srcset=\"https:\/\/elmetropolitano.com.gt\/es\/wp-content\/uploads\/2021\/11\/cintillo-arrin-cual-1.jpg 750w, https:\/\/elmetropolitano.com.gt\/es\/wp-content\/uploads\/2021\/11\/cintillo-arrin-cual-1-300x36.jpg 300w, https:\/\/elmetropolitano.com.gt\/es\/wp-content\/uploads\/2021\/11\/cintillo-arrin-cual-1-600x72.jpg 600w\" sizes=\"(max-width: 750px) 100vw, 750px\" width=\"750\" height=\"90\"   \/><\/a><\/div><\/div>\n\n\n\n<p>\u201cDebido al incremento de usuarios, equipos y arrendatarios se gener\u00f3 una mayor demanda de energ\u00eda el\u00e9ctrica que fuera constante y estable; buscando mejorar la experiencia del usuario, se reemplaza y aumenta la capacidad el\u00e9ctrica\u00bb.expreso Edson Barrios, Administrador del Aeropuerto Internacional Mundo Maya<\/p>\n\n\n\n<p>El Aeropuerto Internacional Mundo Maya atendi\u00f3 durante el a\u00f1o 2024 a m\u00e1s de 365,422 pasajeros, logrando un incremento del 29% en comparaci\u00f3n al a\u00f1o 2023<\/p>\n\n\n\n<p><a href=\"https:\/\/www.facebook.com\/hashtag\/mundomaya?__eep__=6&amp;__cft__[0]=AZX0h4608HKB1AVoC_f0-N4FgPPd82g5AvWr5eAfLWG25IMzrdYgcmW-E4Dtl5saYdlbQGaLqCOZjvGKpOPCuMu73I6gHoyQgJuQQ61QtF8jusgfyxl_OZ5kFl2VFAoIlMOyQ0hIfps18Np2er7XZUhbNvz8N2945nNd52GvhLBfHhiHdYTYf148N4IkZJTaoOE&amp;__tn__=*NK-R\">#MundoMaya<\/a><a href=\"https:\/\/www.facebook.com\/hashtag\/peten?__eep__=6&amp;__cft__[0]=AZX0h4608HKB1AVoC_f0-N4FgPPd82g5AvWr5eAfLWG25IMzrdYgcmW-E4Dtl5saYdlbQGaLqCOZjvGKpOPCuMu73I6gHoyQgJuQQ61QtF8jusgfyxl_OZ5kFl2VFAoIlMOyQ0hIfps18Np2er7XZUhbNvz8N2945nNd52GvhLBfHhiHdYTYf148N4IkZJTaoOE&amp;__tn__=*NK-R\">#Peten<\/a><a href=\"https:\/\/www.facebook.com\/hashtag\/civ?__eep__=6&amp;__cft__[0]=AZX0h4608HKB1AVoC_f0-N4FgPPd82g5AvWr5eAfLWG25IMzrdYgcmW-E4Dtl5saYdlbQGaLqCOZjvGKpOPCuMu73I6gHoyQgJuQQ61QtF8jusgfyxl_OZ5kFl2VFAoIlMOyQ0hIfps18Np2er7XZUhbNvz8N2945nNd52GvhLBfHhiHdYTYf148N4IkZJTaoOE&amp;__tn__=*NK-R\">#Civ<\/a><a href=\"https:\/\/www.facebook.com\/hashtag\/metroredes?__eep__=6&amp;__cft__[0]=AZX0h4608HKB1AVoC_f0-N4FgPPd82g5AvWr5eAfLWG25IMzrdYgcmW-E4Dtl5saYdlbQGaLqCOZjvGKpOPCuMu73I6gHoyQgJuQQ61QtF8jusgfyxl_OZ5kFl2VFAoIlMOyQ0hIfps18Np2er7XZUhbNvz8N2945nNd52GvhLBfHhiHdYTYf148N4IkZJTaoOE&amp;__tn__=*NK-R\">#metroredes<\/a><\/p>\n\n\n\n<figure class=\"wp-block-gallery has-nested-images columns-default is-cropped wp-block-gallery-1 is-layout-flex wp-block-gallery-is-layout-flex\">\n<figure class=\"wp-block-image size-large\"><img loading=\"lazy\" decoding=\"async\" width=\"768\" height=\"1024\" data-id=\"96673\" src=\"https:\/\/elmetropolitano.com.gt\/es\/wp-content\/uploads\/2025\/02\/476161631_1140218364770912_4095882008697676421_n-768x1024.jpg\" alt=\"\" class=\"wp-image-96673\" srcset=\"https:\/\/elmetropolitano.com.gt\/es\/wp-content\/uploads\/2025\/02\/476161631_1140218364770912_4095882008697676421_n-768x1024.jpg 768w, https:\/\/elmetropolitano.com.gt\/es\/wp-content\/uploads\/2025\/02\/476161631_1140218364770912_4095882008697676421_n-225x300.jpg 225w, https:\/\/elmetropolitano.com.gt\/es\/wp-content\/uploads\/2025\/02\/476161631_1140218364770912_4095882008697676421_n.jpg 960w\" sizes=\"auto, (max-width: 768px) 100vw, 768px\" \/><\/figure>\n\n\n\n<figure class=\"wp-block-image size-large\"><img loading=\"lazy\" decoding=\"async\" width=\"1024\" height=\"768\" data-id=\"96674\" src=\"https:\/\/elmetropolitano.com.gt\/es\/wp-content\/uploads\/2025\/02\/476249794_1140218354770913_6377989807216049064_n-1024x768.jpg\" alt=\"\" class=\"wp-image-96674\" srcset=\"https:\/\/elmetropolitano.com.gt\/es\/wp-content\/uploads\/2025\/02\/476249794_1140218354770913_6377989807216049064_n-1024x768.jpg 1024w, https:\/\/elmetropolitano.com.gt\/es\/wp-content\/uploads\/2025\/02\/476249794_1140218354770913_6377989807216049064_n-300x225.jpg 300w, https:\/\/elmetropolitano.com.gt\/es\/wp-content\/uploads\/2025\/02\/476249794_1140218354770913_6377989807216049064_n-768x576.jpg 768w, https:\/\/elmetropolitano.com.gt\/es\/wp-content\/uploads\/2025\/02\/476249794_1140218354770913_6377989807216049064_n.jpg 1280w\" sizes=\"auto, (max-width: 1024px) 100vw, 1024px\" \/><\/figure>\n\n\n\n<figure class=\"wp-block-image size-large\"><img loading=\"lazy\" decoding=\"async\" width=\"400\" height=\"300\" data-id=\"96672\" src=\"https:\/\/elmetropolitano.com.gt\/es\/wp-content\/uploads\/2025\/02\/476797099_1140218131437602_2845032667390999398_n-1.jpg\" alt=\"\" class=\"wp-image-96672\" srcset=\"https:\/\/elmetropolitano.com.gt\/es\/wp-content\/uploads\/2025\/02\/476797099_1140218131437602_2845032667390999398_n-1.jpg 400w, https:\/\/elmetropolitano.com.gt\/es\/wp-content\/uploads\/2025\/02\/476797099_1140218131437602_2845032667390999398_n-1-300x225.jpg 300w\" sizes=\"auto, (max-width: 400px) 100vw, 400px\" \/><\/figure>\n<\/figure>\n","protected":false},"excerpt":{"rendered":"<p>El Aeropuerto Internacional Mundo Maya, se realiz\u00f3 el montaje, instalaci\u00f3n y configuraci\u00f3n de un nuevo sistema el\u00e9ctrico (MODELO GGD ATS 2000) con capacidad de 2000 A, reemplazando la actual de 800 A, esto con el objetivo de mejorar el servicio de energ\u00eda el\u00e9ctrica en toda la terminal a\u00e9rea. Esta nueva ampliaci\u00f3n permitir\u00e1 la mejora en <a class=\"read-more\" href=\"https:\/\/elmetropolitano.com.gt\/es\/aeropuerto-internacional-mundo-maya-mejora-su-servicio-de-energia-electrica\/\">Leer m\u00e1s<\/a><\/p>\n","protected":false},"author":1,"featured_media":96671,"comment_status":"open","ping_status":"closed","sticky":false,"template":"","format":"standard","meta":{"footnotes":""},"categories":[4],"tags":[13],"class_list":["post-96670","post","type-post","status-publish","format-standard","has-post-thumbnail","hentry","category-departamentales","tag-departamentales"],"_links":{"self":[{"href":"https:\/\/elmetropolitano.com.gt\/es\/wp-json\/wp\/v2\/posts\/96670","targetHints":{"allow":["GET"]}}],"collection":[{"href":"https:\/\/elmetropolitano.com.gt\/es\/wp-json\/wp\/v2\/posts"}],"about":[{"href":"https:\/\/elmetropolitano.com.gt\/es\/wp-json\/wp\/v2\/types\/post"}],"author":[{"embeddable":true,"href":"https:\/\/elmetropolitano.com.gt\/es\/wp-json\/wp\/v2\/users\/1"}],"replies":[{"embeddable":true,"href":"https:\/\/elmetropolitano.com.gt\/es\/wp-json\/wp\/v2\/comments?post=96670"}],"version-history":[{"count":1,"href":"https:\/\/elmetropolitano.com.gt\/es\/wp-json\/wp\/v2\/posts\/96670\/revisions"}],"predecessor-version":[{"id":96675,"href":"https:\/\/elmetropolitano.com.gt\/es\/wp-json\/wp\/v2\/posts\/96670\/revisions\/96675"}],"wp:featuredmedia":[{"embeddable":true,"href":"https:\/\/elmetropolitano.com.gt\/es\/wp-json\/wp\/v2\/media\/96671"}],"wp:attachment":[{"href":"https:\/\/elmetropolitano.com.gt\/es\/wp-json\/wp\/v2\/media?parent=96670"}],"wp:term":[{"taxonomy":"category","embeddable":true,"href":"https:\/\/elmetropolitano.com.gt\/es\/wp-json\/wp\/v2\/categories?post=96670"},{"taxonomy":"post_tag","embeddable":true,"href":"https:\/\/elmetropolitano.com.gt\/es\/wp-json\/wp\/v2\/tags?post=96670"}],"curies":[{"name":"wp","href":"https:\/\/api.w.org\/{rel}","templated":true}]}}