{"id":96716,"date":"2025-02-08T10:45:51","date_gmt":"2025-02-08T16:45:51","guid":{"rendered":"https:\/\/elmetropolitano.com.gt\/es\/?p=96716"},"modified":"2025-02-08T10:45:51","modified_gmt":"2025-02-08T16:45:51","slug":"fitch-ratings-eleva-perspectiva-de-calificacion-crediticia-de-guatemala-de-estable-a-positiva","status":"publish","type":"post","link":"https:\/\/elmetropolitano.com.gt\/es\/fitch-ratings-eleva-perspectiva-de-calificacion-crediticia-de-guatemala-de-estable-a-positiva\/","title":{"rendered":"Fitch Ratings eleva perspectiva de calificaci\u00f3n crediticia de Guatemala de \u201cestable\u201d a \u201cpositiva\u201d"},"content":{"rendered":"\n<p>La calificadora de riesgo internacional Fitch Ratings decidi\u00f3 <a><\/a>elevar la perspectiva de la calificaci\u00f3n crediticia soberana de Guatemala de estable a positiva. La calificaci\u00f3n crediticia soberana se confirma en BB.<\/p>\n\n\n\n<p>\u201cEsta acci\u00f3n de calificaci\u00f3n positiva marca otro voto de confianza de los actores del mercado internacional sobre la pol\u00edtica econ\u00f3mica del gobierno del presidente Bernardo Ar\u00e9valo y la vicepresidenta Karin Herrera\u201d indic\u00f3 el Ministerio de Finanzas P\u00fablicas<\/p><div class=\"elmet-contenido\" id=\"elmet-4193916460\"><div class=\"elmet-adlabel\">Anuncios<\/div><div style=\"margin-top: 20px;margin-right: 20px;margin-bottom: 20px;margin-left: 20px;\" id=\"elmet-1786992776\"><a href=\"https:\/\/www.facebook.com\/arrincuanantigua\/\" aria-label=\"cintillo-arrin-cual\"><img loading=\"lazy\" decoding=\"async\" src=\"https:\/\/elmetropolitano.com.gt\/es\/wp-content\/uploads\/2021\/11\/cintillo-arrin-cual-1.jpg\" alt=\"\"  srcset=\"https:\/\/elmetropolitano.com.gt\/es\/wp-content\/uploads\/2021\/11\/cintillo-arrin-cual-1.jpg 750w, https:\/\/elmetropolitano.com.gt\/es\/wp-content\/uploads\/2021\/11\/cintillo-arrin-cual-1-300x36.jpg 300w, https:\/\/elmetropolitano.com.gt\/es\/wp-content\/uploads\/2021\/11\/cintillo-arrin-cual-1-600x72.jpg 600w\" sizes=\"(max-width: 750px) 100vw, 750px\" width=\"750\" height=\"90\"   \/><\/a><\/div><\/div>\n\n\n\n<p>Los analistas motivaron notablemente su decisi\u00f3n a la luz del s\u00f3lido impulso del crecimiento, la prudencia de la pol\u00edtica fiscal y monetaria y la acumulaci\u00f3n de reservas externas.<\/p>\n\n\n\n<p>Tambi\u00e9n, subrayaron los progresos realizados por la administraci\u00f3n en las reformas institucionales, y su capacidad para navegar en un entorno mundial vol\u00e1til.<\/p>\n\n\n\n<p>Otros avances<\/p>\n\n\n\n<p>En comparaci\u00f3n con las publicaciones anteriores, mencionan claros progresos en materia de gobernanza y elogian el plan fiscal de la administraci\u00f3n.<\/p>\n\n\n\n<p>\u201cEs importante observar que la expansi\u00f3n fiscal se valora muy positivamente como una forma de abordar los cuellos de botella de las infraestructuras y las necesidades sociales sin perjudicar la sostenibilidad fiscal\u201d se indic\u00f3<\/p>\n\n\n\n<p>Esta decisi\u00f3n confirma una vez m\u00e1s que Guatemala se ha embarcado en una senda de desarrollo positiva y constituye un hito importante en el camino del pa\u00eds hacia el grado de inversi\u00f3n.<\/p>\n\n\n\n<p>El Ministerio de Finanzas P\u00fablicas est\u00e1 continuamente en contacto con los actores del mercado internacional en sus esfuerzos por apoyar el perfil de riesgo crediticio de Guatemala.<\/p>\n\n\n\n<p>Adem\u00e1s, continuar\u00e1 su di\u00e1logo con todas las partes interesadas como parte de la Mesa Interinstitucional para el An\u00e1lisis de la Calificaci\u00f3n de Riesgo Pa\u00eds (Minapa).<\/p>\n\n\n\n<p>La visita<\/p>\n\n\n\n<p>La agencia calificadora de riesgo Fitch Ratings visit\u00f3 Guatemala el 18 de enero del presente a\u00f1o para evaluar su perfil crediticio, sosteniendo reuniones con autoridades clave del Ministerio de Finanzas P\u00fablicas y el Banco de Guatemala.<\/p>\n\n\n\n<p>La viceministra de Ingresos y Evaluaci\u00f3n Fiscal del Ministerio de Finanzas, Patricia Joach\u00edn, destac\u00f3 que durante el encuentro se presentaron los principales resultados fiscales de 2024, se discutieron aspectos del presupuesto para 2025, avances en gobernabilidad y una estrategia de financiamiento a mediano plazo.<\/p>\n\n\n\n<p>En esa fecha, \u00c1lvaro Gonz\u00e1lez Ricci, presidente del Banco de Guatemala, calific\u00f3 la reuni\u00f3n como positiva y resalt\u00f3 que Guatemala merec\u00eda una mejora en su perspectiva crediticia, de BB con perspectiva estable a BB con perspectiva positiva.<\/p>\n\n\n\n<p>La visita de Fitch Ratings fue la primera de tres calificadoras que se espera arriben a Guatemala durante el presente a\u00f1o, logrando percatarse de primera mano del crecimiento econ\u00f3mico que lleva a cabo Guatemala.<\/p>\n\n\n\n<p>Esta mejora en la perspectiva de calificaci\u00f3n de Guatemala (BB con perspectiva positiva), la naci\u00f3n queda a un paso de alcanzar el grado de inversi\u00f3n seg\u00fan las m\u00e9tricas de Fitch Ratings.<\/p>\n\n\n\n<p><a href=\"https:\/\/www.facebook.com\/hashtag\/mifin?__eep__=6&amp;__cft__[0]=AZXNTihNZPDxiorZw4h2-paKL3vVkiqlfUKi8r32tNqMGxsdJRZd9IVvJ6yyjbmcHLC9-IeIFY9rOoNt_w6kQkwt5EXmc88sst_oHJp05RLjc7f8f3isjyj5QOfhKbuJrQ3XJiiuYMbHsGExcOk6-W7nfIaaEYooU6IGcRmTRF5n2n8918CZFy6Fnveh1hOJ7XoQKkXr9Xw4TzeNHRtRPxffsHFCWpZchLyIYywaF8LYoA&amp;__tn__=*NK-y-R\">#mifin<\/a><a href=\"https:\/\/www.facebook.com\/hashtag\/banguat?__eep__=6&amp;__cft__[0]=AZXNTihNZPDxiorZw4h2-paKL3vVkiqlfUKi8r32tNqMGxsdJRZd9IVvJ6yyjbmcHLC9-IeIFY9rOoNt_w6kQkwt5EXmc88sst_oHJp05RLjc7f8f3isjyj5QOfhKbuJrQ3XJiiuYMbHsGExcOk6-W7nfIaaEYooU6IGcRmTRF5n2n8918CZFy6Fnveh1hOJ7XoQKkXr9Xw4TzeNHRtRPxffsHFCWpZchLyIYywaF8LYoA&amp;__tn__=*NK-y-R\">#Banguat<\/a><a href=\"https:\/\/www.facebook.com\/hashtag\/elfinancierogt?__eep__=6&amp;__cft__[0]=AZXNTihNZPDxiorZw4h2-paKL3vVkiqlfUKi8r32tNqMGxsdJRZd9IVvJ6yyjbmcHLC9-IeIFY9rOoNt_w6kQkwt5EXmc88sst_oHJp05RLjc7f8f3isjyj5QOfhKbuJrQ3XJiiuYMbHsGExcOk6-W7nfIaaEYooU6IGcRmTRF5n2n8918CZFy6Fnveh1hOJ7XoQKkXr9Xw4TzeNHRtRPxffsHFCWpZchLyIYywaF8LYoA&amp;__tn__=*NK-y-R\">#elfinancierogt<\/a><a href=\"https:\/\/www.facebook.com\/hashtag\/economiasana?__eep__=6&amp;__cft__[0]=AZXNTihNZPDxiorZw4h2-paKL3vVkiqlfUKi8r32tNqMGxsdJRZd9IVvJ6yyjbmcHLC9-IeIFY9rOoNt_w6kQkwt5EXmc88sst_oHJp05RLjc7f8f3isjyj5QOfhKbuJrQ3XJiiuYMbHsGExcOk6-W7nfIaaEYooU6IGcRmTRF5n2n8918CZFy6Fnveh1hOJ7XoQKkXr9Xw4TzeNHRtRPxffsHFCWpZchLyIYywaF8LYoA&amp;__tn__=*NK-y-R\">#economiasana<\/a><a href=\"https:\/\/www.facebook.com\/hashtag\/metroredes?__eep__=6&amp;__cft__[0]=AZXNTihNZPDxiorZw4h2-paKL3vVkiqlfUKi8r32tNqMGxsdJRZd9IVvJ6yyjbmcHLC9-IeIFY9rOoNt_w6kQkwt5EXmc88sst_oHJp05RLjc7f8f3isjyj5QOfhKbuJrQ3XJiiuYMbHsGExcOk6-W7nfIaaEYooU6IGcRmTRF5n2n8918CZFy6Fnveh1hOJ7XoQKkXr9Xw4TzeNHRtRPxffsHFCWpZchLyIYywaF8LYoA&amp;__tn__=*NK-y-R\">#metroredes<\/a> <a href=\"https:\/\/l.facebook.com\/l.php?u=http%3A%2F%2FWww.elmetropolitano.com.gt%2F%3Ffbclid%3DIwZXh0bgNhZW0CMTAAAR1TrpRudiNP7MnEfSV2CqwhLakINyPktEAuA6iRlQSOyd-xeh4V6FA2Rhw_aem_1yaehBSmrvkNZJKpPi96LQ&amp;h=AT37izt-LZLV-92CTZYQqgr7GfPxzZPgp8dYfQdyxES_GpZfdz4crWoah__2aim8jjKgFJXE-GTbeLaYtYKGyQ5-h_wXhQ_1eTrTv1ZM7x0i2f45ZigIlYkYSxBW6DWbvOTD&amp;__tn__=-UK-y-R&amp;c[0]=AT22K9LasnGu9YioAKXXtVw7-K-fAXChKZAyoiM1GoUgBiYZIUDUYP0cEB66UmfRA-4HdPVZ2IRxDMI5YxXWuX3Em7B9yed-vSmZ_ArzdN4P7O7LcR2lXTCm-GOmfSe0V7YYQcEzwc5V2iQsSghp90ZBaPXk79qiQvGFZVOXdarn8Z6zpnChVlQl8mI2zUGu66oIdFIvonQGmlTmfldynqfiiesGkxdGHrcI8iQ7GALEh5tN4SE\" target=\"_blank\" rel=\"noreferrer noopener\">Www.elmetropolitano.com.gt<\/a><\/p>\n\n\n\n<p><a href=\"https:\/\/l.facebook.com\/l.php?u=http%3A%2F%2FWww.metroredes.com%2F%3Ffbclid%3DIwZXh0bgNhZW0CMTAAAR3-6jw1w3RWZcDvbI0VXkxOAnGRsstL9T3g_fmEaSj92kYS2hMiz4MXVLg_aem_YZGIJ2MCwyg5a4U_NApJPA&amp;h=AT1L2-jUumLBdt7RdNW66fEjoca6Ei6LgTzD8NlFVY1N_EZzNQ9OCcTlYKaNZDPRUXOjcLn0WGNxCUmWE3pt6zrY0L9H7t4HhGfl_eVuSpxLSspT3JadcpYZQlplLEdCMaX3&amp;__tn__=-UK-y-R&amp;c[0]=AT22K9LasnGu9YioAKXXtVw7-K-fAXChKZAyoiM1GoUgBiYZIUDUYP0cEB66UmfRA-4HdPVZ2IRxDMI5YxXWuX3Em7B9yed-vSmZ_ArzdN4P7O7LcR2lXTCm-GOmfSe0V7YYQcEzwc5V2iQsSghp90ZBaPXk79qiQvGFZVOXdarn8Z6zpnChVlQl8mI2zUGu66oIdFIvonQGmlTmfldynqfiiesGkxdGHrcI8iQ7GALEh5tN4SE\" target=\"_blank\" rel=\"noreferrer noopener\">Www.metroredes.com<\/a> <a href=\"https:\/\/l.facebook.com\/l.php?u=http%3A%2F%2FWww.elescuintleco.com%2F%3Ffbclid%3DIwZXh0bgNhZW0CMTAAAR2bjhX0JZzR2ejCrbnRiG1HHrpbHRcql2Mzg1whjYQfpm2Y4q9NKKULkno_aem_5MyBMZnNAnkfA1ZzqSn1kw&amp;h=AT0BfX-kHQC-clidGLDtJ4RsZDguDTNP6HoSDCiM821Mm7BnoCPZDBY0pcEWkEdba1RzlyVXDUTV_eo2u34AsY0fhZUbbkVwBMFGL-qBWsgT2lCPFfpGll3XLxE47piANG_b&amp;__tn__=-UK-y-R&amp;c[0]=AT22K9LasnGu9YioAKXXtVw7-K-fAXChKZAyoiM1GoUgBiYZIUDUYP0cEB66UmfRA-4HdPVZ2IRxDMI5YxXWuX3Em7B9yed-vSmZ_ArzdN4P7O7LcR2lXTCm-GOmfSe0V7YYQcEzwc5V2iQsSghp90ZBaPXk79qiQvGFZVOXdarn8Z6zpnChVlQl8mI2zUGu66oIdFIvonQGmlTmfldynqfiiesGkxdGHrcI8iQ7GALEh5tN4SE\" target=\"_blank\" rel=\"noreferrer noopener\">Www.elescuintleco.com<\/a><\/p>\n\n\n\n<figure class=\"wp-block-gallery has-nested-images columns-default is-cropped wp-block-gallery-1 is-layout-flex wp-block-gallery-is-layout-flex\">\n<figure class=\"wp-block-image size-large\"><img loading=\"lazy\" decoding=\"async\" width=\"1024\" height=\"512\" data-id=\"96719\" src=\"https:\/\/elmetropolitano.com.gt\/es\/wp-content\/uploads\/2025\/02\/476347900_122115571028661931_1518272290904003933_n-1-1024x512.jpg\" alt=\"\" class=\"wp-image-96719\" srcset=\"https:\/\/elmetropolitano.com.gt\/es\/wp-content\/uploads\/2025\/02\/476347900_122115571028661931_1518272290904003933_n-1-1024x512.jpg 1024w, https:\/\/elmetropolitano.com.gt\/es\/wp-content\/uploads\/2025\/02\/476347900_122115571028661931_1518272290904003933_n-1-300x150.jpg 300w, https:\/\/elmetropolitano.com.gt\/es\/wp-content\/uploads\/2025\/02\/476347900_122115571028661931_1518272290904003933_n-1-768x384.jpg 768w, https:\/\/elmetropolitano.com.gt\/es\/wp-content\/uploads\/2025\/02\/476347900_122115571028661931_1518272290904003933_n-1.jpg 1140w\" sizes=\"auto, (max-width: 1024px) 100vw, 1024px\" \/><\/figure>\n\n\n\n<figure class=\"wp-block-image size-large\"><img loading=\"lazy\" decoding=\"async\" width=\"695\" height=\"900\" data-id=\"96718\" src=\"https:\/\/elmetropolitano.com.gt\/es\/wp-content\/uploads\/2025\/02\/476362170_122115570776661931_1863383631500737171_n.jpg\" alt=\"\" class=\"wp-image-96718\" srcset=\"https:\/\/elmetropolitano.com.gt\/es\/wp-content\/uploads\/2025\/02\/476362170_122115570776661931_1863383631500737171_n.jpg 695w, https:\/\/elmetropolitano.com.gt\/es\/wp-content\/uploads\/2025\/02\/476362170_122115570776661931_1863383631500737171_n-232x300.jpg 232w\" sizes=\"auto, (max-width: 695px) 100vw, 695px\" \/><\/figure>\n<\/figure>\n","protected":false},"excerpt":{"rendered":"<p>La calificadora de riesgo internacional Fitch Ratings decidi\u00f3 elevar la perspectiva de la calificaci\u00f3n crediticia soberana de Guatemala de estable a positiva. La calificaci\u00f3n crediticia soberana se confirma en BB. \u201cEsta acci\u00f3n de calificaci\u00f3n positiva marca otro voto de confianza de los actores del mercado internacional sobre la pol\u00edtica econ\u00f3mica del gobierno del presidente Bernardo <a class=\"read-more\" href=\"https:\/\/elmetropolitano.com.gt\/es\/fitch-ratings-eleva-perspectiva-de-calificacion-crediticia-de-guatemala-de-estable-a-positiva\/\">Leer m\u00e1s<\/a><\/p>\n","protected":false},"author":1,"featured_media":96717,"comment_status":"open","ping_status":"closed","sticky":false,"template":"","format":"standard","meta":{"footnotes":""},"categories":[21],"tags":[20],"class_list":["post-96716","post","type-post","status-publish","format-standard","has-post-thumbnail","hentry","category-economia","tag-economia"],"_links":{"self":[{"href":"https:\/\/elmetropolitano.com.gt\/es\/wp-json\/wp\/v2\/posts\/96716","targetHints":{"allow":["GET"]}}],"collection":[{"href":"https:\/\/elmetropolitano.com.gt\/es\/wp-json\/wp\/v2\/posts"}],"about":[{"href":"https:\/\/elmetropolitano.com.gt\/es\/wp-json\/wp\/v2\/types\/post"}],"author":[{"embeddable":true,"href":"https:\/\/elmetropolitano.com.gt\/es\/wp-json\/wp\/v2\/users\/1"}],"replies":[{"embeddable":true,"href":"https:\/\/elmetropolitano.com.gt\/es\/wp-json\/wp\/v2\/comments?post=96716"}],"version-history":[{"count":1,"href":"https:\/\/elmetropolitano.com.gt\/es\/wp-json\/wp\/v2\/posts\/96716\/revisions"}],"predecessor-version":[{"id":96720,"href":"https:\/\/elmetropolitano.com.gt\/es\/wp-json\/wp\/v2\/posts\/96716\/revisions\/96720"}],"wp:featuredmedia":[{"embeddable":true,"href":"https:\/\/elmetropolitano.com.gt\/es\/wp-json\/wp\/v2\/media\/96717"}],"wp:attachment":[{"href":"https:\/\/elmetropolitano.com.gt\/es\/wp-json\/wp\/v2\/media?parent=96716"}],"wp:term":[{"taxonomy":"category","embeddable":true,"href":"https:\/\/elmetropolitano.com.gt\/es\/wp-json\/wp\/v2\/categories?post=96716"},{"taxonomy":"post_tag","embeddable":true,"href":"https:\/\/elmetropolitano.com.gt\/es\/wp-json\/wp\/v2\/tags?post=96716"}],"curies":[{"name":"wp","href":"https:\/\/api.w.org\/{rel}","templated":true}]}}