{"id":96726,"date":"2025-02-08T11:16:40","date_gmt":"2025-02-08T17:16:40","guid":{"rendered":"https:\/\/elmetropolitano.com.gt\/es\/?p=96726"},"modified":"2025-02-08T11:16:40","modified_gmt":"2025-02-08T17:16:40","slug":"conap-coordina-acciones-por-muerte-de-una-ballena-en-playas-de-santa-rosa","status":"publish","type":"post","link":"https:\/\/elmetropolitano.com.gt\/es\/conap-coordina-acciones-por-muerte-de-una-ballena-en-playas-de-santa-rosa\/","title":{"rendered":"Conap coordina acciones por muerte de una ballena en playas de Santa Rosa"},"content":{"rendered":"\n<p>Una ballena de aproximadamente 15 metros de largo y con un peso estimado de entre 25 y 40 toneladas fue hallada en estado de descomposici\u00f3n y varada en la playa Hawaii, en jurisdicci\u00f3n de la aldea Las Ma\u00f1anitas, en Chiquimulilla, Santa Rosa.<\/p>\n\n\n\n<p>Ante este hallazgo, el Consejo Nacional de \u00c1reas Protegidas (Conap) moviliz\u00f3 a su personal en la regi\u00f3n suroriente para identificar la especie y llevar a cabo las <a><\/a>gestiones necesarias para su adecuado manejo, garantizando la seguridad de los visitantes y de la comunidad local. En este sentido, acordonaron el \u00e1rea para crear un per\u00edmetro seguro para las personas del lugar, debido al peligro que representan los gases derivados del proceso de descomposici\u00f3n del cuerpo del cet\u00e1ceo.<\/p><div class=\"elmet-contenido\" id=\"elmet-2299715851\"><div class=\"elmet-adlabel\">Anuncios<\/div><div style=\"margin-top: 20px;margin-right: 20px;margin-bottom: 20px;margin-left: 20px;\" id=\"elmet-2711829044\"><a href=\"https:\/\/www.facebook.com\/arrincuanantigua\/\" aria-label=\"cintillo-arrin-cual\"><img loading=\"lazy\" decoding=\"async\" src=\"https:\/\/elmetropolitano.com.gt\/es\/wp-content\/uploads\/2021\/11\/cintillo-arrin-cual-1.jpg\" alt=\"\"  srcset=\"https:\/\/elmetropolitano.com.gt\/es\/wp-content\/uploads\/2021\/11\/cintillo-arrin-cual-1.jpg 750w, https:\/\/elmetropolitano.com.gt\/es\/wp-content\/uploads\/2021\/11\/cintillo-arrin-cual-1-300x36.jpg 300w, https:\/\/elmetropolitano.com.gt\/es\/wp-content\/uploads\/2021\/11\/cintillo-arrin-cual-1-600x72.jpg 600w\" sizes=\"(max-width: 750px) 100vw, 750px\" width=\"750\" height=\"90\"   \/><\/a><\/div><\/div>\n\n\n\n<p>Marlon Chil\u00edn Molina, asesor profesional costero marino de la Direcci\u00f3n Regional Suroriente del Conap, reafirm\u00f3 el compromiso de la instituci\u00f3n en la conservaci\u00f3n y protecci\u00f3n de la vida marina, as\u00ed como en la gesti\u00f3n de situaciones de este tipo para evitar riesgos ambientales y de salud p\u00fablica.<\/p>\n\n\n\n<p>Retiro del cad\u00e1ver<\/p>\n\n\n\n<p>La instituci\u00f3n est\u00e1 coordinando los esfuerzos con autoridades locales y aliados en tareas relacionadas con la biodiversidad, como ARCAS, para retirar el cet\u00e1ceo de la playa, tarea que representa un gran desaf\u00edo log\u00edstico debido a su tama\u00f1o y peso.<\/p>\n\n\n\n<p>Entre las opciones que se eval\u00faan para el manejo del cuerpo de la ballena est\u00e1n el entierro en la zona o su traslado mar adentro. Las autoridades recomendaron reportar cualquier avistamiento de fauna marina en peligro o en situaci\u00f3n de varamiento a las instancias correspondientes.<\/p>\n\n\n\n<p>Texto: Sindicato Alonso<\/p>\n\n\n\n<p><a href=\"https:\/\/www.facebook.com\/hashtag\/conap?__eep__=6&amp;__cft__[0]=AZVmHtMMJAsdUBk-0U4f4RKNztETPrWy-blofqWxU0COKpJsuaT8uDoA2ft2Q9E1DZg8lKeMDtcXjsElc91J-vuQ4lwLCqiqyiy-3h36W1WXqz_poEdrmjSclblqwbr76oXt36uiUFE5hiOtIFCzTRMCCDWGnvrDIpYzUTd93laMU6v2cs2P-795eFJizSJ92w8&amp;__tn__=*NK-R\">#CONAP<\/a><a href=\"https:\/\/www.facebook.com\/hashtag\/santarosa?__eep__=6&amp;__cft__[0]=AZVmHtMMJAsdUBk-0U4f4RKNztETPrWy-blofqWxU0COKpJsuaT8uDoA2ft2Q9E1DZg8lKeMDtcXjsElc91J-vuQ4lwLCqiqyiy-3h36W1WXqz_poEdrmjSclblqwbr76oXt36uiUFE5hiOtIFCzTRMCCDWGnvrDIpYzUTd93laMU6v2cs2P-795eFJizSJ92w8&amp;__tn__=*NK-R\">#SantaRosa<\/a><a href=\"https:\/\/www.facebook.com\/hashtag\/chiquimulilla?__eep__=6&amp;__cft__[0]=AZVmHtMMJAsdUBk-0U4f4RKNztETPrWy-blofqWxU0COKpJsuaT8uDoA2ft2Q9E1DZg8lKeMDtcXjsElc91J-vuQ4lwLCqiqyiy-3h36W1WXqz_poEdrmjSclblqwbr76oXt36uiUFE5hiOtIFCzTRMCCDWGnvrDIpYzUTd93laMU6v2cs2P-795eFJizSJ92w8&amp;__tn__=*NK-R\">#Chiquimulilla<\/a><\/p>\n","protected":false},"excerpt":{"rendered":"<p>Una ballena de aproximadamente 15 metros de largo y con un peso estimado de entre 25 y 40 toneladas fue hallada en estado de descomposici\u00f3n y varada en la playa Hawaii, en jurisdicci\u00f3n de la aldea Las Ma\u00f1anitas, en Chiquimulilla, Santa Rosa. Ante este hallazgo, el Consejo Nacional de \u00c1reas Protegidas (Conap) moviliz\u00f3 a su <a class=\"read-more\" href=\"https:\/\/elmetropolitano.com.gt\/es\/conap-coordina-acciones-por-muerte-de-una-ballena-en-playas-de-santa-rosa\/\">Leer m\u00e1s<\/a><\/p>\n","protected":false},"author":1,"featured_media":96727,"comment_status":"open","ping_status":"closed","sticky":false,"template":"","format":"standard","meta":{"footnotes":""},"categories":[4],"tags":[13],"class_list":["post-96726","post","type-post","status-publish","format-standard","has-post-thumbnail","hentry","category-departamentales","tag-departamentales"],"_links":{"self":[{"href":"https:\/\/elmetropolitano.com.gt\/es\/wp-json\/wp\/v2\/posts\/96726","targetHints":{"allow":["GET"]}}],"collection":[{"href":"https:\/\/elmetropolitano.com.gt\/es\/wp-json\/wp\/v2\/posts"}],"about":[{"href":"https:\/\/elmetropolitano.com.gt\/es\/wp-json\/wp\/v2\/types\/post"}],"author":[{"embeddable":true,"href":"https:\/\/elmetropolitano.com.gt\/es\/wp-json\/wp\/v2\/users\/1"}],"replies":[{"embeddable":true,"href":"https:\/\/elmetropolitano.com.gt\/es\/wp-json\/wp\/v2\/comments?post=96726"}],"version-history":[{"count":1,"href":"https:\/\/elmetropolitano.com.gt\/es\/wp-json\/wp\/v2\/posts\/96726\/revisions"}],"predecessor-version":[{"id":96728,"href":"https:\/\/elmetropolitano.com.gt\/es\/wp-json\/wp\/v2\/posts\/96726\/revisions\/96728"}],"wp:featuredmedia":[{"embeddable":true,"href":"https:\/\/elmetropolitano.com.gt\/es\/wp-json\/wp\/v2\/media\/96727"}],"wp:attachment":[{"href":"https:\/\/elmetropolitano.com.gt\/es\/wp-json\/wp\/v2\/media?parent=96726"}],"wp:term":[{"taxonomy":"category","embeddable":true,"href":"https:\/\/elmetropolitano.com.gt\/es\/wp-json\/wp\/v2\/categories?post=96726"},{"taxonomy":"post_tag","embeddable":true,"href":"https:\/\/elmetropolitano.com.gt\/es\/wp-json\/wp\/v2\/tags?post=96726"}],"curies":[{"name":"wp","href":"https:\/\/api.w.org\/{rel}","templated":true}]}}