{"id":96774,"date":"2025-02-09T13:49:28","date_gmt":"2025-02-09T19:49:28","guid":{"rendered":"https:\/\/elmetropolitano.com.gt\/es\/?p=96774"},"modified":"2025-02-09T13:49:28","modified_gmt":"2025-02-09T19:49:28","slug":"sacan-60-llantas-del-fondo-del-lago-de-atitlan-en-jornada-de-limpieza","status":"publish","type":"post","link":"https:\/\/elmetropolitano.com.gt\/es\/sacan-60-llantas-del-fondo-del-lago-de-atitlan-en-jornada-de-limpieza\/","title":{"rendered":"Sacan 60 llantas del fondo del lago de Atitl\u00e1n en jornada de limpieza"},"content":{"rendered":"\n<p>En apoyo a las acciones de saneamiento ambiental comunitarias, AMSCLAE respald\u00f3 la <a><\/a>iniciativa de Comunidad Tz&#8217;unun Ya&#8217; de San Pedro La Laguna, quienes organizaron una jornada de limpieza dividida en subacu\u00e1tica y terrestre<\/p>\n\n\n\n<p>La limpieza subacu\u00e1tica cont\u00f3 con la colaboraci\u00f3n de la Asociaci\u00f3n de lancheros de San Pedro la Laguna, hombres rana del Cuerpo de Bomberos Voluntarios y de ADIP, logrando la participaci\u00f3n de 56 buzos.<\/p><div class=\"elmet-contenido\" id=\"elmet-2947707714\"><div class=\"elmet-adlabel\">Anuncios<\/div><div style=\"margin-top: 20px;margin-right: 20px;margin-bottom: 20px;margin-left: 20px;\" id=\"elmet-2149662220\"><a href=\"https:\/\/www.facebook.com\/arrincuanantigua\/\" aria-label=\"cintillo-arrin-cual\"><img loading=\"lazy\" decoding=\"async\" src=\"https:\/\/elmetropolitano.com.gt\/es\/wp-content\/uploads\/2021\/11\/cintillo-arrin-cual-1.jpg\" alt=\"\"  srcset=\"https:\/\/elmetropolitano.com.gt\/es\/wp-content\/uploads\/2021\/11\/cintillo-arrin-cual-1.jpg 750w, https:\/\/elmetropolitano.com.gt\/es\/wp-content\/uploads\/2021\/11\/cintillo-arrin-cual-1-300x36.jpg 300w, https:\/\/elmetropolitano.com.gt\/es\/wp-content\/uploads\/2021\/11\/cintillo-arrin-cual-1-600x72.jpg 600w\" sizes=\"(max-width: 750px) 100vw, 750px\" width=\"750\" height=\"90\"   \/><\/a><\/div><\/div>\n\n\n\n<p>Por su parte, AMSCLAE brind\u00f3 asistencia t\u00e9cnica para la caracterizaci\u00f3n y pesaje de los residuos y desechos s\u00f3lidos extra\u00eddos y recolectados en la actividad.<\/p>\n\n\n\n<p>Como resultado de la jornada subacu\u00e1tica, se retiraron 692 libras de desechos y 60 llantas del fondo del lago. Mientras tanto, en la limpieza terrestre, 180 mujeres \u00abGuardianas del Lago\u00bb recolectaron 808 libras de residuos en las orillas del lago.<\/p>\n\n\n\n<p>Cabe destacar que los residuos fueron clasificados en reciclables y no reciclables, alcanzando un total de 1,500 libras recolectadas en esta jornada.<\/p>\n\n\n\n<p><a href=\"https:\/\/www.facebook.com\/hashtag\/salvarellagodeatitl%C3%A1nestareadetods?__eep__=6&amp;__cft__[0]=AZUpXnhhckjbpG4eagddVJbm2Ypvb9Toi-3sZ0QFZc2JiTWVyqL4TNlXRL4j7PH2IXv4weJqVvormtVeSGbPXI_aT9Swa7OERn4hGbP-5UL4sRWGUZzav0XLrORfXl6XWxnhOqt5k6wyQZF0DmU0sgpifhrQ132HQk7pwafntQWAtpy721rn6mKGGKAkH_lhUw2R7v4ozEP9vtWrISbNUUvg5W1RMYK3UWwbH81SKOBdQw&amp;__tn__=*NK-y-R\">#SalvarElLagoDeAtitl\u00e1nEsTareaDeTods<\/a><a href=\"https:\/\/www.facebook.com\/hashtag\/jornadadelimpieza?__eep__=6&amp;__cft__[0]=AZUpXnhhckjbpG4eagddVJbm2Ypvb9Toi-3sZ0QFZc2JiTWVyqL4TNlXRL4j7PH2IXv4weJqVvormtVeSGbPXI_aT9Swa7OERn4hGbP-5UL4sRWGUZzav0XLrORfXl6XWxnhOqt5k6wyQZF0DmU0sgpifhrQ132HQk7pwafntQWAtpy721rn6mKGGKAkH_lhUw2R7v4ozEP9vtWrISbNUUvg5W1RMYK3UWwbH81SKOBdQw&amp;__tn__=*NK-y-R\">#JornadaDeLimpieza<\/a><a href=\"https:\/\/www.facebook.com\/hashtag\/sanpedrolalaguna?__eep__=6&amp;__cft__[0]=AZUpXnhhckjbpG4eagddVJbm2Ypvb9Toi-3sZ0QFZc2JiTWVyqL4TNlXRL4j7PH2IXv4weJqVvormtVeSGbPXI_aT9Swa7OERn4hGbP-5UL4sRWGUZzav0XLrORfXl6XWxnhOqt5k6wyQZF0DmU0sgpifhrQ132HQk7pwafntQWAtpy721rn6mKGGKAkH_lhUw2R7v4ozEP9vtWrISbNUUvg5W1RMYK3UWwbH81SKOBdQw&amp;__tn__=*NK-y-R\">#SanPedroLaLaguna<\/a><a href=\"https:\/\/www.facebook.com\/hashtag\/atitl%C3%A1n?__eep__=6&amp;__cft__[0]=AZUpXnhhckjbpG4eagddVJbm2Ypvb9Toi-3sZ0QFZc2JiTWVyqL4TNlXRL4j7PH2IXv4weJqVvormtVeSGbPXI_aT9Swa7OERn4hGbP-5UL4sRWGUZzav0XLrORfXl6XWxnhOqt5k6wyQZF0DmU0sgpifhrQ132HQk7pwafntQWAtpy721rn6mKGGKAkH_lhUw2R7v4ozEP9vtWrISbNUUvg5W1RMYK3UWwbH81SKOBdQw&amp;__tn__=*NK-y-R\">#Atitl\u00e1n<\/a><a href=\"https:\/\/www.facebook.com\/hashtag\/mujeres?__eep__=6&amp;__cft__[0]=AZUpXnhhckjbpG4eagddVJbm2Ypvb9Toi-3sZ0QFZc2JiTWVyqL4TNlXRL4j7PH2IXv4weJqVvormtVeSGbPXI_aT9Swa7OERn4hGbP-5UL4sRWGUZzav0XLrORfXl6XWxnhOqt5k6wyQZF0DmU0sgpifhrQ132HQk7pwafntQWAtpy721rn6mKGGKAkH_lhUw2R7v4ozEP9vtWrISbNUUvg5W1RMYK3UWwbH81SKOBdQw&amp;__tn__=*NK-y-R\">#Mujeres<\/a><a href=\"https:\/\/www.facebook.com\/hashtag\/subacu%C3%A1tico?__eep__=6&amp;__cft__[0]=AZUpXnhhckjbpG4eagddVJbm2Ypvb9Toi-3sZ0QFZc2JiTWVyqL4TNlXRL4j7PH2IXv4weJqVvormtVeSGbPXI_aT9Swa7OERn4hGbP-5UL4sRWGUZzav0XLrORfXl6XWxnhOqt5k6wyQZF0DmU0sgpifhrQ132HQk7pwafntQWAtpy721rn6mKGGKAkH_lhUw2R7v4ozEP9vtWrISbNUUvg5W1RMYK3UWwbH81SKOBdQw&amp;__tn__=*NK-y-R\">#Subacu\u00e1tico<\/a><a href=\"https:\/\/www.facebook.com\/hashtag\/medioambiente?__eep__=6&amp;__cft__[0]=AZUpXnhhckjbpG4eagddVJbm2Ypvb9Toi-3sZ0QFZc2JiTWVyqL4TNlXRL4j7PH2IXv4weJqVvormtVeSGbPXI_aT9Swa7OERn4hGbP-5UL4sRWGUZzav0XLrORfXl6XWxnhOqt5k6wyQZF0DmU0sgpifhrQ132HQk7pwafntQWAtpy721rn6mKGGKAkH_lhUw2R7v4ozEP9vtWrISbNUUvg5W1RMYK3UWwbH81SKOBdQw&amp;__tn__=*NK-y-R\">#MedioAmbiente<\/a><a href=\"https:\/\/www.facebook.com\/hashtag\/lakeatitl%C3%A1n?__eep__=6&amp;__cft__[0]=AZUpXnhhckjbpG4eagddVJbm2Ypvb9Toi-3sZ0QFZc2JiTWVyqL4TNlXRL4j7PH2IXv4weJqVvormtVeSGbPXI_aT9Swa7OERn4hGbP-5UL4sRWGUZzav0XLrORfXl6XWxnhOqt5k6wyQZF0DmU0sgpifhrQ132HQk7pwafntQWAtpy721rn6mKGGKAkH_lhUw2R7v4ozEP9vtWrISbNUUvg5W1RMYK3UWwbH81SKOBdQw&amp;__tn__=*NK-y-R\">#LakeAtitl\u00e1n<\/a><\/p>\n\n\n\n<figure class=\"wp-block-gallery has-nested-images columns-default is-cropped wp-block-gallery-1 is-layout-flex wp-block-gallery-is-layout-flex\">\n<figure class=\"wp-block-image size-large\"><img loading=\"lazy\" decoding=\"async\" width=\"768\" height=\"1024\" data-id=\"96776\" src=\"https:\/\/elmetropolitano.com.gt\/es\/wp-content\/uploads\/2025\/02\/476450804_122142552992516566_5838870468026279341_n-768x1024.jpg\" alt=\"\" class=\"wp-image-96776\" srcset=\"https:\/\/elmetropolitano.com.gt\/es\/wp-content\/uploads\/2025\/02\/476450804_122142552992516566_5838870468026279341_n-768x1024.jpg 768w, https:\/\/elmetropolitano.com.gt\/es\/wp-content\/uploads\/2025\/02\/476450804_122142552992516566_5838870468026279341_n-225x300.jpg 225w, https:\/\/elmetropolitano.com.gt\/es\/wp-content\/uploads\/2025\/02\/476450804_122142552992516566_5838870468026279341_n-1152x1536.jpg 1152w, https:\/\/elmetropolitano.com.gt\/es\/wp-content\/uploads\/2025\/02\/476450804_122142552992516566_5838870468026279341_n.jpg 1536w\" sizes=\"auto, (max-width: 768px) 100vw, 768px\" \/><\/figure>\n\n\n\n<figure class=\"wp-block-image size-large\"><img loading=\"lazy\" decoding=\"async\" width=\"1024\" height=\"768\" data-id=\"96780\" src=\"https:\/\/elmetropolitano.com.gt\/es\/wp-content\/uploads\/2025\/02\/476668667_122142553004516566_3042120660861418896_n-1-1024x768.jpg\" alt=\"\" class=\"wp-image-96780\" srcset=\"https:\/\/elmetropolitano.com.gt\/es\/wp-content\/uploads\/2025\/02\/476668667_122142553004516566_3042120660861418896_n-1-1024x768.jpg 1024w, https:\/\/elmetropolitano.com.gt\/es\/wp-content\/uploads\/2025\/02\/476668667_122142553004516566_3042120660861418896_n-1-300x225.jpg 300w, https:\/\/elmetropolitano.com.gt\/es\/wp-content\/uploads\/2025\/02\/476668667_122142553004516566_3042120660861418896_n-1-768x576.jpg 768w, https:\/\/elmetropolitano.com.gt\/es\/wp-content\/uploads\/2025\/02\/476668667_122142553004516566_3042120660861418896_n-1-1536x1152.jpg 1536w, https:\/\/elmetropolitano.com.gt\/es\/wp-content\/uploads\/2025\/02\/476668667_122142553004516566_3042120660861418896_n-1.jpg 2048w\" sizes=\"auto, (max-width: 1024px) 100vw, 1024px\" \/><\/figure>\n\n\n\n<figure class=\"wp-block-image size-large\"><img loading=\"lazy\" decoding=\"async\" width=\"1024\" height=\"768\" data-id=\"96777\" src=\"https:\/\/elmetropolitano.com.gt\/es\/wp-content\/uploads\/2025\/02\/476798167_122142553430516566_8462023617662773080_n-1024x768.jpg\" alt=\"\" class=\"wp-image-96777\" srcset=\"https:\/\/elmetropolitano.com.gt\/es\/wp-content\/uploads\/2025\/02\/476798167_122142553430516566_8462023617662773080_n-1024x768.jpg 1024w, https:\/\/elmetropolitano.com.gt\/es\/wp-content\/uploads\/2025\/02\/476798167_122142553430516566_8462023617662773080_n-300x225.jpg 300w, https:\/\/elmetropolitano.com.gt\/es\/wp-content\/uploads\/2025\/02\/476798167_122142553430516566_8462023617662773080_n-768x576.jpg 768w, https:\/\/elmetropolitano.com.gt\/es\/wp-content\/uploads\/2025\/02\/476798167_122142553430516566_8462023617662773080_n-1536x1152.jpg 1536w, https:\/\/elmetropolitano.com.gt\/es\/wp-content\/uploads\/2025\/02\/476798167_122142553430516566_8462023617662773080_n.jpg 2048w\" sizes=\"auto, (max-width: 1024px) 100vw, 1024px\" \/><\/figure>\n\n\n\n<figure class=\"wp-block-image size-large\"><img loading=\"lazy\" decoding=\"async\" width=\"1024\" height=\"768\" data-id=\"96781\" src=\"https:\/\/elmetropolitano.com.gt\/es\/wp-content\/uploads\/2025\/02\/476830552_122142553592516566_5548008027816483374_n-1024x768.jpg\" alt=\"\" class=\"wp-image-96781\" srcset=\"https:\/\/elmetropolitano.com.gt\/es\/wp-content\/uploads\/2025\/02\/476830552_122142553592516566_5548008027816483374_n-1024x768.jpg 1024w, https:\/\/elmetropolitano.com.gt\/es\/wp-content\/uploads\/2025\/02\/476830552_122142553592516566_5548008027816483374_n-300x225.jpg 300w, https:\/\/elmetropolitano.com.gt\/es\/wp-content\/uploads\/2025\/02\/476830552_122142553592516566_5548008027816483374_n-768x576.jpg 768w, https:\/\/elmetropolitano.com.gt\/es\/wp-content\/uploads\/2025\/02\/476830552_122142553592516566_5548008027816483374_n-1536x1152.jpg 1536w, https:\/\/elmetropolitano.com.gt\/es\/wp-content\/uploads\/2025\/02\/476830552_122142553592516566_5548008027816483374_n.jpg 2048w\" sizes=\"auto, (max-width: 1024px) 100vw, 1024px\" \/><\/figure>\n\n\n\n<figure class=\"wp-block-image size-large\"><img loading=\"lazy\" decoding=\"async\" width=\"1024\" height=\"768\" data-id=\"96779\" src=\"https:\/\/elmetropolitano.com.gt\/es\/wp-content\/uploads\/2025\/02\/477031958_122142553526516566_2008375432895443540_n-1024x768.jpg\" alt=\"\" class=\"wp-image-96779\" srcset=\"https:\/\/elmetropolitano.com.gt\/es\/wp-content\/uploads\/2025\/02\/477031958_122142553526516566_2008375432895443540_n-1024x768.jpg 1024w, https:\/\/elmetropolitano.com.gt\/es\/wp-content\/uploads\/2025\/02\/477031958_122142553526516566_2008375432895443540_n-300x225.jpg 300w, https:\/\/elmetropolitano.com.gt\/es\/wp-content\/uploads\/2025\/02\/477031958_122142553526516566_2008375432895443540_n-768x576.jpg 768w, https:\/\/elmetropolitano.com.gt\/es\/wp-content\/uploads\/2025\/02\/477031958_122142553526516566_2008375432895443540_n-1536x1152.jpg 1536w, https:\/\/elmetropolitano.com.gt\/es\/wp-content\/uploads\/2025\/02\/477031958_122142553526516566_2008375432895443540_n.jpg 2048w\" sizes=\"auto, (max-width: 1024px) 100vw, 1024px\" \/><\/figure>\n\n\n\n<figure class=\"wp-block-image size-large\"><img loading=\"lazy\" decoding=\"async\" width=\"1024\" height=\"768\" data-id=\"96778\" src=\"https:\/\/elmetropolitano.com.gt\/es\/wp-content\/uploads\/2025\/02\/477696148_122142553508516566_2348098956266007031_n-1024x768.jpg\" alt=\"\" class=\"wp-image-96778\" srcset=\"https:\/\/elmetropolitano.com.gt\/es\/wp-content\/uploads\/2025\/02\/477696148_122142553508516566_2348098956266007031_n-1024x768.jpg 1024w, https:\/\/elmetropolitano.com.gt\/es\/wp-content\/uploads\/2025\/02\/477696148_122142553508516566_2348098956266007031_n-300x225.jpg 300w, https:\/\/elmetropolitano.com.gt\/es\/wp-content\/uploads\/2025\/02\/477696148_122142553508516566_2348098956266007031_n-768x576.jpg 768w, https:\/\/elmetropolitano.com.gt\/es\/wp-content\/uploads\/2025\/02\/477696148_122142553508516566_2348098956266007031_n-1536x1152.jpg 1536w, https:\/\/elmetropolitano.com.gt\/es\/wp-content\/uploads\/2025\/02\/477696148_122142553508516566_2348098956266007031_n.jpg 2048w\" sizes=\"auto, (max-width: 1024px) 100vw, 1024px\" \/><\/figure>\n<\/figure>\n","protected":false},"excerpt":{"rendered":"<p>En apoyo a las acciones de saneamiento ambiental comunitarias, AMSCLAE respald\u00f3 la iniciativa de Comunidad Tz&#8217;unun Ya&#8217; de San Pedro La Laguna, quienes organizaron una jornada de limpieza dividida en subacu\u00e1tica y terrestre La limpieza subacu\u00e1tica cont\u00f3 con la colaboraci\u00f3n de la Asociaci\u00f3n de lancheros de San Pedro la Laguna, hombres rana del Cuerpo de <a class=\"read-more\" href=\"https:\/\/elmetropolitano.com.gt\/es\/sacan-60-llantas-del-fondo-del-lago-de-atitlan-en-jornada-de-limpieza\/\">Leer m\u00e1s<\/a><\/p>\n","protected":false},"author":1,"featured_media":96775,"comment_status":"open","ping_status":"closed","sticky":false,"template":"","format":"standard","meta":{"footnotes":""},"categories":[4],"tags":[13],"class_list":["post-96774","post","type-post","status-publish","format-standard","has-post-thumbnail","hentry","category-departamentales","tag-departamentales"],"_links":{"self":[{"href":"https:\/\/elmetropolitano.com.gt\/es\/wp-json\/wp\/v2\/posts\/96774","targetHints":{"allow":["GET"]}}],"collection":[{"href":"https:\/\/elmetropolitano.com.gt\/es\/wp-json\/wp\/v2\/posts"}],"about":[{"href":"https:\/\/elmetropolitano.com.gt\/es\/wp-json\/wp\/v2\/types\/post"}],"author":[{"embeddable":true,"href":"https:\/\/elmetropolitano.com.gt\/es\/wp-json\/wp\/v2\/users\/1"}],"replies":[{"embeddable":true,"href":"https:\/\/elmetropolitano.com.gt\/es\/wp-json\/wp\/v2\/comments?post=96774"}],"version-history":[{"count":1,"href":"https:\/\/elmetropolitano.com.gt\/es\/wp-json\/wp\/v2\/posts\/96774\/revisions"}],"predecessor-version":[{"id":96782,"href":"https:\/\/elmetropolitano.com.gt\/es\/wp-json\/wp\/v2\/posts\/96774\/revisions\/96782"}],"wp:featuredmedia":[{"embeddable":true,"href":"https:\/\/elmetropolitano.com.gt\/es\/wp-json\/wp\/v2\/media\/96775"}],"wp:attachment":[{"href":"https:\/\/elmetropolitano.com.gt\/es\/wp-json\/wp\/v2\/media?parent=96774"}],"wp:term":[{"taxonomy":"category","embeddable":true,"href":"https:\/\/elmetropolitano.com.gt\/es\/wp-json\/wp\/v2\/categories?post=96774"},{"taxonomy":"post_tag","embeddable":true,"href":"https:\/\/elmetropolitano.com.gt\/es\/wp-json\/wp\/v2\/tags?post=96774"}],"curies":[{"name":"wp","href":"https:\/\/api.w.org\/{rel}","templated":true}]}}