{"id":96884,"date":"2025-02-11T09:25:02","date_gmt":"2025-02-11T15:25:02","guid":{"rendered":"https:\/\/elmetropolitano.com.gt\/es\/?p=96884"},"modified":"2025-02-11T09:25:02","modified_gmt":"2025-02-11T15:25:02","slug":"llega-el-primer-cuerpo-a-santo-domingo-los-ocotes-el-progreso","status":"publish","type":"post","link":"https:\/\/elmetropolitano.com.gt\/es\/llega-el-primer-cuerpo-a-santo-domingo-los-ocotes-el-progreso\/","title":{"rendered":"Llega el primer cuerpo a Santo Domingo los Ocotes, El Progreso"},"content":{"rendered":"\n<p>Entre l\u00e1grimas y profundo dolor, familiares y vecinos velan a don Margarito Marroqu\u00edn en <a><\/a>su vivienda en la aldea Santo Domingo Los Ocotes, San Antonio La Paz El Progreso Su esposa, do\u00f1a Rosa, junto con sus dos hijos y nietos, lo acompa\u00f1an en este momento de duelo.<\/p>\n\n\n\n<p>Seg\u00fan su esposa, era un hombre responsable y puntual, sal\u00eda de casa todos los d\u00edas a las 3:30 horas para llegar con anticipaci\u00f3n a su puesto de trabajo en Villa Nueva donde trabajaba de seguridad desde hace 30 a\u00f1os.<\/p><div class=\"elmet-contenido\" id=\"elmet-4023756817\"><div class=\"elmet-adlabel\">Anuncios<\/div><div style=\"margin-top: 20px;margin-right: 20px;margin-bottom: 20px;margin-left: 20px;\" id=\"elmet-3562208039\"><a href=\"https:\/\/www.facebook.com\/arrincuanantigua\/\" aria-label=\"cintillo-arrin-cual\"><img loading=\"lazy\" decoding=\"async\" src=\"https:\/\/elmetropolitano.com.gt\/es\/wp-content\/uploads\/2021\/11\/cintillo-arrin-cual-1.jpg\" alt=\"\"  srcset=\"https:\/\/elmetropolitano.com.gt\/es\/wp-content\/uploads\/2021\/11\/cintillo-arrin-cual-1.jpg 750w, https:\/\/elmetropolitano.com.gt\/es\/wp-content\/uploads\/2021\/11\/cintillo-arrin-cual-1-300x36.jpg 300w, https:\/\/elmetropolitano.com.gt\/es\/wp-content\/uploads\/2021\/11\/cintillo-arrin-cual-1-600x72.jpg 600w\" sizes=\"(max-width: 750px) 100vw, 750px\" width=\"750\" height=\"90\"   \/><\/a><\/div><\/div>\n\n\n\n<p>\u00abSiempre sal\u00eda temprano, le gustaba llegar antes de tiempo. Llevaba a\u00f1os en su labor y era muy dedicado\u00bb, expres\u00f3 do\u00f1a Rosa con la voz entrecortada.<\/p>\n\n\n\n<p>El fallecimiento de don Margarito deja un vac\u00edo en su hogar y en la localidad, donde era conocido por su compromiso y esfuerzo diario.<\/p>\n\n\n\n<p>Tenxto: Wendi Villa<\/p>\n\n\n\n<p>Fotos: Oscar Castillo<\/p>\n\n\n\n<p>V\u00eda DCA<\/p>\n\n\n\n<figure class=\"wp-block-gallery has-nested-images columns-default is-cropped wp-block-gallery-1 is-layout-flex wp-block-gallery-is-layout-flex\">\n<figure class=\"wp-block-image size-large\"><img loading=\"lazy\" decoding=\"async\" width=\"682\" height=\"1024\" data-id=\"96887\" src=\"https:\/\/elmetropolitano.com.gt\/es\/wp-content\/uploads\/2025\/02\/476666128_1542127176723675_535951300405756731_n-682x1024.jpg\" alt=\"\" class=\"wp-image-96887\" srcset=\"https:\/\/elmetropolitano.com.gt\/es\/wp-content\/uploads\/2025\/02\/476666128_1542127176723675_535951300405756731_n-682x1024.jpg 682w, https:\/\/elmetropolitano.com.gt\/es\/wp-content\/uploads\/2025\/02\/476666128_1542127176723675_535951300405756731_n-200x300.jpg 200w, https:\/\/elmetropolitano.com.gt\/es\/wp-content\/uploads\/2025\/02\/476666128_1542127176723675_535951300405756731_n-768x1152.jpg 768w, https:\/\/elmetropolitano.com.gt\/es\/wp-content\/uploads\/2025\/02\/476666128_1542127176723675_535951300405756731_n.jpg 853w\" sizes=\"auto, (max-width: 682px) 100vw, 682px\" \/><\/figure>\n\n\n\n<figure class=\"wp-block-image size-large\"><img loading=\"lazy\" decoding=\"async\" width=\"1024\" height=\"682\" data-id=\"96888\" src=\"https:\/\/elmetropolitano.com.gt\/es\/wp-content\/uploads\/2025\/02\/476800722_1542127130057013_7490012667254651851_n-1024x682.jpg\" alt=\"\" class=\"wp-image-96888\" srcset=\"https:\/\/elmetropolitano.com.gt\/es\/wp-content\/uploads\/2025\/02\/476800722_1542127130057013_7490012667254651851_n-1024x682.jpg 1024w, https:\/\/elmetropolitano.com.gt\/es\/wp-content\/uploads\/2025\/02\/476800722_1542127130057013_7490012667254651851_n-300x200.jpg 300w, https:\/\/elmetropolitano.com.gt\/es\/wp-content\/uploads\/2025\/02\/476800722_1542127130057013_7490012667254651851_n-768x512.jpg 768w, https:\/\/elmetropolitano.com.gt\/es\/wp-content\/uploads\/2025\/02\/476800722_1542127130057013_7490012667254651851_n.jpg 1280w\" sizes=\"auto, (max-width: 1024px) 100vw, 1024px\" \/><\/figure>\n\n\n\n<figure class=\"wp-block-image size-large\"><img loading=\"lazy\" decoding=\"async\" width=\"682\" height=\"1024\" data-id=\"96886\" src=\"https:\/\/elmetropolitano.com.gt\/es\/wp-content\/uploads\/2025\/02\/477713544_1542127163390343_6460860031219810490_n-682x1024.jpg\" alt=\"\" class=\"wp-image-96886\" srcset=\"https:\/\/elmetropolitano.com.gt\/es\/wp-content\/uploads\/2025\/02\/477713544_1542127163390343_6460860031219810490_n-682x1024.jpg 682w, https:\/\/elmetropolitano.com.gt\/es\/wp-content\/uploads\/2025\/02\/477713544_1542127163390343_6460860031219810490_n-200x300.jpg 200w, https:\/\/elmetropolitano.com.gt\/es\/wp-content\/uploads\/2025\/02\/477713544_1542127163390343_6460860031219810490_n-768x1152.jpg 768w, https:\/\/elmetropolitano.com.gt\/es\/wp-content\/uploads\/2025\/02\/477713544_1542127163390343_6460860031219810490_n.jpg 853w\" sizes=\"auto, (max-width: 682px) 100vw, 682px\" \/><\/figure>\n\n\n\n<figure class=\"wp-block-image size-large\"><img loading=\"lazy\" decoding=\"async\" width=\"1024\" height=\"682\" data-id=\"96889\" src=\"https:\/\/elmetropolitano.com.gt\/es\/wp-content\/uploads\/2025\/02\/477800398_1542127120057014_5922600029713205256_n-1-1024x682.jpg\" alt=\"\" class=\"wp-image-96889\" srcset=\"https:\/\/elmetropolitano.com.gt\/es\/wp-content\/uploads\/2025\/02\/477800398_1542127120057014_5922600029713205256_n-1-1024x682.jpg 1024w, https:\/\/elmetropolitano.com.gt\/es\/wp-content\/uploads\/2025\/02\/477800398_1542127120057014_5922600029713205256_n-1-300x200.jpg 300w, https:\/\/elmetropolitano.com.gt\/es\/wp-content\/uploads\/2025\/02\/477800398_1542127120057014_5922600029713205256_n-1-768x512.jpg 768w, https:\/\/elmetropolitano.com.gt\/es\/wp-content\/uploads\/2025\/02\/477800398_1542127120057014_5922600029713205256_n-1.jpg 1280w\" sizes=\"auto, (max-width: 1024px) 100vw, 1024px\" \/><\/figure>\n<\/figure>\n","protected":false},"excerpt":{"rendered":"<p>Entre l\u00e1grimas y profundo dolor, familiares y vecinos velan a don Margarito Marroqu\u00edn en su vivienda en la aldea Santo Domingo Los Ocotes, San Antonio La Paz El Progreso Su esposa, do\u00f1a Rosa, junto con sus dos hijos y nietos, lo acompa\u00f1an en este momento de duelo. Seg\u00fan su esposa, era un hombre responsable y <a class=\"read-more\" href=\"https:\/\/elmetropolitano.com.gt\/es\/llega-el-primer-cuerpo-a-santo-domingo-los-ocotes-el-progreso\/\">Leer m\u00e1s<\/a><\/p>\n","protected":false},"author":1,"featured_media":96885,"comment_status":"open","ping_status":"closed","sticky":false,"template":"","format":"standard","meta":{"footnotes":""},"categories":[4],"tags":[],"class_list":["post-96884","post","type-post","status-publish","format-standard","has-post-thumbnail","hentry","category-departamentales"],"_links":{"self":[{"href":"https:\/\/elmetropolitano.com.gt\/es\/wp-json\/wp\/v2\/posts\/96884","targetHints":{"allow":["GET"]}}],"collection":[{"href":"https:\/\/elmetropolitano.com.gt\/es\/wp-json\/wp\/v2\/posts"}],"about":[{"href":"https:\/\/elmetropolitano.com.gt\/es\/wp-json\/wp\/v2\/types\/post"}],"author":[{"embeddable":true,"href":"https:\/\/elmetropolitano.com.gt\/es\/wp-json\/wp\/v2\/users\/1"}],"replies":[{"embeddable":true,"href":"https:\/\/elmetropolitano.com.gt\/es\/wp-json\/wp\/v2\/comments?post=96884"}],"version-history":[{"count":1,"href":"https:\/\/elmetropolitano.com.gt\/es\/wp-json\/wp\/v2\/posts\/96884\/revisions"}],"predecessor-version":[{"id":96890,"href":"https:\/\/elmetropolitano.com.gt\/es\/wp-json\/wp\/v2\/posts\/96884\/revisions\/96890"}],"wp:featuredmedia":[{"embeddable":true,"href":"https:\/\/elmetropolitano.com.gt\/es\/wp-json\/wp\/v2\/media\/96885"}],"wp:attachment":[{"href":"https:\/\/elmetropolitano.com.gt\/es\/wp-json\/wp\/v2\/media?parent=96884"}],"wp:term":[{"taxonomy":"category","embeddable":true,"href":"https:\/\/elmetropolitano.com.gt\/es\/wp-json\/wp\/v2\/categories?post=96884"},{"taxonomy":"post_tag","embeddable":true,"href":"https:\/\/elmetropolitano.com.gt\/es\/wp-json\/wp\/v2\/tags?post=96884"}],"curies":[{"name":"wp","href":"https:\/\/api.w.org\/{rel}","templated":true}]}}