{"id":96901,"date":"2025-02-11T15:32:54","date_gmt":"2025-02-11T21:32:54","guid":{"rendered":"https:\/\/elmetropolitano.com.gt\/es\/?p=96901"},"modified":"2025-02-11T15:32:54","modified_gmt":"2025-02-11T21:32:54","slug":"este-es-el-estado-de-salud-de-sobrevivientes-del-accidente-en-la-calzada-la-paz","status":"publish","type":"post","link":"https:\/\/elmetropolitano.com.gt\/es\/este-es-el-estado-de-salud-de-sobrevivientes-del-accidente-en-la-calzada-la-paz\/","title":{"rendered":"Este es el estado de salud de sobrevivientes del accidente en la Calzada la Paz"},"content":{"rendered":"\n<p>El Hospital General San Juan de Dios inform\u00f3 sobre el estado de salud de los sobrevivientes del accidente de un bus extraurbano en la calzada La Paz el 10 de febrero.<\/p>\n\n\n\n<p>El lunes fueron trasladados por los cuerpos de socorro al hospital seis pacientes. Lamentablemente, dos personas fallecieron al arribo al hospital.<\/p><div class=\"elmet-contenido\" id=\"elmet-1043663483\"><div class=\"elmet-adlabel\">Anuncios<\/div><div style=\"margin-top: 20px;margin-right: 20px;margin-bottom: 20px;margin-left: 20px;\" id=\"elmet-4236570216\"><a href=\"https:\/\/www.facebook.com\/arrincuanantigua\/\" aria-label=\"cintillo-arrin-cual\"><img loading=\"lazy\" decoding=\"async\" src=\"https:\/\/elmetropolitano.com.gt\/es\/wp-content\/uploads\/2021\/11\/cintillo-arrin-cual-1.jpg\" alt=\"\"  srcset=\"https:\/\/elmetropolitano.com.gt\/es\/wp-content\/uploads\/2021\/11\/cintillo-arrin-cual-1.jpg 750w, https:\/\/elmetropolitano.com.gt\/es\/wp-content\/uploads\/2021\/11\/cintillo-arrin-cual-1-300x36.jpg 300w, https:\/\/elmetropolitano.com.gt\/es\/wp-content\/uploads\/2021\/11\/cintillo-arrin-cual-1-600x72.jpg 600w\" sizes=\"(max-width: 750px) 100vw, 750px\" width=\"750\" height=\"90\"   \/><\/a><\/div><\/div>\n\n\n\n<p>Sin embargo, cuatro pacientes fueron estabilizados y recibieron atenci\u00f3n integral con procedimientos m\u00e9dicos de alta complejidad para garantizar su recuperaci\u00f3n.<\/p>\n\n\n\n<p>Este accidente lamentablemente dej\u00f3 el saldo de 54 personas fallecidas y 8 hospitalizadas. Algunas de estas en el Instituto Guatemalteco de Seguridad Social (IGSS).<\/p>\n\n\n\n<p>La atenci\u00f3n<\/p>\n\n\n\n<p>Entre las acciones realizadas destaca la intervenci\u00f3n inmediata en el cuarto de shock a Josu\u00e9 Rodr\u00edguez, de 24 a\u00f1os, a quien se le coloc\u00f3 un tubo intercostal, se le hicieron estudios de rayos X y tomograf\u00eda cerebral.<\/p>\n\n\n\n<p>Fue intervenido quir\u00fargicamente para lavado y sutura de una herida en el cuero cabelludo. Adem\u00e1s, recibir\u00e1 cirug\u00eda de t\u00f3rax como parte de su tratamiento.<\/p>\n\n\n\n<p>Mientras, Juan Gabriel Ortiz, de 34 a\u00f1os, fue sometido a estudios especializados, incluyendo uretrocistograma y urotomograf\u00eda, con el fin de evaluar y garantizar la estabilidad de su estado de salud.<\/p>\n\n\n\n<p>Mientras Feliciano Abimael S\u00e1nchez Paredes, de 29 a\u00f1os, y Jos\u00e9 Mois\u00e9s D\u00e1vila Ayap\u00e1n, de 33 a\u00f1os, fueron sometidos a estudios de im\u00e1genes y evaluaciones m\u00e9dicas exhaustivas.<\/p>\n\n\n\n<p>Luego de permanecer bajo observaci\u00f3n, ambos fueron dados de alta con indicaciones precisas para su recuperaci\u00f3n.<\/p>\n\n\n\n<p>Apoyo a las familias<\/p>\n\n\n\n<p>Asimismo, el personal del Centro de Salud de la zona 6 brind\u00f3 atenci\u00f3n m\u00e9dica a las familias, servidores p\u00fablicos y poblaci\u00f3n en general que colabor\u00f3 durante la emergencia.<\/p>\n\n\n\n<p>Se ofrecieron servicios como toma de signos vitales, atenci\u00f3n en crisis, primeros auxilios y entrega de sueros rehidratantes, garantizando el bienestar de quienes participaron en las labores de apoyo.<\/p>\n\n\n\n<p>Hospitalizados en el IGSS<\/p>\n\n\n\n<p>En tanto, Giovanni L\u00f3pez, jefe del departamento de cirug\u00eda del hospital de accidente del IGSS, inform\u00f3:<\/p>\n\n\n\n<p>Ayer recibimos cinco pacientes. De los cuales tres necesitaban de cirug\u00eda. Uno tuvo una lesi\u00f3n del desprendimiento del cuero cabelludo, se separa de la tabla externa del cr\u00e1neo, este ya se encuentra en evoluci\u00f3n.<\/p>\n\n\n\n<p>Si su evoluci\u00f3n contin\u00faa estable con el antibi\u00f3tico probablemente sea dado de alta ma\u00f1ana.<\/p>\n\n\n\n<p>Adem\u00e1s, L\u00f3pez a\u00f1adi\u00f3:<\/p>\n\n\n\n<p>El otro paciente tuvo un trauma de cr\u00e1neo leve, fue atendido, se realizaron tomograf\u00edas y est\u00e1 estable. Posiblemente el d\u00eda de hoy tenga egreso.<\/p>\n\n\n\n<p>El \u00faltimo paciente, de aproximadamente 65 a\u00f1os, fue operado de emergencia con lesiones de t\u00f3rax y abdomen. Se encuentra en intensivo, pero su condici\u00f3n es estable. Sin embargo, hay sospechas sobre el \u00e1rea cervical y tambi\u00e9n tiene fracturas de la \u00f3rbita y el maxilar.<\/p>\n\n\n\n<p>Brenda Larios<\/p>\n\n\n\n<p>#accidente #metroredes <a href=\"http:\/\/www.elmetropolitano.com.gt\">www.elmetropolitano.com.gt<\/a> <a href=\"http:\/\/www.metroredes.com\">www.metroredes.com<\/a> <a href=\"http:\/\/www.elescuintleco.com\">www.elescuintleco.com<\/a><\/p>\n","protected":false},"excerpt":{"rendered":"<p>El Hospital General San Juan de Dios inform\u00f3 sobre el estado de salud de los sobrevivientes del accidente de un bus extraurbano en la calzada La Paz el 10 de febrero. El lunes fueron trasladados por los cuerpos de socorro al hospital seis pacientes. Lamentablemente, dos personas fallecieron al arribo al hospital. Sin embargo, cuatro <a class=\"read-more\" href=\"https:\/\/elmetropolitano.com.gt\/es\/este-es-el-estado-de-salud-de-sobrevivientes-del-accidente-en-la-calzada-la-paz\/\">Leer m\u00e1s<\/a><\/p>\n","protected":false},"author":1,"featured_media":96902,"comment_status":"open","ping_status":"closed","sticky":false,"template":"","format":"standard","meta":{"footnotes":""},"categories":[1],"tags":[],"class_list":["post-96901","post","type-post","status-publish","format-standard","has-post-thumbnail","hentry","category-uncategorized"],"_links":{"self":[{"href":"https:\/\/elmetropolitano.com.gt\/es\/wp-json\/wp\/v2\/posts\/96901","targetHints":{"allow":["GET"]}}],"collection":[{"href":"https:\/\/elmetropolitano.com.gt\/es\/wp-json\/wp\/v2\/posts"}],"about":[{"href":"https:\/\/elmetropolitano.com.gt\/es\/wp-json\/wp\/v2\/types\/post"}],"author":[{"embeddable":true,"href":"https:\/\/elmetropolitano.com.gt\/es\/wp-json\/wp\/v2\/users\/1"}],"replies":[{"embeddable":true,"href":"https:\/\/elmetropolitano.com.gt\/es\/wp-json\/wp\/v2\/comments?post=96901"}],"version-history":[{"count":1,"href":"https:\/\/elmetropolitano.com.gt\/es\/wp-json\/wp\/v2\/posts\/96901\/revisions"}],"predecessor-version":[{"id":96903,"href":"https:\/\/elmetropolitano.com.gt\/es\/wp-json\/wp\/v2\/posts\/96901\/revisions\/96903"}],"wp:featuredmedia":[{"embeddable":true,"href":"https:\/\/elmetropolitano.com.gt\/es\/wp-json\/wp\/v2\/media\/96902"}],"wp:attachment":[{"href":"https:\/\/elmetropolitano.com.gt\/es\/wp-json\/wp\/v2\/media?parent=96901"}],"wp:term":[{"taxonomy":"category","embeddable":true,"href":"https:\/\/elmetropolitano.com.gt\/es\/wp-json\/wp\/v2\/categories?post=96901"},{"taxonomy":"post_tag","embeddable":true,"href":"https:\/\/elmetropolitano.com.gt\/es\/wp-json\/wp\/v2\/tags?post=96901"}],"curies":[{"name":"wp","href":"https:\/\/api.w.org\/{rel}","templated":true}]}}