{"id":97218,"date":"2025-02-16T15:44:32","date_gmt":"2025-02-16T21:44:32","guid":{"rendered":"https:\/\/elmetropolitano.com.gt\/es\/?p=97218"},"modified":"2025-02-16T15:44:33","modified_gmt":"2025-02-16T21:44:33","slug":"productores-de-miel-de-abejas-de-peten-reciben-asistencia-tecnica-por-parte-del-ministerio-de-agricultura","status":"publish","type":"post","link":"https:\/\/elmetropolitano.com.gt\/es\/productores-de-miel-de-abejas-de-peten-reciben-asistencia-tecnica-por-parte-del-ministerio-de-agricultura\/","title":{"rendered":"Productores de miel de abejas de Pet\u00e9n reciben asistencia t\u00e9cnica por parte del Ministerio de Agricultura"},"content":{"rendered":"\n<p>El Ministerio de Agricultura, Ganader\u00eda y Alimentaci\u00f3n (MAGA), por medio del Viceministerio de Asuntos de Pet\u00e9n (Vipet\u00e9n) brinda asistencia a apicultores peteneros. Lo anterior forma parte de los planes de desarrollo de esa regi\u00f3n considerada estrat\u00e9gica a nivel nacional.<\/p>\n\n\n\n<p>En esa l\u00ednea, productores de miel de abejas de la comunidad La Nueva Colorada, ubicada en el municipio <a><\/a>de Flores, Pet\u00e9n, recibieron asistencia t\u00e9cnica de parte del equipo de apicultura.<\/p><div class=\"elmet-contenido\" id=\"elmet-3296605942\"><div class=\"elmet-adlabel\">Anuncios<\/div><div style=\"margin-top: 20px;margin-right: 20px;margin-bottom: 20px;margin-left: 20px;\" id=\"elmet-3618132679\"><a href=\"https:\/\/www.facebook.com\/arrincuanantigua\/\" aria-label=\"cintillo-arrin-cual\"><img loading=\"lazy\" decoding=\"async\" src=\"https:\/\/elmetropolitano.com.gt\/es\/wp-content\/uploads\/2021\/11\/cintillo-arrin-cual-1.jpg\" alt=\"\"  srcset=\"https:\/\/elmetropolitano.com.gt\/es\/wp-content\/uploads\/2021\/11\/cintillo-arrin-cual-1.jpg 750w, https:\/\/elmetropolitano.com.gt\/es\/wp-content\/uploads\/2021\/11\/cintillo-arrin-cual-1-300x36.jpg 300w, https:\/\/elmetropolitano.com.gt\/es\/wp-content\/uploads\/2021\/11\/cintillo-arrin-cual-1-600x72.jpg 600w\" sizes=\"(max-width: 750px) 100vw, 750px\" width=\"750\" height=\"90\"   \/><\/a><\/div><\/div>\n\n\n\n<p>Durante la jornada, los participantes recibieron capacitaci\u00f3n relativa al manejo adecuado de los apiarios en la temporada de precosecha. Algunos temas clave que se brindaron son la correcta colocaci\u00f3n de ceras estampadas y la t\u00e9cnica de divisi\u00f3n de colmenas.<\/p>\n\n\n\n<p>Estos conocimientos fortalecen y dan impulso a la producci\u00f3n ap\u00edcola de la regi\u00f3n, pues permiten hacer eficientes las pr\u00e1cticas productivas y aseguran una mayor producci\u00f3n de miel.<\/p>\n\n\n\n<p>Con estas intervenciones, se da cumplimiento del objetivo uno de los lineamientos estrat\u00e9gicos del MAGA:<\/p>\n\n\n\n<p>Incrementar la productividad, la disponibilidad, el acceso f\u00edsico y econ\u00f3mico a los alimentos de manera oportuna.<\/p>\n\n\n\n<p>Acciones desde 2024<\/p>\n\n\n\n<p>Desde enero de 2024, el Viceministerio de Sanidad Agropecuaria y Regulaciones (Visar), del Ministerio de Agricultura, Ganader\u00eda y Alimentaci\u00f3n (MAGA), trabaja en el fortalecimiento de las acciones para garantizar la producci\u00f3n y exportaci\u00f3n de miel guatemalteca.<\/p>\n\n\n\n<p>En ese sentido y en orden a las nuevas directrices del Gobierno, el MAGA refuerza todas las medidas para asegurar la inocuidad de la miel.<\/p>\n\n\n\n<p>Lo anterior, a trav\u00e9s de un riguroso plan de muestreo nacional que permite la detecci\u00f3n de contaminantes qu\u00edmicos y microbiol\u00f3gicos.<\/p>\n\n\n\n<p>Beneficios de la miel<\/p>\n\n\n\n<p>Seg\u00fan el MAGA, la miel no solo es un producto de gran demanda sino que tambi\u00e9n reporta grandes beneficios para la salud.<\/p>\n\n\n\n<p>Es un alimento natural, conocido por sus m\u00faltiples beneficios. La miel de abejas adem\u00e1s es rica en antioxidantes, ayuda a combatir el da\u00f1o celular y reduce el riesgo de enfermedades cr\u00f3nicas.<\/p>\n\n\n\n<p>Texto: Isaac Ramires<\/p>\n\n\n\n<p><a href=\"https:\/\/www.facebook.com\/hashtag\/elagrochapin?__eep__=6&amp;__cft__[0]=AZWfHJA_I_B1Ytl96FyRSMM4D7rav2FI986djF17uUs86YdxaLg64i0CURNS29jPF0zK_k6DWgfqt0otlOK1GjRtSNzI8fsS1xtKFLQHK1M7SniCMWo2lwgidlt99k4mYqyUbF_XPmfZH0NiJrXfim6mCKzYwdSLPuiCsKjZG_C3pGscdwnL7m5NUc0v0Otnbd0&amp;__tn__=*NK-R\">#Elagrochapin<\/a><a href=\"https:\/\/www.facebook.com\/hashtag\/maga?__eep__=6&amp;__cft__[0]=AZWfHJA_I_B1Ytl96FyRSMM4D7rav2FI986djF17uUs86YdxaLg64i0CURNS29jPF0zK_k6DWgfqt0otlOK1GjRtSNzI8fsS1xtKFLQHK1M7SniCMWo2lwgidlt99k4mYqyUbF_XPmfZH0NiJrXfim6mCKzYwdSLPuiCsKjZG_C3pGscdwnL7m5NUc0v0Otnbd0&amp;__tn__=*NK-R\">#Maga<\/a><a href=\"https:\/\/www.facebook.com\/hashtag\/metroredes?__eep__=6&amp;__cft__[0]=AZWfHJA_I_B1Ytl96FyRSMM4D7rav2FI986djF17uUs86YdxaLg64i0CURNS29jPF0zK_k6DWgfqt0otlOK1GjRtSNzI8fsS1xtKFLQHK1M7SniCMWo2lwgidlt99k4mYqyUbF_XPmfZH0NiJrXfim6mCKzYwdSLPuiCsKjZG_C3pGscdwnL7m5NUc0v0Otnbd0&amp;__tn__=*NK-R\">#metroredes<\/a><\/p>\n\n\n\n<p><a href=\"https:\/\/www.facebook.com\/hashtag\/mieldeaveja?__eep__=6&amp;__cft__[0]=AZWfHJA_I_B1Ytl96FyRSMM4D7rav2FI986djF17uUs86YdxaLg64i0CURNS29jPF0zK_k6DWgfqt0otlOK1GjRtSNzI8fsS1xtKFLQHK1M7SniCMWo2lwgidlt99k4mYqyUbF_XPmfZH0NiJrXfim6mCKzYwdSLPuiCsKjZG_C3pGscdwnL7m5NUc0v0Otnbd0&amp;__tn__=*NK-R\">#mieldeaveja<\/a><a href=\"https:\/\/www.facebook.com\/hashtag\/peten?__eep__=6&amp;__cft__[0]=AZWfHJA_I_B1Ytl96FyRSMM4D7rav2FI986djF17uUs86YdxaLg64i0CURNS29jPF0zK_k6DWgfqt0otlOK1GjRtSNzI8fsS1xtKFLQHK1M7SniCMWo2lwgidlt99k4mYqyUbF_XPmfZH0NiJrXfim6mCKzYwdSLPuiCsKjZG_C3pGscdwnL7m5NUc0v0Otnbd0&amp;__tn__=*NK-R\">#Peten<\/a><\/p>\n","protected":false},"excerpt":{"rendered":"<p>El Ministerio de Agricultura, Ganader\u00eda y Alimentaci\u00f3n (MAGA), por medio del Viceministerio de Asuntos de Pet\u00e9n (Vipet\u00e9n) brinda asistencia a apicultores peteneros. Lo anterior forma parte de los planes de desarrollo de esa regi\u00f3n considerada estrat\u00e9gica a nivel nacional. En esa l\u00ednea, productores de miel de abejas de la comunidad La Nueva Colorada, ubicada en <a class=\"read-more\" href=\"https:\/\/elmetropolitano.com.gt\/es\/productores-de-miel-de-abejas-de-peten-reciben-asistencia-tecnica-por-parte-del-ministerio-de-agricultura\/\">Leer m\u00e1s<\/a><\/p>\n","protected":false},"author":1,"featured_media":97219,"comment_status":"open","ping_status":"closed","sticky":false,"template":"","format":"standard","meta":{"footnotes":""},"categories":[4],"tags":[13],"class_list":["post-97218","post","type-post","status-publish","format-standard","has-post-thumbnail","hentry","category-departamentales","tag-departamentales"],"_links":{"self":[{"href":"https:\/\/elmetropolitano.com.gt\/es\/wp-json\/wp\/v2\/posts\/97218","targetHints":{"allow":["GET"]}}],"collection":[{"href":"https:\/\/elmetropolitano.com.gt\/es\/wp-json\/wp\/v2\/posts"}],"about":[{"href":"https:\/\/elmetropolitano.com.gt\/es\/wp-json\/wp\/v2\/types\/post"}],"author":[{"embeddable":true,"href":"https:\/\/elmetropolitano.com.gt\/es\/wp-json\/wp\/v2\/users\/1"}],"replies":[{"embeddable":true,"href":"https:\/\/elmetropolitano.com.gt\/es\/wp-json\/wp\/v2\/comments?post=97218"}],"version-history":[{"count":1,"href":"https:\/\/elmetropolitano.com.gt\/es\/wp-json\/wp\/v2\/posts\/97218\/revisions"}],"predecessor-version":[{"id":97220,"href":"https:\/\/elmetropolitano.com.gt\/es\/wp-json\/wp\/v2\/posts\/97218\/revisions\/97220"}],"wp:featuredmedia":[{"embeddable":true,"href":"https:\/\/elmetropolitano.com.gt\/es\/wp-json\/wp\/v2\/media\/97219"}],"wp:attachment":[{"href":"https:\/\/elmetropolitano.com.gt\/es\/wp-json\/wp\/v2\/media?parent=97218"}],"wp:term":[{"taxonomy":"category","embeddable":true,"href":"https:\/\/elmetropolitano.com.gt\/es\/wp-json\/wp\/v2\/categories?post=97218"},{"taxonomy":"post_tag","embeddable":true,"href":"https:\/\/elmetropolitano.com.gt\/es\/wp-json\/wp\/v2\/tags?post=97218"}],"curies":[{"name":"wp","href":"https:\/\/api.w.org\/{rel}","templated":true}]}}