{"id":97279,"date":"2025-02-17T09:22:11","date_gmt":"2025-02-17T15:22:11","guid":{"rendered":"https:\/\/elmetropolitano.com.gt\/es\/?p=97279"},"modified":"2025-02-17T09:22:11","modified_gmt":"2025-02-17T15:22:11","slug":"asi-avanzan-trabajos-de-rehabilitacion-en-la-autopista-palin-escuintla","status":"publish","type":"post","link":"https:\/\/elmetropolitano.com.gt\/es\/asi-avanzan-trabajos-de-rehabilitacion-en-la-autopista-palin-escuintla\/","title":{"rendered":"As\u00ed avanzan trabajos de rehabilitaci\u00f3n en la autopista Pal\u00edn-Escuintla"},"content":{"rendered":"\n<p>Por medio de sus redes sociales el Ministerio de Comunicaciones, Infraestructura y Vivienda (CIV), inform\u00f3 sobre los trabajos de rehabilitaci\u00f3n en el kil\u00f3metro 44 de la autopista Pal\u00edn-Escuintla.<\/p>\n\n\n\n<p>Las labores avanzan con el objetivo de mejorar la infraestructura y garantizar una carretera m\u00e1s segura y eficiente para los usuarios.<\/p><div class=\"elmet-contenido\" id=\"elmet-3941476358\"><div class=\"elmet-adlabel\">Anuncios<\/div><div style=\"margin-top: 20px;margin-right: 20px;margin-bottom: 20px;margin-left: 20px;\" id=\"elmet-3262622908\"><a href=\"https:\/\/www.facebook.com\/arrincuanantigua\/\" aria-label=\"cintillo-arrin-cual\"><img loading=\"lazy\" decoding=\"async\" src=\"https:\/\/elmetropolitano.com.gt\/es\/wp-content\/uploads\/2021\/11\/cintillo-arrin-cual-1.jpg\" alt=\"\"  srcset=\"https:\/\/elmetropolitano.com.gt\/es\/wp-content\/uploads\/2021\/11\/cintillo-arrin-cual-1.jpg 750w, https:\/\/elmetropolitano.com.gt\/es\/wp-content\/uploads\/2021\/11\/cintillo-arrin-cual-1-300x36.jpg 300w, https:\/\/elmetropolitano.com.gt\/es\/wp-content\/uploads\/2021\/11\/cintillo-arrin-cual-1-600x72.jpg 600w\" sizes=\"(max-width: 750px) 100vw, 750px\" width=\"750\" height=\"90\"   \/><\/a><\/div><\/div>\n\n\n\n<p>Con <a><\/a>estas acciones que se mantienen, esperan que se agilice el tr\u00e1nsito y as\u00ed reducir los tiempos de viaje, beneficiando a miles de conductores y transportistas que utilizan esta ruta.<\/p>\n\n\n\n<p>Adem\u00e1s, la rehabilitaci\u00f3n contribuir\u00e1 a fortalecer el comercio y el turismo en la regi\u00f3n sur del pa\u00eds.<\/p>\n\n\n\n<p>Trabajos en autopista Pal\u00edn-Escuintla se enfocan en tres puntos<\/p>\n\n\n\n<p>1-Avances en el kil\u00f3metro 39 (al 20 de enero de 2025)<\/p>\n\n\n\n<p>Los trabajos reportan un avance del 62 % y se realizan los siguientes:<\/p>\n\n\n\n<p>zampeado del cauce principal tipo RIP-RAP con un espesor de 30 cm<\/p>\n\n\n\n<p>construcci\u00f3n de diques y muros de contenci\u00f3n, dise\u00f1ados para contener los lahares provenientes del volc\u00e1n<\/p>\n\n\n\n<p>tratamiento y estabilizaci\u00f3n de los taludes del canal<\/p>\n\n\n\n<p>2-Avances en el kil\u00f3metro 44 (al 20 de enero de 2025)<\/p>\n\n\n\n<p>Los trabajos reportan en este punto, que es el m\u00e1s afectado, un avance del 48 % e incluyen:<\/p>\n\n\n\n<p>relleno sobre el cabezal de entrada y terminaci\u00f3n del cabezal de salida con concreto 5000 PSI<\/p>\n\n\n\n<p>construcci\u00f3n de muros de gaviones<\/p>\n\n\n\n<p>retiro y acarreo de material apilado en el arriate central hacia botaderos autorizados<\/p>\n\n\n\n<p>finalizaci\u00f3n de la borda en enrocado y del RIP-RAP en el piso del canal<\/p>\n\n\n\n<p>inicio de la conformaci\u00f3n de muros MSE<\/p>\n\n\n\n<p>3-Avances en el kil\u00f3metro 45 (al 20 de enero de 2025)<\/p>\n\n\n\n<p>En este punto se tiene un avance del 56 %. Los trabajos son:<\/p>\n\n\n\n<p>excavaci\u00f3n estructural para diques<\/p>\n\n\n\n<p>remoci\u00f3n de estructuras existentes<\/p>\n\n\n\n<p>excavaci\u00f3n de canales en la entrada y salida de alcantarillas<\/p>\n\n\n\n<p>conformaci\u00f3n de taludes y bermas 2 y 3<\/p>\n\n\n\n<p>clasificaci\u00f3n y acarreo de roca hacia botaderos autorizados<\/p>\n\n\n\n<p><a href=\"https:\/\/www.facebook.com\/hashtag\/autopistapalinescuintla?__eep__=6&amp;__cft__[0]=AZUdSQghqSeLd8YQvsngOiw0qt9ChurbvaN4lrxa2ABDGMxPeM28LJR776N0gnigADdspShOEKO7XxmvCBhpBrApZW-q1FzEmsJJiOWnWTxplmiKcu-PwDCDjHrbxhu3sDHWOhSFh2IIg1C_HyHj6MIjqUJuALBhHCorbU_kXxCkICVne7Nn54GgPC1AB11oglE&amp;__tn__=*NK-R\">#autopistapalinescuintla<\/a><a href=\"https:\/\/www.facebook.com\/hashtag\/metroredes?__eep__=6&amp;__cft__[0]=AZUdSQghqSeLd8YQvsngOiw0qt9ChurbvaN4lrxa2ABDGMxPeM28LJR776N0gnigADdspShOEKO7XxmvCBhpBrApZW-q1FzEmsJJiOWnWTxplmiKcu-PwDCDjHrbxhu3sDHWOhSFh2IIg1C_HyHj6MIjqUJuALBhHCorbU_kXxCkICVne7Nn54GgPC1AB11oglE&amp;__tn__=*NK-R\">#metroredes<\/a><\/p>\n\n\n\n<figure class=\"wp-block-gallery has-nested-images columns-default is-cropped wp-block-gallery-1 is-layout-flex wp-block-gallery-is-layout-flex\">\n<figure class=\"wp-block-image size-large\"><img loading=\"lazy\" decoding=\"async\" width=\"360\" height=\"270\" data-id=\"97281\" src=\"https:\/\/elmetropolitano.com.gt\/es\/wp-content\/uploads\/2025\/02\/475912996_1147574704035278_3786681166601459194_n-1.jpg\" alt=\"\" class=\"wp-image-97281\" srcset=\"https:\/\/elmetropolitano.com.gt\/es\/wp-content\/uploads\/2025\/02\/475912996_1147574704035278_3786681166601459194_n-1.jpg 360w, https:\/\/elmetropolitano.com.gt\/es\/wp-content\/uploads\/2025\/02\/475912996_1147574704035278_3786681166601459194_n-1-300x225.jpg 300w\" sizes=\"auto, (max-width: 360px) 100vw, 360px\" \/><\/figure>\n\n\n\n<figure class=\"wp-block-image size-large\"><img loading=\"lazy\" decoding=\"async\" width=\"360\" height=\"270\" data-id=\"97282\" src=\"https:\/\/elmetropolitano.com.gt\/es\/wp-content\/uploads\/2025\/02\/476648454_1147574710701944_8537847353888841651_n.jpg\" alt=\"\" class=\"wp-image-97282\" srcset=\"https:\/\/elmetropolitano.com.gt\/es\/wp-content\/uploads\/2025\/02\/476648454_1147574710701944_8537847353888841651_n.jpg 360w, https:\/\/elmetropolitano.com.gt\/es\/wp-content\/uploads\/2025\/02\/476648454_1147574710701944_8537847353888841651_n-300x225.jpg 300w\" sizes=\"auto, (max-width: 360px) 100vw, 360px\" \/><\/figure>\n\n\n\n<figure class=\"wp-block-image size-large\"><img loading=\"lazy\" decoding=\"async\" width=\"360\" height=\"270\" data-id=\"97283\" src=\"https:\/\/elmetropolitano.com.gt\/es\/wp-content\/uploads\/2025\/02\/476655483_1147574777368604_2956584182728978370_n.jpg\" alt=\"\" class=\"wp-image-97283\" srcset=\"https:\/\/elmetropolitano.com.gt\/es\/wp-content\/uploads\/2025\/02\/476655483_1147574777368604_2956584182728978370_n.jpg 360w, https:\/\/elmetropolitano.com.gt\/es\/wp-content\/uploads\/2025\/02\/476655483_1147574777368604_2956584182728978370_n-300x225.jpg 300w\" sizes=\"auto, (max-width: 360px) 100vw, 360px\" \/><\/figure>\n\n\n\n<figure class=\"wp-block-image size-large\"><img loading=\"lazy\" decoding=\"async\" width=\"360\" height=\"201\" data-id=\"97284\" src=\"https:\/\/elmetropolitano.com.gt\/es\/wp-content\/uploads\/2025\/02\/479733264_1147574780701937_850442190431502495_n.jpg\" alt=\"\" class=\"wp-image-97284\" srcset=\"https:\/\/elmetropolitano.com.gt\/es\/wp-content\/uploads\/2025\/02\/479733264_1147574780701937_850442190431502495_n.jpg 360w, https:\/\/elmetropolitano.com.gt\/es\/wp-content\/uploads\/2025\/02\/479733264_1147574780701937_850442190431502495_n-300x168.jpg 300w\" sizes=\"auto, (max-width: 360px) 100vw, 360px\" \/><\/figure>\n<\/figure>\n","protected":false},"excerpt":{"rendered":"<p>Por medio de sus redes sociales el Ministerio de Comunicaciones, Infraestructura y Vivienda (CIV), inform\u00f3 sobre los trabajos de rehabilitaci\u00f3n en el kil\u00f3metro 44 de la autopista Pal\u00edn-Escuintla. Las labores avanzan con el objetivo de mejorar la infraestructura y garantizar una carretera m\u00e1s segura y eficiente para los usuarios. Con estas acciones que se mantienen, <a class=\"read-more\" href=\"https:\/\/elmetropolitano.com.gt\/es\/asi-avanzan-trabajos-de-rehabilitacion-en-la-autopista-palin-escuintla\/\">Leer m\u00e1s<\/a><\/p>\n","protected":false},"author":1,"featured_media":97280,"comment_status":"open","ping_status":"closed","sticky":false,"template":"","format":"standard","meta":{"footnotes":""},"categories":[4],"tags":[13],"class_list":["post-97279","post","type-post","status-publish","format-standard","has-post-thumbnail","hentry","category-departamentales","tag-departamentales"],"_links":{"self":[{"href":"https:\/\/elmetropolitano.com.gt\/es\/wp-json\/wp\/v2\/posts\/97279","targetHints":{"allow":["GET"]}}],"collection":[{"href":"https:\/\/elmetropolitano.com.gt\/es\/wp-json\/wp\/v2\/posts"}],"about":[{"href":"https:\/\/elmetropolitano.com.gt\/es\/wp-json\/wp\/v2\/types\/post"}],"author":[{"embeddable":true,"href":"https:\/\/elmetropolitano.com.gt\/es\/wp-json\/wp\/v2\/users\/1"}],"replies":[{"embeddable":true,"href":"https:\/\/elmetropolitano.com.gt\/es\/wp-json\/wp\/v2\/comments?post=97279"}],"version-history":[{"count":1,"href":"https:\/\/elmetropolitano.com.gt\/es\/wp-json\/wp\/v2\/posts\/97279\/revisions"}],"predecessor-version":[{"id":97285,"href":"https:\/\/elmetropolitano.com.gt\/es\/wp-json\/wp\/v2\/posts\/97279\/revisions\/97285"}],"wp:featuredmedia":[{"embeddable":true,"href":"https:\/\/elmetropolitano.com.gt\/es\/wp-json\/wp\/v2\/media\/97280"}],"wp:attachment":[{"href":"https:\/\/elmetropolitano.com.gt\/es\/wp-json\/wp\/v2\/media?parent=97279"}],"wp:term":[{"taxonomy":"category","embeddable":true,"href":"https:\/\/elmetropolitano.com.gt\/es\/wp-json\/wp\/v2\/categories?post=97279"},{"taxonomy":"post_tag","embeddable":true,"href":"https:\/\/elmetropolitano.com.gt\/es\/wp-json\/wp\/v2\/tags?post=97279"}],"curies":[{"name":"wp","href":"https:\/\/api.w.org\/{rel}","templated":true}]}}