{"id":97316,"date":"2025-02-18T08:58:12","date_gmt":"2025-02-18T14:58:12","guid":{"rendered":"https:\/\/elmetropolitano.com.gt\/es\/?p=97316"},"modified":"2025-02-18T08:58:13","modified_gmt":"2025-02-18T14:58:13","slug":"autoridades-recuperan-area-invadida-del-parque-laguna-lachua","status":"publish","type":"post","link":"https:\/\/elmetropolitano.com.gt\/es\/autoridades-recuperan-area-invadida-del-parque-laguna-lachua\/","title":{"rendered":"Autoridades recuperan \u00e1rea invadida del parque Laguna Lachu\u00e1"},"content":{"rendered":"\n<p>Un esfuerzo de varias instituciones permiti\u00f3 recuperar un \u00e1rea de aproximadamente una manzana del parque nacional Laguna Lachu\u00e1, que hab\u00eda sido invadida por un grupo de personas.<\/p>\n\n\n\n<p>Luego de varias negativas de los ocupantes ilegales para dialogar sobre la toma de una parte del \u00e1rea protegida, autoridades dieron cumplimiento a una orden girada por el \u00f3rgano competente, inform\u00f3 la Gobernaci\u00f3n Departamental de Alta <a><\/a>Verapaz, para recuperar la zona en cuesti\u00f3n del parque Laguna Lachu\u00e1.<\/p><div class=\"elmet-contenido\" id=\"elmet-3697460098\"><div class=\"elmet-adlabel\">Anuncios<\/div><div style=\"margin-top: 20px;margin-right: 20px;margin-bottom: 20px;margin-left: 20px;\" id=\"elmet-2513893838\"><a href=\"https:\/\/www.facebook.com\/arrincuanantigua\/\" aria-label=\"cintillo-arrin-cual\"><img loading=\"lazy\" decoding=\"async\" src=\"https:\/\/elmetropolitano.com.gt\/es\/wp-content\/uploads\/2021\/11\/cintillo-arrin-cual-1.jpg\" alt=\"\"  srcset=\"https:\/\/elmetropolitano.com.gt\/es\/wp-content\/uploads\/2021\/11\/cintillo-arrin-cual-1.jpg 750w, https:\/\/elmetropolitano.com.gt\/es\/wp-content\/uploads\/2021\/11\/cintillo-arrin-cual-1-300x36.jpg 300w, https:\/\/elmetropolitano.com.gt\/es\/wp-content\/uploads\/2021\/11\/cintillo-arrin-cual-1-600x72.jpg 600w\" sizes=\"(max-width: 750px) 100vw, 750px\" width=\"750\" height=\"90\"   \/><\/a><\/div><\/div>\n\n\n\n<p>Durante el operativo, los usurpadores dispararon en varias ocasiones para resistirse a la desocupaci\u00f3n, se\u00f1al\u00f3 la entidad. Con las detonaciones, los hombres encubrieron su adentramiento en el parque, dejando a las mujeres y a los ni\u00f1os en las aproximadamente 15 champas improvisadas con pl\u00e1stico y una de l\u00e1mina.<\/p>\n\n\n\n<p>A pesar de esta t\u00e1ctica violenta usada contra las autoridades, se logr\u00f3 recuperar el orden y reportan varias capturas, de acuerdo con la Gobernaci\u00f3n de Alta Verapaz.<\/p>\n\n\n\n<p>El Gobierno de Guatemala que dirige Bernardo Ar\u00e9valo condena en\u00e9rgicamente estas acciones que atentan contra el Estado de derecho y la conservaci\u00f3n del patrimonio natural de la naci\u00f3n.<\/p>\n\n\n\n<p>Operativo interinstitucional<\/p>\n\n\n\n<p>Para asegurar la correcta aplicaci\u00f3n de los protocolos, la mesa t\u00e9cnica desarrollada este lunes 16 de febrero determin\u00f3 la participaci\u00f3n de varias entidades. Bajo la instrucci\u00f3n del ministro de Gobernaci\u00f3n, Francisco Jim\u00e9nez, y el director general de la Polic\u00eda Nacional Civil (PNC), David Custodio Boteo, agentes policiales hicieron frente a la invasi\u00f3n acompa\u00f1ados por cuerpos de socorro y asistencia humanitaria, la Procuradur\u00eda General de la Naci\u00f3n, la Procuradur\u00eda de los Derechos Humanos y miembros de los consejos comunitarios de desarrollo cercanos.<\/p>\n\n\n\n<p>Adem\u00e1s del Instituto Nacional de Bosques, el Consejo Nacional de \u00c1reas Protegidas y el Ministerio de Ambiente y Recursos Naturales, los cuales velaron por el resguardo de las \u00e1reas naturales del pa\u00eds. En este caso, el parque Laguna Lachu\u00e1, el cual alberga importante biodiversidad del pa\u00eds y contribuye como un pulm\u00f3n verde para toda la naci\u00f3n.<\/p>\n\n\n\n<p>En el lugar, autoridades evidenciaron que las personas que se hab\u00edan instalado ya hab\u00edan talado \u00e1rboles y hab\u00eda varios fogones, basura y varios enseres.<\/p>\n\n\n\n<p>La instituci\u00f3n finaliz\u00f3 instando a la ciudadan\u00eda a denunciar cualquier intento de ocupaci\u00f3n ilegal que ponga en riesgo el equilibrio ambiental y la gobernabilidad del pa\u00eds.<\/p>\n\n\n\n<p><a href=\"https:\/\/www.facebook.com\/hashtag\/conap?__eep__=6&amp;__cft__[0]=AZXS7UIUi1YiYC-O1N2zIFI2MnnCVd_CBCWd72WpdNzs03aJM76MowuWiHez0xFyzZ71aZVb3urtnAGiqz6v1w75DXggfcNR7lcSTcPOMkfywSC2HQwT3CQHJpOLgwSbUrPszcqDCW5kBcCXrfQWS9Wq-sQz4lDub9J-su8FX_-k85WaYNn2tMKZv4AKWazFZ0k&amp;__tn__=*NK-R\">#CONAP<\/a><a href=\"https:\/\/www.facebook.com\/hashtag\/lagunalachua?__eep__=6&amp;__cft__[0]=AZXS7UIUi1YiYC-O1N2zIFI2MnnCVd_CBCWd72WpdNzs03aJM76MowuWiHez0xFyzZ71aZVb3urtnAGiqz6v1w75DXggfcNR7lcSTcPOMkfywSC2HQwT3CQHJpOLgwSbUrPszcqDCW5kBcCXrfQWS9Wq-sQz4lDub9J-su8FX_-k85WaYNn2tMKZv4AKWazFZ0k&amp;__tn__=*NK-R\">#LagunaLachua<\/a><\/p>\n\n\n\n<figure class=\"wp-block-gallery has-nested-images columns-default is-cropped wp-block-gallery-1 is-layout-flex wp-block-gallery-is-layout-flex\">\n<figure class=\"wp-block-image size-large\"><img loading=\"lazy\" decoding=\"async\" width=\"540\" height=\"960\" data-id=\"97318\" src=\"https:\/\/elmetropolitano.com.gt\/es\/wp-content\/uploads\/2025\/02\/477997090_1148292703963478_5964591311468642595_n.jpg\" alt=\"\" class=\"wp-image-97318\" srcset=\"https:\/\/elmetropolitano.com.gt\/es\/wp-content\/uploads\/2025\/02\/477997090_1148292703963478_5964591311468642595_n.jpg 540w, https:\/\/elmetropolitano.com.gt\/es\/wp-content\/uploads\/2025\/02\/477997090_1148292703963478_5964591311468642595_n-169x300.jpg 169w\" sizes=\"auto, (max-width: 540px) 100vw, 540px\" \/><\/figure>\n\n\n\n<figure class=\"wp-block-image size-large\"><img loading=\"lazy\" decoding=\"async\" width=\"576\" height=\"1024\" data-id=\"97321\" src=\"https:\/\/elmetropolitano.com.gt\/es\/wp-content\/uploads\/2025\/02\/480214579_1148293640630051_532497149937317305_n-576x1024.jpg\" alt=\"\" class=\"wp-image-97321\" srcset=\"https:\/\/elmetropolitano.com.gt\/es\/wp-content\/uploads\/2025\/02\/480214579_1148293640630051_532497149937317305_n-576x1024.jpg 576w, https:\/\/elmetropolitano.com.gt\/es\/wp-content\/uploads\/2025\/02\/480214579_1148293640630051_532497149937317305_n-169x300.jpg 169w, https:\/\/elmetropolitano.com.gt\/es\/wp-content\/uploads\/2025\/02\/480214579_1148293640630051_532497149937317305_n-768x1365.jpg 768w, https:\/\/elmetropolitano.com.gt\/es\/wp-content\/uploads\/2025\/02\/480214579_1148293640630051_532497149937317305_n-864x1536.jpg 864w, https:\/\/elmetropolitano.com.gt\/es\/wp-content\/uploads\/2025\/02\/480214579_1148293640630051_532497149937317305_n.jpg 1152w\" sizes=\"auto, (max-width: 576px) 100vw, 576px\" \/><\/figure>\n\n\n\n<figure class=\"wp-block-image size-large\"><img loading=\"lazy\" decoding=\"async\" width=\"1024\" height=\"512\" data-id=\"97319\" src=\"https:\/\/elmetropolitano.com.gt\/es\/wp-content\/uploads\/2025\/02\/480230011_1148293513963397_4568660257666896848_n-1024x512.jpg\" alt=\"\" class=\"wp-image-97319\" srcset=\"https:\/\/elmetropolitano.com.gt\/es\/wp-content\/uploads\/2025\/02\/480230011_1148293513963397_4568660257666896848_n-1024x512.jpg 1024w, https:\/\/elmetropolitano.com.gt\/es\/wp-content\/uploads\/2025\/02\/480230011_1148293513963397_4568660257666896848_n-300x150.jpg 300w, https:\/\/elmetropolitano.com.gt\/es\/wp-content\/uploads\/2025\/02\/480230011_1148293513963397_4568660257666896848_n-768x384.jpg 768w, https:\/\/elmetropolitano.com.gt\/es\/wp-content\/uploads\/2025\/02\/480230011_1148293513963397_4568660257666896848_n.jpg 1140w\" sizes=\"auto, (max-width: 1024px) 100vw, 1024px\" \/><\/figure>\n\n\n\n<figure class=\"wp-block-image size-large\"><img loading=\"lazy\" decoding=\"async\" width=\"1024\" height=\"768\" data-id=\"97320\" src=\"https:\/\/elmetropolitano.com.gt\/es\/wp-content\/uploads\/2025\/02\/480268056_1148293587296723_1329946066045950444_n-1-1024x768.jpg\" alt=\"\" class=\"wp-image-97320\" srcset=\"https:\/\/elmetropolitano.com.gt\/es\/wp-content\/uploads\/2025\/02\/480268056_1148293587296723_1329946066045950444_n-1-1024x768.jpg 1024w, https:\/\/elmetropolitano.com.gt\/es\/wp-content\/uploads\/2025\/02\/480268056_1148293587296723_1329946066045950444_n-1-300x225.jpg 300w, https:\/\/elmetropolitano.com.gt\/es\/wp-content\/uploads\/2025\/02\/480268056_1148293587296723_1329946066045950444_n-1-768x576.jpg 768w, https:\/\/elmetropolitano.com.gt\/es\/wp-content\/uploads\/2025\/02\/480268056_1148293587296723_1329946066045950444_n-1.jpg 1500w\" sizes=\"auto, (max-width: 1024px) 100vw, 1024px\" \/><\/figure>\n\n\n\n<figure class=\"wp-block-image size-large\"><img loading=\"lazy\" decoding=\"async\" width=\"768\" height=\"1024\" data-id=\"97324\" src=\"https:\/\/elmetropolitano.com.gt\/es\/wp-content\/uploads\/2025\/02\/480331216_1148293510630064_5298036218515011551_n-768x1024.jpg\" alt=\"\" class=\"wp-image-97324\" srcset=\"https:\/\/elmetropolitano.com.gt\/es\/wp-content\/uploads\/2025\/02\/480331216_1148293510630064_5298036218515011551_n-768x1024.jpg 768w, https:\/\/elmetropolitano.com.gt\/es\/wp-content\/uploads\/2025\/02\/480331216_1148293510630064_5298036218515011551_n-225x300.jpg 225w, https:\/\/elmetropolitano.com.gt\/es\/wp-content\/uploads\/2025\/02\/480331216_1148293510630064_5298036218515011551_n-1152x1536.jpg 1152w, https:\/\/elmetropolitano.com.gt\/es\/wp-content\/uploads\/2025\/02\/480331216_1148293510630064_5298036218515011551_n.jpg 1536w\" sizes=\"auto, (max-width: 768px) 100vw, 768px\" \/><\/figure>\n\n\n\n<figure class=\"wp-block-image size-large\"><img loading=\"lazy\" decoding=\"async\" width=\"1024\" height=\"576\" data-id=\"97323\" src=\"https:\/\/elmetropolitano.com.gt\/es\/wp-content\/uploads\/2025\/02\/480538457_1148293267296755_1982853971493598119_n-1024x576.jpg\" alt=\"\" class=\"wp-image-97323\" srcset=\"https:\/\/elmetropolitano.com.gt\/es\/wp-content\/uploads\/2025\/02\/480538457_1148293267296755_1982853971493598119_n-1024x576.jpg 1024w, https:\/\/elmetropolitano.com.gt\/es\/wp-content\/uploads\/2025\/02\/480538457_1148293267296755_1982853971493598119_n-300x169.jpg 300w, https:\/\/elmetropolitano.com.gt\/es\/wp-content\/uploads\/2025\/02\/480538457_1148293267296755_1982853971493598119_n-768x432.jpg 768w, https:\/\/elmetropolitano.com.gt\/es\/wp-content\/uploads\/2025\/02\/480538457_1148293267296755_1982853971493598119_n-1536x864.jpg 1536w, https:\/\/elmetropolitano.com.gt\/es\/wp-content\/uploads\/2025\/02\/480538457_1148293267296755_1982853971493598119_n.jpg 2048w\" sizes=\"auto, (max-width: 1024px) 100vw, 1024px\" \/><\/figure>\n\n\n\n<figure class=\"wp-block-image size-large\"><img loading=\"lazy\" decoding=\"async\" width=\"768\" height=\"1024\" data-id=\"97322\" src=\"https:\/\/elmetropolitano.com.gt\/es\/wp-content\/uploads\/2025\/02\/480632315_1148293283963420_4200936290475472190_n-768x1024.jpg\" alt=\"\" class=\"wp-image-97322\" srcset=\"https:\/\/elmetropolitano.com.gt\/es\/wp-content\/uploads\/2025\/02\/480632315_1148293283963420_4200936290475472190_n-768x1024.jpg 768w, https:\/\/elmetropolitano.com.gt\/es\/wp-content\/uploads\/2025\/02\/480632315_1148293283963420_4200936290475472190_n-225x300.jpg 225w, https:\/\/elmetropolitano.com.gt\/es\/wp-content\/uploads\/2025\/02\/480632315_1148293283963420_4200936290475472190_n-1152x1536.jpg 1152w, https:\/\/elmetropolitano.com.gt\/es\/wp-content\/uploads\/2025\/02\/480632315_1148293283963420_4200936290475472190_n.jpg 1536w\" sizes=\"auto, (max-width: 768px) 100vw, 768px\" \/><\/figure>\n<\/figure>\n","protected":false},"excerpt":{"rendered":"<p>Un esfuerzo de varias instituciones permiti\u00f3 recuperar un \u00e1rea de aproximadamente una manzana del parque nacional Laguna Lachu\u00e1, que hab\u00eda sido invadida por un grupo de personas. Luego de varias negativas de los ocupantes ilegales para dialogar sobre la toma de una parte del \u00e1rea protegida, autoridades dieron cumplimiento a una orden girada por el <a class=\"read-more\" href=\"https:\/\/elmetropolitano.com.gt\/es\/autoridades-recuperan-area-invadida-del-parque-laguna-lachua\/\">Leer m\u00e1s<\/a><\/p>\n","protected":false},"author":1,"featured_media":97317,"comment_status":"open","ping_status":"closed","sticky":false,"template":"","format":"standard","meta":{"footnotes":""},"categories":[4],"tags":[13],"class_list":["post-97316","post","type-post","status-publish","format-standard","has-post-thumbnail","hentry","category-departamentales","tag-departamentales"],"_links":{"self":[{"href":"https:\/\/elmetropolitano.com.gt\/es\/wp-json\/wp\/v2\/posts\/97316","targetHints":{"allow":["GET"]}}],"collection":[{"href":"https:\/\/elmetropolitano.com.gt\/es\/wp-json\/wp\/v2\/posts"}],"about":[{"href":"https:\/\/elmetropolitano.com.gt\/es\/wp-json\/wp\/v2\/types\/post"}],"author":[{"embeddable":true,"href":"https:\/\/elmetropolitano.com.gt\/es\/wp-json\/wp\/v2\/users\/1"}],"replies":[{"embeddable":true,"href":"https:\/\/elmetropolitano.com.gt\/es\/wp-json\/wp\/v2\/comments?post=97316"}],"version-history":[{"count":1,"href":"https:\/\/elmetropolitano.com.gt\/es\/wp-json\/wp\/v2\/posts\/97316\/revisions"}],"predecessor-version":[{"id":97325,"href":"https:\/\/elmetropolitano.com.gt\/es\/wp-json\/wp\/v2\/posts\/97316\/revisions\/97325"}],"wp:featuredmedia":[{"embeddable":true,"href":"https:\/\/elmetropolitano.com.gt\/es\/wp-json\/wp\/v2\/media\/97317"}],"wp:attachment":[{"href":"https:\/\/elmetropolitano.com.gt\/es\/wp-json\/wp\/v2\/media?parent=97316"}],"wp:term":[{"taxonomy":"category","embeddable":true,"href":"https:\/\/elmetropolitano.com.gt\/es\/wp-json\/wp\/v2\/categories?post=97316"},{"taxonomy":"post_tag","embeddable":true,"href":"https:\/\/elmetropolitano.com.gt\/es\/wp-json\/wp\/v2\/tags?post=97316"}],"curies":[{"name":"wp","href":"https:\/\/api.w.org\/{rel}","templated":true}]}}