{"id":97334,"date":"2025-02-18T09:06:26","date_gmt":"2025-02-18T15:06:26","guid":{"rendered":"https:\/\/elmetropolitano.com.gt\/es\/?p=97334"},"modified":"2025-02-18T09:06:27","modified_gmt":"2025-02-18T15:06:27","slug":"provial-presenta-plan-de-expansion-para-mejorar-la-seguridad-en-las-carreteras","status":"publish","type":"post","link":"https:\/\/elmetropolitano.com.gt\/es\/provial-presenta-plan-de-expansion-para-mejorar-la-seguridad-en-las-carreteras\/","title":{"rendered":"Provial presenta plan de expansi\u00f3n para mejorar la seguridad en las carreteras"},"content":{"rendered":"\n<p>Con el objetivo de aumentar la presencia institucional en todo el territorio nacional y mejorar la seguridad vial para peatones, conductores y pasajeros, la Direcci\u00f3n General de Protecci\u00f3n y Seguridad Vial (PROVIAL) present\u00f3 su plan de expansi\u00f3n 2025-2027.<\/p>\n\n\n\n<p>El proyecto est\u00e1 enfocado en la prevenci\u00f3n de accidentes de tr\u00e1nsito y la mejora en la fluidez vehicular, buscando reducir los hechos de <a><\/a>tr\u00e1nsito en las principales carreteras del pa\u00eds.<\/p><div class=\"elmet-contenido\" id=\"elmet-1584065759\"><div class=\"elmet-adlabel\">Anuncios<\/div><div style=\"margin-top: 20px;margin-right: 20px;margin-bottom: 20px;margin-left: 20px;\" id=\"elmet-1638500739\"><a href=\"https:\/\/www.facebook.com\/arrincuanantigua\/\" aria-label=\"cintillo-arrin-cual\"><img loading=\"lazy\" decoding=\"async\" src=\"https:\/\/elmetropolitano.com.gt\/es\/wp-content\/uploads\/2021\/11\/cintillo-arrin-cual-1.jpg\" alt=\"\"  srcset=\"https:\/\/elmetropolitano.com.gt\/es\/wp-content\/uploads\/2021\/11\/cintillo-arrin-cual-1.jpg 750w, https:\/\/elmetropolitano.com.gt\/es\/wp-content\/uploads\/2021\/11\/cintillo-arrin-cual-1-300x36.jpg 300w, https:\/\/elmetropolitano.com.gt\/es\/wp-content\/uploads\/2021\/11\/cintillo-arrin-cual-1-600x72.jpg 600w\" sizes=\"(max-width: 750px) 100vw, 750px\" width=\"750\" height=\"90\"   \/><\/a><\/div><\/div>\n\n\n\n<p>Fernando Suriano, viceministro de Transportes, dio a conocer los detalles de esta estrategia en conferencia de prensa en el Palacio de la Cultura, donde destac\u00f3 la importancia de ampliar los recursos de PROVIAL para fortalecer el control vial y garantizar una respuesta r\u00e1pida ante emergencias.<\/p>\n\n\n\n<p>Actualmente, PROVIAL cuenta con seis sedes regionales en distintas partes del pa\u00eds: Morales, Izabal; San Crist\u00f3bal Acasaguastl\u00e1n, El Progreso; Ciudad de Guatemala; Salcaj\u00e1, Quetzaltenango; y San Bernardino, Mazatenango, adem\u00e1s de tres subregionales en R\u00edo Dulce, Livingston, Izabal; Coatepeque, Quetzaltenango; y Pal\u00edn, Escuintla.<\/p>\n\n\n\n<p>Con el plan de expansi\u00f3n se busca implementar 15 nuevas sedes regionales y tres subregionales a lo largo de tres a\u00f1os.<\/p>\n\n\n\n<p>Este incremento estar\u00e1 acompa\u00f1ado de una significativa expansi\u00f3n en el n\u00famero de brigadas (agentes) viales, que pasar\u00e1n de 124 a 1,216, con 792 nuevas brigadas que estar\u00e1n capacitadas para ofrecer apoyo en emergencias y tareas de prevenci\u00f3n en la carretera.<\/p>\n\n\n\n<p>De igual forma, se proyecta un aumento en la flota vehicular de PROVIAL, que pasar\u00e1 de 51 unidades a 124, dentro de las que se incluyen autopatrullas, gr\u00faas, motocicletas y retroexcavadoras.<\/p>\n\n\n\n<p>El Ministerio de Comunicaciones, Infraestructura y Vivienda (CIV) ha subrayado que esta expansi\u00f3n tiene como objetivo mejorar la cobertura de PROVIAL y asegurar el orden en las principales rutas y carreteras del pa\u00eds.<\/p>\n\n\n\n<p>Adem\u00e1s, busca promover una cultura de seguridad vial, fomentar la educaci\u00f3n preventiva entre los conductores y garantizar una respuesta oportuna ante cualquier tipo de incidente en las carreteras.<\/p>\n\n\n\n<p>Suriano destac\u00f3 que el rol de PROVIAL es crucial en la prevenci\u00f3n de accidentes, y enfatiz\u00f3 la importancia de que todos los ciudadanos contribuyan a la seguridad vial. \u201cProvial es la parte preventiva y es una tarea de todos la seguridad y educaci\u00f3n en las carreteras\u201d, se\u00f1al\u00f3.<\/p>\n\n\n\n<p>El plan tambi\u00e9n incluye un componente clave de capacitaci\u00f3n, donde brigadas especializadas brindar\u00e1n apoyo en situaciones de emergencia, adem\u00e1s de promover pr\u00e1cticas responsables entre los conductores.<\/p>\n\n\n\n<p>El objetivo es reducir los accidentes de tr\u00e1nsito, protegiendo a los guatemaltecos y asegurando que lleguen a sus destinos de manera segura.<\/p>\n\n\n\n<p>La iniciativa de PROVIAL resalta la necesidad de fortalecer el sistema de seguridad vial del pa\u00eds y de crear un ambiente de conducci\u00f3n m\u00e1s seguro, responsable y consciente. Con este esfuerzo, las autoridades esperan reducir significativamente los hechos de tr\u00e1nsito y proteger a todos los usuarios de las carreteras.<\/p>\n\n\n\n<p><a href=\"https:\/\/www.facebook.com\/hashtag\/provial?__eep__=6&amp;__cft__[0]=AZXhm_azRRUQZHLA12ZuHXfRO7b01FUjRy1lIvYbPwKLxywM7pgCROXMJQ_DK5B4veWcoSE78XxhTIY14ml_SljihroarNKFh8RG02oRx3kNcr9wT750wd1yxy64sOmkSvk7wT8KUAaqQIbIq_3q2X28PxLkOMQwQEWroqQypQ0f9m75MQT6jCJtacAczTKOG-k&amp;__tn__=*NK-R\">#Provial<\/a><a href=\"https:\/\/www.facebook.com\/hashtag\/civ?__eep__=6&amp;__cft__[0]=AZXhm_azRRUQZHLA12ZuHXfRO7b01FUjRy1lIvYbPwKLxywM7pgCROXMJQ_DK5B4veWcoSE78XxhTIY14ml_SljihroarNKFh8RG02oRx3kNcr9wT750wd1yxy64sOmkSvk7wT8KUAaqQIbIq_3q2X28PxLkOMQwQEWroqQypQ0f9m75MQT6jCJtacAczTKOG-k&amp;__tn__=*NK-R\">#CIV<\/a><a href=\"https:\/\/www.facebook.com\/hashtag\/metroredes?__eep__=6&amp;__cft__[0]=AZXhm_azRRUQZHLA12ZuHXfRO7b01FUjRy1lIvYbPwKLxywM7pgCROXMJQ_DK5B4veWcoSE78XxhTIY14ml_SljihroarNKFh8RG02oRx3kNcr9wT750wd1yxy64sOmkSvk7wT8KUAaqQIbIq_3q2X28PxLkOMQwQEWroqQypQ0f9m75MQT6jCJtacAczTKOG-k&amp;__tn__=*NK-R\">#metroredes<\/a><a href=\"https:\/\/www.facebook.com\/hashtag\/alertavial?__eep__=6&amp;__cft__[0]=AZXhm_azRRUQZHLA12ZuHXfRO7b01FUjRy1lIvYbPwKLxywM7pgCROXMJQ_DK5B4veWcoSE78XxhTIY14ml_SljihroarNKFh8RG02oRx3kNcr9wT750wd1yxy64sOmkSvk7wT8KUAaqQIbIq_3q2X28PxLkOMQwQEWroqQypQ0f9m75MQT6jCJtacAczTKOG-k&amp;__tn__=*NK-R\">#AlertaVial<\/a><\/p>\n\n\n\n<figure class=\"wp-block-gallery has-nested-images columns-default is-cropped wp-block-gallery-1 is-layout-flex wp-block-gallery-is-layout-flex\"><\/figure>\n","protected":false},"excerpt":{"rendered":"<p>Con el objetivo de aumentar la presencia institucional en todo el territorio nacional y mejorar la seguridad vial para peatones, conductores y pasajeros, la Direcci\u00f3n General de Protecci\u00f3n y Seguridad Vial (PROVIAL) present\u00f3 su plan de expansi\u00f3n 2025-2027. El proyecto est\u00e1 enfocado en la prevenci\u00f3n de accidentes de tr\u00e1nsito y la mejora en la fluidez <a class=\"read-more\" href=\"https:\/\/elmetropolitano.com.gt\/es\/provial-presenta-plan-de-expansion-para-mejorar-la-seguridad-en-las-carreteras\/\">Leer m\u00e1s<\/a><\/p>\n","protected":false},"author":1,"featured_media":97335,"comment_status":"open","ping_status":"closed","sticky":false,"template":"","format":"standard","meta":{"footnotes":""},"categories":[2],"tags":[12],"class_list":["post-97334","post","type-post","status-publish","format-standard","has-post-thumbnail","hentry","category-nacionales","tag-nacionales"],"_links":{"self":[{"href":"https:\/\/elmetropolitano.com.gt\/es\/wp-json\/wp\/v2\/posts\/97334","targetHints":{"allow":["GET"]}}],"collection":[{"href":"https:\/\/elmetropolitano.com.gt\/es\/wp-json\/wp\/v2\/posts"}],"about":[{"href":"https:\/\/elmetropolitano.com.gt\/es\/wp-json\/wp\/v2\/types\/post"}],"author":[{"embeddable":true,"href":"https:\/\/elmetropolitano.com.gt\/es\/wp-json\/wp\/v2\/users\/1"}],"replies":[{"embeddable":true,"href":"https:\/\/elmetropolitano.com.gt\/es\/wp-json\/wp\/v2\/comments?post=97334"}],"version-history":[{"count":1,"href":"https:\/\/elmetropolitano.com.gt\/es\/wp-json\/wp\/v2\/posts\/97334\/revisions"}],"predecessor-version":[{"id":97336,"href":"https:\/\/elmetropolitano.com.gt\/es\/wp-json\/wp\/v2\/posts\/97334\/revisions\/97336"}],"wp:featuredmedia":[{"embeddable":true,"href":"https:\/\/elmetropolitano.com.gt\/es\/wp-json\/wp\/v2\/media\/97335"}],"wp:attachment":[{"href":"https:\/\/elmetropolitano.com.gt\/es\/wp-json\/wp\/v2\/media?parent=97334"}],"wp:term":[{"taxonomy":"category","embeddable":true,"href":"https:\/\/elmetropolitano.com.gt\/es\/wp-json\/wp\/v2\/categories?post=97334"},{"taxonomy":"post_tag","embeddable":true,"href":"https:\/\/elmetropolitano.com.gt\/es\/wp-json\/wp\/v2\/tags?post=97334"}],"curies":[{"name":"wp","href":"https:\/\/api.w.org\/{rel}","templated":true}]}}