{"id":97340,"date":"2025-02-18T09:11:57","date_gmt":"2025-02-18T15:11:57","guid":{"rendered":"https:\/\/elmetropolitano.com.gt\/es\/?p=97340"},"modified":"2025-02-18T09:11:57","modified_gmt":"2025-02-18T15:11:57","slug":"recicladores-protestan-frente-al-ministerio-del-medio-ambiente","status":"publish","type":"post","link":"https:\/\/elmetropolitano.com.gt\/es\/recicladores-protestan-frente-al-ministerio-del-medio-ambiente\/","title":{"rendered":"Recicladores Protestan frente al Ministerio del Medio Ambiente"},"content":{"rendered":"\n<p>Recicladores de desechos manifiestan esta ma\u00f1ana frente al Ministerio de Ambiente, en 7ma. Avenida y 3ra. Calle de la zona 13 capitalina<\/p>\n\n\n\n<p>Este 11 de febrero entr\u00f3 en vigencia la Ley de Clasificaci\u00f3n de Basura en Guatemala, por lo que es importante en casa separar los desechos de manera adecuada y esto no les agrada a los recicla dores o guaneros.<\/p><div class=\"elmet-contenido\" id=\"elmet-4131154750\"><div class=\"elmet-adlabel\">Anuncios<\/div><div style=\"margin-top: 20px;margin-right: 20px;margin-bottom: 20px;margin-left: 20px;\" id=\"elmet-1764889633\"><a href=\"https:\/\/www.facebook.com\/arrincuanantigua\/\" aria-label=\"cintillo-arrin-cual\"><img loading=\"lazy\" decoding=\"async\" src=\"https:\/\/elmetropolitano.com.gt\/es\/wp-content\/uploads\/2021\/11\/cintillo-arrin-cual-1.jpg\" alt=\"\"  srcset=\"https:\/\/elmetropolitano.com.gt\/es\/wp-content\/uploads\/2021\/11\/cintillo-arrin-cual-1.jpg 750w, https:\/\/elmetropolitano.com.gt\/es\/wp-content\/uploads\/2021\/11\/cintillo-arrin-cual-1-300x36.jpg 300w, https:\/\/elmetropolitano.com.gt\/es\/wp-content\/uploads\/2021\/11\/cintillo-arrin-cual-1-600x72.jpg 600w\" sizes=\"(max-width: 750px) 100vw, 750px\" width=\"750\" height=\"90\"   \/><\/a><\/div><\/div>\n\n\n\n<p><a href=\"https:\/\/www.facebook.com\/hashtag\/medioambiente?__eep__=6&amp;__cft__[0]=AZWBEqe9qX2sfXUFkJ7ELD-DeH9ddUIjwWZJ5aWEFjfOr5Zw4HsavNHjJP3LzZ9oV1jIRb4x2u7HvuryzQPXBBducQMCk0rR_Ie_VSY5D3Jm9ts5OtY6UpOBzGy97CnFeBkjv5pHSzCLAAGfWeIUx2Xtpl49gsomd4AKDKOd4eaWsqotnnqDWtLRI0SgnGOxzf4&amp;__tn__=*NK-R\">#MedioAmbiente<\/a><a href=\"https:\/\/www.facebook.com\/hashtag\/yoreciclo?__eep__=6&amp;__cft__[0]=AZWBEqe9qX2sfXUFkJ7ELD-DeH9ddUIjwWZJ5aWEFjfOr5Zw4HsavNHjJP3LzZ9oV1jIRb4x2u7HvuryzQPXBBducQMCk0rR_Ie_VSY5D3Jm9ts5OtY6UpOBzGy97CnFeBkjv5pHSzCLAAGfWeIUx2Xtpl49gsomd4AKDKOd4eaWsqotnnqDWtLRI0SgnGOxzf4&amp;__tn__=*NK-R\">#YoReciclo<\/a><\/p>\n\n\n\n<figure class=\"wp-block-gallery has-nested-images columns-default is-cropped wp-block-gallery-1 is-layout-flex wp-block-gallery-is-layout-flex\">\n<figure class=\"wp-block-image size-large\"><img loading=\"lazy\" decoding=\"async\" width=\"960\" height=\"538\" data-id=\"97342\" src=\"https:\/\/elmetropolitano.com.gt\/es\/wp-content\/uploads\/2025\/02\/477089822_1148679370591478_2994570495281580194_n-1.jpg\" alt=\"\" class=\"wp-image-97342\" srcset=\"https:\/\/elmetropolitano.com.gt\/es\/wp-content\/uploads\/2025\/02\/477089822_1148679370591478_2994570495281580194_n-1.jpg 960w, https:\/\/elmetropolitano.com.gt\/es\/wp-content\/uploads\/2025\/02\/477089822_1148679370591478_2994570495281580194_n-1-300x168.jpg 300w, https:\/\/elmetropolitano.com.gt\/es\/wp-content\/uploads\/2025\/02\/477089822_1148679370591478_2994570495281580194_n-1-768x430.jpg 768w\" sizes=\"auto, (max-width: 960px) 100vw, 960px\" \/><\/figure>\n\n\n\n<figure class=\"wp-block-image size-large\"><img loading=\"lazy\" decoding=\"async\" width=\"1024\" height=\"473\" data-id=\"97343\" src=\"https:\/\/elmetropolitano.com.gt\/es\/wp-content\/uploads\/2025\/02\/480522721_1148679550591460_7325826600801631580_n-1024x473.jpg\" alt=\"\" class=\"wp-image-97343\" srcset=\"https:\/\/elmetropolitano.com.gt\/es\/wp-content\/uploads\/2025\/02\/480522721_1148679550591460_7325826600801631580_n-1024x473.jpg 1024w, https:\/\/elmetropolitano.com.gt\/es\/wp-content\/uploads\/2025\/02\/480522721_1148679550591460_7325826600801631580_n-300x139.jpg 300w, https:\/\/elmetropolitano.com.gt\/es\/wp-content\/uploads\/2025\/02\/480522721_1148679550591460_7325826600801631580_n-768x355.jpg 768w, https:\/\/elmetropolitano.com.gt\/es\/wp-content\/uploads\/2025\/02\/480522721_1148679550591460_7325826600801631580_n-1536x710.jpg 1536w, https:\/\/elmetropolitano.com.gt\/es\/wp-content\/uploads\/2025\/02\/480522721_1148679550591460_7325826600801631580_n.jpg 2048w\" sizes=\"auto, (max-width: 1024px) 100vw, 1024px\" \/><\/figure>\n<\/figure>\n","protected":false},"excerpt":{"rendered":"<p>Recicladores de desechos manifiestan esta ma\u00f1ana frente al Ministerio de Ambiente, en 7ma. Avenida y 3ra. Calle de la zona 13 capitalina Este 11 de febrero entr\u00f3 en vigencia la Ley de Clasificaci\u00f3n de Basura en Guatemala, por lo que es importante en casa separar los desechos de manera adecuada y esto no les agrada <a class=\"read-more\" href=\"https:\/\/elmetropolitano.com.gt\/es\/recicladores-protestan-frente-al-ministerio-del-medio-ambiente\/\">Leer m\u00e1s<\/a><\/p>\n","protected":false},"author":1,"featured_media":97341,"comment_status":"open","ping_status":"closed","sticky":false,"template":"","format":"standard","meta":{"footnotes":""},"categories":[2],"tags":[12],"class_list":["post-97340","post","type-post","status-publish","format-standard","has-post-thumbnail","hentry","category-nacionales","tag-nacionales"],"_links":{"self":[{"href":"https:\/\/elmetropolitano.com.gt\/es\/wp-json\/wp\/v2\/posts\/97340","targetHints":{"allow":["GET"]}}],"collection":[{"href":"https:\/\/elmetropolitano.com.gt\/es\/wp-json\/wp\/v2\/posts"}],"about":[{"href":"https:\/\/elmetropolitano.com.gt\/es\/wp-json\/wp\/v2\/types\/post"}],"author":[{"embeddable":true,"href":"https:\/\/elmetropolitano.com.gt\/es\/wp-json\/wp\/v2\/users\/1"}],"replies":[{"embeddable":true,"href":"https:\/\/elmetropolitano.com.gt\/es\/wp-json\/wp\/v2\/comments?post=97340"}],"version-history":[{"count":1,"href":"https:\/\/elmetropolitano.com.gt\/es\/wp-json\/wp\/v2\/posts\/97340\/revisions"}],"predecessor-version":[{"id":97344,"href":"https:\/\/elmetropolitano.com.gt\/es\/wp-json\/wp\/v2\/posts\/97340\/revisions\/97344"}],"wp:featuredmedia":[{"embeddable":true,"href":"https:\/\/elmetropolitano.com.gt\/es\/wp-json\/wp\/v2\/media\/97341"}],"wp:attachment":[{"href":"https:\/\/elmetropolitano.com.gt\/es\/wp-json\/wp\/v2\/media?parent=97340"}],"wp:term":[{"taxonomy":"category","embeddable":true,"href":"https:\/\/elmetropolitano.com.gt\/es\/wp-json\/wp\/v2\/categories?post=97340"},{"taxonomy":"post_tag","embeddable":true,"href":"https:\/\/elmetropolitano.com.gt\/es\/wp-json\/wp\/v2\/tags?post=97340"}],"curies":[{"name":"wp","href":"https:\/\/api.w.org\/{rel}","templated":true}]}}