{"id":97353,"date":"2025-02-18T10:02:50","date_gmt":"2025-02-18T16:02:50","guid":{"rendered":"https:\/\/elmetropolitano.com.gt\/es\/?p=97353"},"modified":"2025-02-18T10:02:50","modified_gmt":"2025-02-18T16:02:50","slug":"avances-y-tecnologia-asi-se-transformara-la-educacion-en-el-ciclo-escolar-2025","status":"publish","type":"post","link":"https:\/\/elmetropolitano.com.gt\/es\/avances-y-tecnologia-asi-se-transformara-la-educacion-en-el-ciclo-escolar-2025\/","title":{"rendered":"Avances y tecnolog\u00eda: As\u00ed se transformar\u00e1 la educaci\u00f3n en el ciclo escolar 2025"},"content":{"rendered":"\n<p>El ciclo escolar da inicio este mi\u00e9rcoles, 19 de febrero, en el sector p\u00fablico, en una nueva etapa con m\u00e1s de 3 millones de estudiantes inscritos, quienes tendr\u00e1n acceso a diferentes programas implementados por el Ministerio de Educaci\u00f3n (Mineduc) y otros que se ir\u00e1n sumando para innovar el aprendizaje en el aula.<\/p>\n\n\n\n<p>Entre ellos se encuentra la transformaci\u00f3n digital, la cual ha empezado en los institutos oficiales de diversificado, de los cuales 100 ya cuentan con laboratorios de qu\u00edmica, biolog\u00eda y otros 50 laboratorios de tecnolog\u00eda.<\/p><div class=\"elmet-contenido\" id=\"elmet-3488677045\"><div class=\"elmet-adlabel\">Anuncios<\/div><div style=\"margin-top: 20px;margin-right: 20px;margin-bottom: 20px;margin-left: 20px;\" id=\"elmet-62126240\"><a href=\"https:\/\/www.facebook.com\/arrincuanantigua\/\" aria-label=\"cintillo-arrin-cual\"><img loading=\"lazy\" decoding=\"async\" src=\"https:\/\/elmetropolitano.com.gt\/es\/wp-content\/uploads\/2021\/11\/cintillo-arrin-cual-1.jpg\" alt=\"\"  srcset=\"https:\/\/elmetropolitano.com.gt\/es\/wp-content\/uploads\/2021\/11\/cintillo-arrin-cual-1.jpg 750w, https:\/\/elmetropolitano.com.gt\/es\/wp-content\/uploads\/2021\/11\/cintillo-arrin-cual-1-300x36.jpg 300w, https:\/\/elmetropolitano.com.gt\/es\/wp-content\/uploads\/2021\/11\/cintillo-arrin-cual-1-600x72.jpg 600w\" sizes=\"(max-width: 750px) 100vw, 750px\" width=\"750\" height=\"90\"   \/><\/a><\/div><\/div>\n\n\n\n<p>Tambi\u00e9n se implementar\u00e1 el nuevo Programa Nacional de Lectura, el cual priorizar\u00e1 escuelas en zonas rurales. Este ir\u00e1 de la mano de la estrategia de nivelaci\u00f3n de los aprendizajes en lectura y escritura.<\/p>\n\n\n\n<p>Adem\u00e1s, la ministra de Educaci\u00f3n inform\u00f3 que se ampliar\u00e1 la educaci\u00f3n intercultural biling\u00fce con m\u00e1s docentes, recursos pedag\u00f3gicos, al igual se habilitar\u00e1n m\u00e1s becas para aprender ingl\u00e9s.<\/p>\n\n\n\n<p>Otros de los programas innovadores del 2025 son Mi Escuela Va al Museo y Ajedrez en el Aula.<\/p>\n\n\n\n<p>M\u00e1s remozamientos<\/p>\n\n\n\n<p>En infraestructura, se remozar\u00e1n 10 mil nuevos centros educativos y junto al Ministerio de Comunicaciones, Infraestructura y Vivienda se construir\u00e1n m\u00e1s escuelas e institutos.<\/p>\n\n\n\n<p>Hasta la fecha, con los fondos de mantenimiento de edificios escolares, el Mineduc ha logrado remozar 11 mil 400 escuelas. En las cuales se han recuperado ba\u00f1os y cocinas para fortalecer el Programa de Alimentaci\u00f3n Escolar.<\/p>\n\n\n\n<p>Esfuerzos por la educaci\u00f3n<\/p>\n\n\n\n<p>Entre los programas a implementarse est\u00e1 la transformaci\u00f3n de la franja de supervisores, que incluye a los asesores pedag\u00f3gicos y a un equipo que va a estar instalado en todas las sedes departamentales para brindar acompa\u00f1amiento a la calidad educativa.<\/p>\n\n\n\n<p>Programas educativos en marcha<\/p>\n\n\n\n<p>Libros de texto: se han distribuido 11 millones de libros de texto, alineados con el Curr\u00edculum Nacional Base y disponibles digitalmente para garantizar transparencia.<\/p>\n\n\n\n<p>Programa de Gratuidad: cuenta con un aumento en sus fondos superior al 100 %, lo cual permite cubrir gastos esenciales para el funcionamiento diario de las escuelas.<\/p>\n\n\n\n<p>Programa de \u00datiles Escolares: en apoyo a las familias, se duplic\u00f3 el monto destinado, proporcionando materiales esenciales como cuadernos, l\u00e1pices y crayones para facilitar el aprendizaje en el aula.<\/p>\n\n\n\n<p>Programa de Alimentaci\u00f3n Escolar: se ha consolidado como referente regional al brindar comida preparada y servida en los establecimientos educativos, lo cual contribuye al mejor rendimiento acad\u00e9mico.<\/p>\n\n\n\n<p>Programa de Salud Escolar: a la fecha se ha atendido a 221 mil 897 estudiantes con servicios m\u00e9dicos, incluyendo medicamentos y, en casos lamentables, con apoyo funerario. Este a\u00f1o en las escuelas habr\u00e1 vacunas, salud bucodental, salud auditiva, salud visual, prevenci\u00f3n del dengue, prevenci\u00f3n de enfermedades renales, entre otras.<\/p>\n\n\n\n<p>Remozamiento de escuelas: es otro pilar clave en el plan de trabajo del Mineduc. A la fecha se han renovado 11 mil 529 centros educativos, destinando 859 millones de quetzales para su mantenimiento.<\/p>\n\n\n\n<p>Programa de Educaci\u00f3n Extraescolar: tambi\u00e9n funcionar\u00e1 como una herramienta para brindar oportunidades a los migrantes guatemaltecos retornados, ya que el Mineduc ofrecer\u00e1 certificaci\u00f3n de competencias laborales que validar\u00e1n los conocimientos adquiridos en el extranjero, permiti\u00e9ndoles acceder a empleos dignos.<\/p>\n\n\n\n<p>Texto: Cindy Alonzo<\/p>\n\n\n\n<p>#educacion #metroredes <a href=\"http:\/\/www.elmetropolitano.com.gt\">www.elmetropolitano.com.gt<\/a> <a href=\"http:\/\/www.metroredes.com\">www.metroredes.com<\/a> <a href=\"http:\/\/www.elescuintleco.com\">www.elescuintleco.com<\/a><\/p>\n","protected":false},"excerpt":{"rendered":"<p>El ciclo escolar da inicio este mi\u00e9rcoles, 19 de febrero, en el sector p\u00fablico, en una nueva etapa con m\u00e1s de 3 millones de estudiantes inscritos, quienes tendr\u00e1n acceso a diferentes programas implementados por el Ministerio de Educaci\u00f3n (Mineduc) y otros que se ir\u00e1n sumando para innovar el aprendizaje en el aula. Entre ellos se <a class=\"read-more\" href=\"https:\/\/elmetropolitano.com.gt\/es\/avances-y-tecnologia-asi-se-transformara-la-educacion-en-el-ciclo-escolar-2025\/\">Leer m\u00e1s<\/a><\/p>\n","protected":false},"author":1,"featured_media":97354,"comment_status":"open","ping_status":"closed","sticky":false,"template":"","format":"standard","meta":{"footnotes":""},"categories":[2],"tags":[12],"class_list":["post-97353","post","type-post","status-publish","format-standard","has-post-thumbnail","hentry","category-nacionales","tag-nacionales"],"_links":{"self":[{"href":"https:\/\/elmetropolitano.com.gt\/es\/wp-json\/wp\/v2\/posts\/97353","targetHints":{"allow":["GET"]}}],"collection":[{"href":"https:\/\/elmetropolitano.com.gt\/es\/wp-json\/wp\/v2\/posts"}],"about":[{"href":"https:\/\/elmetropolitano.com.gt\/es\/wp-json\/wp\/v2\/types\/post"}],"author":[{"embeddable":true,"href":"https:\/\/elmetropolitano.com.gt\/es\/wp-json\/wp\/v2\/users\/1"}],"replies":[{"embeddable":true,"href":"https:\/\/elmetropolitano.com.gt\/es\/wp-json\/wp\/v2\/comments?post=97353"}],"version-history":[{"count":1,"href":"https:\/\/elmetropolitano.com.gt\/es\/wp-json\/wp\/v2\/posts\/97353\/revisions"}],"predecessor-version":[{"id":97355,"href":"https:\/\/elmetropolitano.com.gt\/es\/wp-json\/wp\/v2\/posts\/97353\/revisions\/97355"}],"wp:featuredmedia":[{"embeddable":true,"href":"https:\/\/elmetropolitano.com.gt\/es\/wp-json\/wp\/v2\/media\/97354"}],"wp:attachment":[{"href":"https:\/\/elmetropolitano.com.gt\/es\/wp-json\/wp\/v2\/media?parent=97353"}],"wp:term":[{"taxonomy":"category","embeddable":true,"href":"https:\/\/elmetropolitano.com.gt\/es\/wp-json\/wp\/v2\/categories?post=97353"},{"taxonomy":"post_tag","embeddable":true,"href":"https:\/\/elmetropolitano.com.gt\/es\/wp-json\/wp\/v2\/tags?post=97353"}],"curies":[{"name":"wp","href":"https:\/\/api.w.org\/{rel}","templated":true}]}}