{"id":97356,"date":"2025-02-18T13:29:27","date_gmt":"2025-02-18T19:29:27","guid":{"rendered":"https:\/\/elmetropolitano.com.gt\/es\/?p=97356"},"modified":"2025-02-18T13:29:27","modified_gmt":"2025-02-18T19:29:27","slug":"la-cc-le-regresa-los-42-policias-a-degenhart","status":"publish","type":"post","link":"https:\/\/elmetropolitano.com.gt\/es\/la-cc-le-regresa-los-42-policias-a-degenhart\/","title":{"rendered":"La CC le regresa los 42 polic\u00edas a Degenhart"},"content":{"rendered":"\n<p>Mientras la poblaci\u00f3n sufre los embates de la delincuencia, la Corte de Constitucionalidad, CC, ampara al ex ministro de gobernaci\u00f3n Enrique Degenhart y le devuelve los 40 polic\u00edas que lo cuidaban, sin importar si hay o no elementos para la seguridad ciudadana.<\/p>\n\n\n\n<p>Degenhart present\u00f3 un amparo ante la CC luego que el presidente Bernardo Ar\u00e9valo les quitara a los 42 polic\u00edas nacionales que lo cuidaba, debido a la falta de elementos para resguardar la seguridad ciudadana, pero los magistrados, dirigidos por Nester V\u00e1squez, deciden regresarles a los agentes.<\/p><div class=\"elmet-contenido\" id=\"elmet-2665407531\"><div class=\"elmet-adlabel\">Anuncios<\/div><div style=\"margin-top: 20px;margin-right: 20px;margin-bottom: 20px;margin-left: 20px;\" id=\"elmet-2449099086\"><a href=\"https:\/\/www.facebook.com\/arrincuanantigua\/\" aria-label=\"cintillo-arrin-cual\"><img loading=\"lazy\" decoding=\"async\" src=\"https:\/\/elmetropolitano.com.gt\/es\/wp-content\/uploads\/2021\/11\/cintillo-arrin-cual-1.jpg\" alt=\"\"  srcset=\"https:\/\/elmetropolitano.com.gt\/es\/wp-content\/uploads\/2021\/11\/cintillo-arrin-cual-1.jpg 750w, https:\/\/elmetropolitano.com.gt\/es\/wp-content\/uploads\/2021\/11\/cintillo-arrin-cual-1-300x36.jpg 300w, https:\/\/elmetropolitano.com.gt\/es\/wp-content\/uploads\/2021\/11\/cintillo-arrin-cual-1-600x72.jpg 600w\" sizes=\"(max-width: 750px) 100vw, 750px\" width=\"750\" height=\"90\"   \/><\/a><\/div><\/div>\n\n\n\n<p>La CC acept\u00f3 la apelaci\u00f3n del exministro de Gobernaci\u00f3n, y orden\u00f3 al Juzgado Quinto Civil que le otorgue un amparo provisional para que le sea devuelta la seguridad que el a\u00f1o pasado se le retir\u00f3 por \u00f3rdenes del presidente Bernardo Ar\u00e9valo, pues el exfuncionario alega que su vida qued\u00f3 en \u00abindefensi\u00f3n frente a la delincuencia com\u00fan, narcotr\u00e1fico y crimen organizado\u00bb.<\/p>\n\n\n\n<p>Analistas se\u00f1alan que el ex ministro de gobernaci\u00f3n reconoce la inseguridad que se vive y de la cual es parte por ineptitud y ahora le quita 42 polic\u00edas a la seguridad ciudadana para que lo cuiden a el por no haber hecho bien su trabajo mientras fue ministro de gobernaci\u00f3n y lo m\u00e1s ir\u00f3nico es la resoluci\u00f3n de la CC que una vez demuestra de que lado est\u00e1n, no de la poblaci\u00f3n sino de los que siempre han defendido.<\/p>\n\n\n\n<p>Degenhart fue ex candidato a diputado por la coalici\u00f3n Visi\u00f3n-Unionista, siendo parte del mismo grupo que tiene al pa\u00eds en las condiciones que est\u00e1 y el consciente, ahora si de esto, pide que se le den los 42 polic\u00edas para que lo puedan resguardarlo, sin importarte en lo m\u00e1s m\u00ednimo la seguridad de los guatemaltecos, cosa que no hizo cuando fue ministro.<\/p>\n\n\n\n<p>Texto: Mario Reyes<\/p>\n\n\n\n<p>#metroredes www.elmetropolitano.com.gt www.metroredes.com www.elescuintleco.com<\/p>\n\n\n\n<figure class=\"wp-block-gallery has-nested-images columns-default is-cropped wp-block-gallery-1 is-layout-flex wp-block-gallery-is-layout-flex\">\n<figure class=\"wp-block-image size-large\"><img loading=\"lazy\" decoding=\"async\" width=\"278\" height=\"179\" data-id=\"97358\" src=\"https:\/\/elmetropolitano.com.gt\/es\/wp-content\/uploads\/2025\/02\/eb95fc09-869b-43ef-a3c0-79ef6262bddf-1.jpg\" alt=\"\" class=\"wp-image-97358\"\/><\/figure>\n<\/figure>\n","protected":false},"excerpt":{"rendered":"<p>Mientras la poblaci\u00f3n sufre los embates de la delincuencia, la Corte de Constitucionalidad, CC, ampara al ex ministro de gobernaci\u00f3n Enrique Degenhart y le devuelve los 40 polic\u00edas que lo cuidaban, sin importar si hay o no elementos para la seguridad ciudadana. Degenhart present\u00f3 un amparo ante la CC luego que el presidente Bernardo Ar\u00e9valo <a class=\"read-more\" href=\"https:\/\/elmetropolitano.com.gt\/es\/la-cc-le-regresa-los-42-policias-a-degenhart\/\">Leer m\u00e1s<\/a><\/p>\n","protected":false},"author":1,"featured_media":97357,"comment_status":"open","ping_status":"closed","sticky":false,"template":"","format":"standard","meta":{"footnotes":""},"categories":[2],"tags":[12],"class_list":["post-97356","post","type-post","status-publish","format-standard","has-post-thumbnail","hentry","category-nacionales","tag-nacionales"],"_links":{"self":[{"href":"https:\/\/elmetropolitano.com.gt\/es\/wp-json\/wp\/v2\/posts\/97356","targetHints":{"allow":["GET"]}}],"collection":[{"href":"https:\/\/elmetropolitano.com.gt\/es\/wp-json\/wp\/v2\/posts"}],"about":[{"href":"https:\/\/elmetropolitano.com.gt\/es\/wp-json\/wp\/v2\/types\/post"}],"author":[{"embeddable":true,"href":"https:\/\/elmetropolitano.com.gt\/es\/wp-json\/wp\/v2\/users\/1"}],"replies":[{"embeddable":true,"href":"https:\/\/elmetropolitano.com.gt\/es\/wp-json\/wp\/v2\/comments?post=97356"}],"version-history":[{"count":1,"href":"https:\/\/elmetropolitano.com.gt\/es\/wp-json\/wp\/v2\/posts\/97356\/revisions"}],"predecessor-version":[{"id":97359,"href":"https:\/\/elmetropolitano.com.gt\/es\/wp-json\/wp\/v2\/posts\/97356\/revisions\/97359"}],"wp:featuredmedia":[{"embeddable":true,"href":"https:\/\/elmetropolitano.com.gt\/es\/wp-json\/wp\/v2\/media\/97357"}],"wp:attachment":[{"href":"https:\/\/elmetropolitano.com.gt\/es\/wp-json\/wp\/v2\/media?parent=97356"}],"wp:term":[{"taxonomy":"category","embeddable":true,"href":"https:\/\/elmetropolitano.com.gt\/es\/wp-json\/wp\/v2\/categories?post=97356"},{"taxonomy":"post_tag","embeddable":true,"href":"https:\/\/elmetropolitano.com.gt\/es\/wp-json\/wp\/v2\/tags?post=97356"}],"curies":[{"name":"wp","href":"https:\/\/api.w.org\/{rel}","templated":true}]}}