{"id":97417,"date":"2025-02-20T19:07:37","date_gmt":"2025-02-21T01:07:37","guid":{"rendered":"https:\/\/elmetropolitano.com.gt\/es\/?p=97417"},"modified":"2025-02-20T19:07:37","modified_gmt":"2025-02-21T01:07:37","slug":"municipalidad-de-jocotenango-firma-convenio-con-el-ministerio-de-educacion","status":"publish","type":"post","link":"https:\/\/elmetropolitano.com.gt\/es\/municipalidad-de-jocotenango-firma-convenio-con-el-ministerio-de-educacion\/","title":{"rendered":"Municipalidad de Jocotenango firma convenio con el Ministerio de Educaci\u00f3n"},"content":{"rendered":"\n<p>La munipalidad de Jocotenango, dirigida por el alcalde Iv\u00e1n Meo\u00f1o, ha firmado un convenio con el Ministerio de Educaci\u00f3n, para fortalecer el apoyo a los centros educativos p\u00fablicos de este municipio.<\/p>\n\n\n\n<p>La actual administraci\u00f3n municipal del alcalde Meo\u00f1o, se encuentra plenamente comprometida con el apoyo a la educaci\u00f3n p\u00fablica en Jocotenango.<\/p><div class=\"elmet-contenido\" id=\"elmet-4194321755\"><div class=\"elmet-adlabel\">Anuncios<\/div><div style=\"margin-top: 20px;margin-right: 20px;margin-bottom: 20px;margin-left: 20px;\" id=\"elmet-2459977637\"><a href=\"https:\/\/www.facebook.com\/arrincuanantigua\/\" aria-label=\"cintillo-arrin-cual\"><img loading=\"lazy\" decoding=\"async\" src=\"https:\/\/elmetropolitano.com.gt\/es\/wp-content\/uploads\/2021\/11\/cintillo-arrin-cual-1.jpg\" alt=\"\"  srcset=\"https:\/\/elmetropolitano.com.gt\/es\/wp-content\/uploads\/2021\/11\/cintillo-arrin-cual-1.jpg 750w, https:\/\/elmetropolitano.com.gt\/es\/wp-content\/uploads\/2021\/11\/cintillo-arrin-cual-1-300x36.jpg 300w, https:\/\/elmetropolitano.com.gt\/es\/wp-content\/uploads\/2021\/11\/cintillo-arrin-cual-1-600x72.jpg 600w\" sizes=\"(max-width: 750px) 100vw, 750px\" width=\"750\" height=\"90\"   \/><\/a><\/div><\/div>\n\n\n\n<p>A <a><\/a>trav\u00e9s de la firma de este acuerdo, se estar\u00e1 brindando el necesario personal docente, as\u00ed como personal de conserjeria, adem\u00e1s de garantizar mejores condiciones educativas para las nuevas generaciones.<\/p>\n\n\n\n<p>Hay un firme compromiso municipal para apoyar e impulsar el desarrollo educativo p\u00fablico en Jocotenango y con la firma de este convenio la comuna jocoteca impulsar\u00e1 y apoyara al estudiantado del municipio.<\/p>\n\n\n\n<p>Texto: Oscar Estuardo Villalobos Roca<\/p>\n\n\n\n<p><a href=\"https:\/\/www.facebook.com\/hashtag\/munijocotenango?__eep__=6&amp;__cft__[0]=AZXx7r-dqXxFtKBu06fHRh3POwFDZXFFqtjwTGIYWf5AyjdmLtXxQPSUhI4EBrtnHLnj3MKk0IELCstQhJB728JSNy3dH4fXpHNme2t-iqt_DfK2VN5CbFmhkrIl_ApIzlb-x7jv3vYxqVsro-E0l7aJ-Rr3zpmmCqmgyogyvgDjHChdWV7v3nZCnejjlFk24Io&amp;__tn__=*NK-R\">#MuniJocotenango<\/a><a href=\"https:\/\/www.facebook.com\/hashtag\/metroredes?__eep__=6&amp;__cft__[0]=AZXx7r-dqXxFtKBu06fHRh3POwFDZXFFqtjwTGIYWf5AyjdmLtXxQPSUhI4EBrtnHLnj3MKk0IELCstQhJB728JSNy3dH4fXpHNme2t-iqt_DfK2VN5CbFmhkrIl_ApIzlb-x7jv3vYxqVsro-E0l7aJ-Rr3zpmmCqmgyogyvgDjHChdWV7v3nZCnejjlFk24Io&amp;__tn__=*NK-R\">#metroredes<\/a><a href=\"https:\/\/www.facebook.com\/hashtag\/educacionparatodos?__eep__=6&amp;__cft__[0]=AZXx7r-dqXxFtKBu06fHRh3POwFDZXFFqtjwTGIYWf5AyjdmLtXxQPSUhI4EBrtnHLnj3MKk0IELCstQhJB728JSNy3dH4fXpHNme2t-iqt_DfK2VN5CbFmhkrIl_ApIzlb-x7jv3vYxqVsro-E0l7aJ-Rr3zpmmCqmgyogyvgDjHChdWV7v3nZCnejjlFk24Io&amp;__tn__=*NK-R\">#EducacionParaTodos<\/a><\/p>\n\n\n\n<figure class=\"wp-block-gallery has-nested-images columns-default is-cropped wp-block-gallery-1 is-layout-flex wp-block-gallery-is-layout-flex\">\n<figure class=\"wp-block-image size-large\"><img loading=\"lazy\" decoding=\"async\" width=\"828\" height=\"705\" data-id=\"97419\" src=\"https:\/\/elmetropolitano.com.gt\/es\/wp-content\/uploads\/2025\/02\/480703794_1150458677080214_7434339218306876047_n-1.jpg\" alt=\"\" class=\"wp-image-97419\" srcset=\"https:\/\/elmetropolitano.com.gt\/es\/wp-content\/uploads\/2025\/02\/480703794_1150458677080214_7434339218306876047_n-1.jpg 828w, https:\/\/elmetropolitano.com.gt\/es\/wp-content\/uploads\/2025\/02\/480703794_1150458677080214_7434339218306876047_n-1-300x255.jpg 300w, https:\/\/elmetropolitano.com.gt\/es\/wp-content\/uploads\/2025\/02\/480703794_1150458677080214_7434339218306876047_n-1-768x654.jpg 768w\" sizes=\"auto, (max-width: 828px) 100vw, 828px\" \/><\/figure>\n\n\n\n<figure class=\"wp-block-image size-large\"><img loading=\"lazy\" decoding=\"async\" width=\"960\" height=\"605\" data-id=\"97421\" src=\"https:\/\/elmetropolitano.com.gt\/es\/wp-content\/uploads\/2025\/02\/480799730_1150458683746880_6234943852812946813_n.jpg\" alt=\"\" class=\"wp-image-97421\" srcset=\"https:\/\/elmetropolitano.com.gt\/es\/wp-content\/uploads\/2025\/02\/480799730_1150458683746880_6234943852812946813_n.jpg 960w, https:\/\/elmetropolitano.com.gt\/es\/wp-content\/uploads\/2025\/02\/480799730_1150458683746880_6234943852812946813_n-300x189.jpg 300w, https:\/\/elmetropolitano.com.gt\/es\/wp-content\/uploads\/2025\/02\/480799730_1150458683746880_6234943852812946813_n-768x484.jpg 768w\" sizes=\"auto, (max-width: 960px) 100vw, 960px\" \/><\/figure>\n\n\n\n<figure class=\"wp-block-image size-large\"><img loading=\"lazy\" decoding=\"async\" width=\"960\" height=\"562\" data-id=\"97420\" src=\"https:\/\/elmetropolitano.com.gt\/es\/wp-content\/uploads\/2025\/02\/481105134_1150458737080208_3728621637695555174_n.jpg\" alt=\"\" class=\"wp-image-97420\" srcset=\"https:\/\/elmetropolitano.com.gt\/es\/wp-content\/uploads\/2025\/02\/481105134_1150458737080208_3728621637695555174_n.jpg 960w, https:\/\/elmetropolitano.com.gt\/es\/wp-content\/uploads\/2025\/02\/481105134_1150458737080208_3728621637695555174_n-300x176.jpg 300w, https:\/\/elmetropolitano.com.gt\/es\/wp-content\/uploads\/2025\/02\/481105134_1150458737080208_3728621637695555174_n-768x450.jpg 768w\" sizes=\"auto, (max-width: 960px) 100vw, 960px\" \/><\/figure>\n<\/figure>\n","protected":false},"excerpt":{"rendered":"<p>La munipalidad de Jocotenango, dirigida por el alcalde Iv\u00e1n Meo\u00f1o, ha firmado un convenio con el Ministerio de Educaci\u00f3n, para fortalecer el apoyo a los centros educativos p\u00fablicos de este municipio. La actual administraci\u00f3n municipal del alcalde Meo\u00f1o, se encuentra plenamente comprometida con el apoyo a la educaci\u00f3n p\u00fablica en Jocotenango. A trav\u00e9s de la <a class=\"read-more\" href=\"https:\/\/elmetropolitano.com.gt\/es\/municipalidad-de-jocotenango-firma-convenio-con-el-ministerio-de-educacion\/\">Leer m\u00e1s<\/a><\/p>\n","protected":false},"author":1,"featured_media":97418,"comment_status":"open","ping_status":"closed","sticky":false,"template":"","format":"standard","meta":{"footnotes":""},"categories":[119],"tags":[120],"class_list":["post-97417","post","type-post","status-publish","format-standard","has-post-thumbnail","hentry","category-municipales","tag-municipales"],"_links":{"self":[{"href":"https:\/\/elmetropolitano.com.gt\/es\/wp-json\/wp\/v2\/posts\/97417","targetHints":{"allow":["GET"]}}],"collection":[{"href":"https:\/\/elmetropolitano.com.gt\/es\/wp-json\/wp\/v2\/posts"}],"about":[{"href":"https:\/\/elmetropolitano.com.gt\/es\/wp-json\/wp\/v2\/types\/post"}],"author":[{"embeddable":true,"href":"https:\/\/elmetropolitano.com.gt\/es\/wp-json\/wp\/v2\/users\/1"}],"replies":[{"embeddable":true,"href":"https:\/\/elmetropolitano.com.gt\/es\/wp-json\/wp\/v2\/comments?post=97417"}],"version-history":[{"count":1,"href":"https:\/\/elmetropolitano.com.gt\/es\/wp-json\/wp\/v2\/posts\/97417\/revisions"}],"predecessor-version":[{"id":97422,"href":"https:\/\/elmetropolitano.com.gt\/es\/wp-json\/wp\/v2\/posts\/97417\/revisions\/97422"}],"wp:featuredmedia":[{"embeddable":true,"href":"https:\/\/elmetropolitano.com.gt\/es\/wp-json\/wp\/v2\/media\/97418"}],"wp:attachment":[{"href":"https:\/\/elmetropolitano.com.gt\/es\/wp-json\/wp\/v2\/media?parent=97417"}],"wp:term":[{"taxonomy":"category","embeddable":true,"href":"https:\/\/elmetropolitano.com.gt\/es\/wp-json\/wp\/v2\/categories?post=97417"},{"taxonomy":"post_tag","embeddable":true,"href":"https:\/\/elmetropolitano.com.gt\/es\/wp-json\/wp\/v2\/tags?post=97417"}],"curies":[{"name":"wp","href":"https:\/\/api.w.org\/{rel}","templated":true}]}}