{"id":97423,"date":"2025-02-20T19:12:41","date_gmt":"2025-02-21T01:12:41","guid":{"rendered":"https:\/\/elmetropolitano.com.gt\/es\/?p=97423"},"modified":"2025-02-20T19:12:41","modified_gmt":"2025-02-21T01:12:41","slug":"avanza-la-recuperacion-de-la-autopista-palin-escuintla","status":"publish","type":"post","link":"https:\/\/elmetropolitano.com.gt\/es\/avanza-la-recuperacion-de-la-autopista-palin-escuintla\/","title":{"rendered":"Avanza la recuperaci\u00f3n de la Autopista Pal\u00edn-Escuintla"},"content":{"rendered":"\n<p>La rehabilitaci\u00f3n de la Autopista Pal\u00edn-Escuintla sigue su curso con avances significativos, se trabaja para restaurar la transitabilidad en esta importante v\u00eda. Con estos esfuerzos se busca mejorar la movilidad para la seguridad de los conductores.<\/p>\n\n\n\n<p>El <a><\/a>viceministro de Infraestructura, Allan Guevara, supervis\u00f3 recientemente los trabajos en los kil\u00f3metros 39, 44 y 45 de la CA-9 Sur, donde se realizan las labores. En particular, en el kil\u00f3metro 44, el proyecto ya alcanza un 75% de avance, con la nivelaci\u00f3n de una de las capas en el carril derecho, el cual se prev\u00e9 habilitar en las pr\u00f3ximas semanas.<\/p><div class=\"elmet-contenido\" id=\"elmet-2156869951\"><div class=\"elmet-adlabel\">Anuncios<\/div><div style=\"margin-top: 20px;margin-right: 20px;margin-bottom: 20px;margin-left: 20px;\" id=\"elmet-3791009768\"><a href=\"https:\/\/www.facebook.com\/arrincuanantigua\/\" aria-label=\"cintillo-arrin-cual\"><img loading=\"lazy\" decoding=\"async\" src=\"https:\/\/elmetropolitano.com.gt\/es\/wp-content\/uploads\/2021\/11\/cintillo-arrin-cual-1.jpg\" alt=\"\"  srcset=\"https:\/\/elmetropolitano.com.gt\/es\/wp-content\/uploads\/2021\/11\/cintillo-arrin-cual-1.jpg 750w, https:\/\/elmetropolitano.com.gt\/es\/wp-content\/uploads\/2021\/11\/cintillo-arrin-cual-1-300x36.jpg 300w, https:\/\/elmetropolitano.com.gt\/es\/wp-content\/uploads\/2021\/11\/cintillo-arrin-cual-1-600x72.jpg 600w\" sizes=\"(max-width: 750px) 100vw, 750px\" width=\"750\" height=\"90\"   \/><\/a><\/div><\/div>\n\n\n\n<p>Seg\u00fan las autoridades, la planificaci\u00f3n contempla elevar el nivel del carril derecho hasta alcanzar el terreno de cimentaci\u00f3n, asegurando una base estable para la circulaci\u00f3n vehicular.<\/p>\n\n\n\n<p>\u00abSe est\u00e1n implementando estructuras de protecci\u00f3n como gaviones, zampeado y disipadores de energ\u00eda, elementos clave para fortalecer la infraestructura y prevenir futuros da\u00f1os\u00bb, agreg\u00f3 el funcionario durante la inspecci\u00f3n.<\/p>\n\n\n\n<p>El Ministerio de Comunicaciones, Infraestructura y Vivienda reafirma su compromiso con la pronta recuperaci\u00f3n de esta autopista, que es una de las principales arterias de conexi\u00f3n para el pa\u00eds<\/p>\n\n\n\n<p><a href=\"https:\/\/www.facebook.com\/hashtag\/civ?__eep__=6&amp;__cft__[0]=AZV4rjdVSO7z6-FZ36FXPPY1us5ZJgKIWw9hGwKJQMs4-aSvtFIOzWcst6HV_cHj_vZmt2OeNy467ykCGkOSJenZTtOMVVYcIspZ6Dps53Wcx449t9ZUSpU4uWvyC78OFsGtwViefg5g2VNQyG3dpLFzC93OC1LOrRrkIix5pHMGG70quAPZ9UqSkCG-NEi_P_0&amp;__tn__=*NK-R\">#Civ<\/a><a href=\"https:\/\/www.facebook.com\/hashtag\/metroredes?__eep__=6&amp;__cft__[0]=AZV4rjdVSO7z6-FZ36FXPPY1us5ZJgKIWw9hGwKJQMs4-aSvtFIOzWcst6HV_cHj_vZmt2OeNy467ykCGkOSJenZTtOMVVYcIspZ6Dps53Wcx449t9ZUSpU4uWvyC78OFsGtwViefg5g2VNQyG3dpLFzC93OC1LOrRrkIix5pHMGG70quAPZ9UqSkCG-NEi_P_0&amp;__tn__=*NK-R\">#metroredes<\/a><\/p>\n\n\n\n<figure class=\"wp-block-gallery has-nested-images columns-default is-cropped wp-block-gallery-1 is-layout-flex wp-block-gallery-is-layout-flex\">\n<figure class=\"wp-block-image size-large\"><img loading=\"lazy\" decoding=\"async\" width=\"360\" height=\"270\" data-id=\"97427\" src=\"https:\/\/elmetropolitano.com.gt\/es\/wp-content\/uploads\/2025\/02\/475912996_1147574704035278_3786681166601459194_n-3.jpg\" alt=\"\" class=\"wp-image-97427\" srcset=\"https:\/\/elmetropolitano.com.gt\/es\/wp-content\/uploads\/2025\/02\/475912996_1147574704035278_3786681166601459194_n-3.jpg 360w, https:\/\/elmetropolitano.com.gt\/es\/wp-content\/uploads\/2025\/02\/475912996_1147574704035278_3786681166601459194_n-3-300x225.jpg 300w\" sizes=\"auto, (max-width: 360px) 100vw, 360px\" \/><\/figure>\n\n\n\n<figure class=\"wp-block-image size-large\"><img loading=\"lazy\" decoding=\"async\" width=\"360\" height=\"270\" data-id=\"97428\" src=\"https:\/\/elmetropolitano.com.gt\/es\/wp-content\/uploads\/2025\/02\/475912996_1147574704035278_3786681166601459194_n-1-1.jpg\" alt=\"\" class=\"wp-image-97428\" srcset=\"https:\/\/elmetropolitano.com.gt\/es\/wp-content\/uploads\/2025\/02\/475912996_1147574704035278_3786681166601459194_n-1-1.jpg 360w, https:\/\/elmetropolitano.com.gt\/es\/wp-content\/uploads\/2025\/02\/475912996_1147574704035278_3786681166601459194_n-1-1-300x225.jpg 300w\" sizes=\"auto, (max-width: 360px) 100vw, 360px\" \/><\/figure>\n\n\n\n<figure class=\"wp-block-image size-large\"><img loading=\"lazy\" decoding=\"async\" width=\"360\" height=\"270\" data-id=\"97425\" src=\"https:\/\/elmetropolitano.com.gt\/es\/wp-content\/uploads\/2025\/02\/476648454_1147574710701944_8537847353888841651_n-1.jpg\" alt=\"\" class=\"wp-image-97425\" srcset=\"https:\/\/elmetropolitano.com.gt\/es\/wp-content\/uploads\/2025\/02\/476648454_1147574710701944_8537847353888841651_n-1.jpg 360w, https:\/\/elmetropolitano.com.gt\/es\/wp-content\/uploads\/2025\/02\/476648454_1147574710701944_8537847353888841651_n-1-300x225.jpg 300w\" sizes=\"auto, (max-width: 360px) 100vw, 360px\" \/><\/figure>\n\n\n\n<figure class=\"wp-block-image size-large\"><img loading=\"lazy\" decoding=\"async\" width=\"360\" height=\"270\" data-id=\"97426\" src=\"https:\/\/elmetropolitano.com.gt\/es\/wp-content\/uploads\/2025\/02\/476655483_1147574777368604_2956584182728978370_n-1.jpg\" alt=\"\" class=\"wp-image-97426\" srcset=\"https:\/\/elmetropolitano.com.gt\/es\/wp-content\/uploads\/2025\/02\/476655483_1147574777368604_2956584182728978370_n-1.jpg 360w, https:\/\/elmetropolitano.com.gt\/es\/wp-content\/uploads\/2025\/02\/476655483_1147574777368604_2956584182728978370_n-1-300x225.jpg 300w\" sizes=\"auto, (max-width: 360px) 100vw, 360px\" \/><\/figure>\n<\/figure>\n","protected":false},"excerpt":{"rendered":"<p>La rehabilitaci\u00f3n de la Autopista Pal\u00edn-Escuintla sigue su curso con avances significativos, se trabaja para restaurar la transitabilidad en esta importante v\u00eda. Con estos esfuerzos se busca mejorar la movilidad para la seguridad de los conductores. El viceministro de Infraestructura, Allan Guevara, supervis\u00f3 recientemente los trabajos en los kil\u00f3metros 39, 44 y 45 de la <a class=\"read-more\" href=\"https:\/\/elmetropolitano.com.gt\/es\/avanza-la-recuperacion-de-la-autopista-palin-escuintla\/\">Leer m\u00e1s<\/a><\/p>\n","protected":false},"author":1,"featured_media":97424,"comment_status":"open","ping_status":"closed","sticky":false,"template":"","format":"standard","meta":{"footnotes":""},"categories":[4],"tags":[13],"class_list":["post-97423","post","type-post","status-publish","format-standard","has-post-thumbnail","hentry","category-departamentales","tag-departamentales"],"_links":{"self":[{"href":"https:\/\/elmetropolitano.com.gt\/es\/wp-json\/wp\/v2\/posts\/97423","targetHints":{"allow":["GET"]}}],"collection":[{"href":"https:\/\/elmetropolitano.com.gt\/es\/wp-json\/wp\/v2\/posts"}],"about":[{"href":"https:\/\/elmetropolitano.com.gt\/es\/wp-json\/wp\/v2\/types\/post"}],"author":[{"embeddable":true,"href":"https:\/\/elmetropolitano.com.gt\/es\/wp-json\/wp\/v2\/users\/1"}],"replies":[{"embeddable":true,"href":"https:\/\/elmetropolitano.com.gt\/es\/wp-json\/wp\/v2\/comments?post=97423"}],"version-history":[{"count":1,"href":"https:\/\/elmetropolitano.com.gt\/es\/wp-json\/wp\/v2\/posts\/97423\/revisions"}],"predecessor-version":[{"id":97429,"href":"https:\/\/elmetropolitano.com.gt\/es\/wp-json\/wp\/v2\/posts\/97423\/revisions\/97429"}],"wp:featuredmedia":[{"embeddable":true,"href":"https:\/\/elmetropolitano.com.gt\/es\/wp-json\/wp\/v2\/media\/97424"}],"wp:attachment":[{"href":"https:\/\/elmetropolitano.com.gt\/es\/wp-json\/wp\/v2\/media?parent=97423"}],"wp:term":[{"taxonomy":"category","embeddable":true,"href":"https:\/\/elmetropolitano.com.gt\/es\/wp-json\/wp\/v2\/categories?post=97423"},{"taxonomy":"post_tag","embeddable":true,"href":"https:\/\/elmetropolitano.com.gt\/es\/wp-json\/wp\/v2\/tags?post=97423"}],"curies":[{"name":"wp","href":"https:\/\/api.w.org\/{rel}","templated":true}]}}