{"id":97476,"date":"2025-02-21T08:37:14","date_gmt":"2025-02-21T14:37:14","guid":{"rendered":"https:\/\/elmetropolitano.com.gt\/es\/?p=97476"},"modified":"2025-02-21T08:37:15","modified_gmt":"2025-02-21T14:37:15","slug":"presidente-arevalo-entrega-informe-sobre-restitucion-del-titulo-de-acul-al-ejido-municipal-de-nebaj-quiche","status":"publish","type":"post","link":"https:\/\/elmetropolitano.com.gt\/es\/presidente-arevalo-entrega-informe-sobre-restitucion-del-titulo-de-acul-al-ejido-municipal-de-nebaj-quiche\/","title":{"rendered":"Presidente Ar\u00e9valo entrega informe sobre restituci\u00f3n del t\u00edtulo de Acul al Ejido Municipal de Nebaj, Quich\u00e9"},"content":{"rendered":"\n<p>El presidente de la Rep\u00fablica Bernardo Ar\u00e9valo <a><\/a>entreg\u00f3 este jueves el informe sobre restituci\u00f3n del t\u00edtulo de Acul al ejido municipal de Nebaj, Quich\u00e9.<\/p>\n\n\n\n<p>En su mensaje, el mandatario se\u00f1al\u00f3 que estas acciones forman parte del apoyo a los pueblos ind\u00edgenas del pa\u00eds:<\/p><div class=\"elmet-contenido\" id=\"elmet-1476961693\"><div class=\"elmet-adlabel\">Anuncios<\/div><div style=\"margin-top: 20px;margin-right: 20px;margin-bottom: 20px;margin-left: 20px;\" id=\"elmet-68241876\"><a href=\"https:\/\/www.facebook.com\/arrincuanantigua\/\" aria-label=\"cintillo-arrin-cual\"><img loading=\"lazy\" decoding=\"async\" src=\"https:\/\/elmetropolitano.com.gt\/es\/wp-content\/uploads\/2021\/11\/cintillo-arrin-cual-1.jpg\" alt=\"\"  srcset=\"https:\/\/elmetropolitano.com.gt\/es\/wp-content\/uploads\/2021\/11\/cintillo-arrin-cual-1.jpg 750w, https:\/\/elmetropolitano.com.gt\/es\/wp-content\/uploads\/2021\/11\/cintillo-arrin-cual-1-300x36.jpg 300w, https:\/\/elmetropolitano.com.gt\/es\/wp-content\/uploads\/2021\/11\/cintillo-arrin-cual-1-600x72.jpg 600w\" sizes=\"(max-width: 750px) 100vw, 750px\" width=\"750\" height=\"90\"   \/><\/a><\/div><\/div>\n\n\n\n<p>\u201cBuenos d\u00edas, pueblo de Acul, para mi gobierno, esta ma\u00f1ana, este encuentro en su territorio, es un momento de alegr\u00eda y de gran esperanza porque este es el ejemplo de que la lucha de reivindicaci\u00f3n con los pueblos ind\u00edgenas s\u00ed puede tener resultados positivos\u201dexpres\u00f3 Ar\u00e9valo<\/p>\n\n\n\n<p>El mandatario se\u00f1al\u00f3 que este fue un trabajo conjunto entre los l\u00edderes comunitarios y la Secretar\u00eda Privada de la Presidencia, liderada por Ana Glenda Tager.<\/p>\n\n\n\n<p>M\u00e1s de 40 a\u00f1os<\/p>\n\n\n\n<p>En el evento oficial, efectuado en Nebaj, Quich\u00e9, las autoridades ind\u00edgenas destacaron que pasaron m\u00e1s de 40 a\u00f1os para lograr la recuperaci\u00f3n de las tierras de Acul.<\/p>\n\n\n\n<p>Juan Carlos Pel\u00e1ez, abogado del proceso, destac\u00f3 que ue esta es \u201cuna actividad que, despu\u00e9s de 42 a\u00f1os, cierra un cap\u00edtulo de un pueblo que sufri\u00f3 de desalojo de sus tierras centenarias y luego se enteran de que son del Gobierno y no de la comunidad\u201d<\/p>\n\n\n\n<p>El abogado agradeci\u00f3 al Gobierno de Guatemala y al presidente Ar\u00e9valo por apoyar en la recuperaci\u00f3n de estas tierras.<\/p>\n\n\n\n<p>Por su parte, el alcalde municipal, Ram\u00f3n Raymundo Ceto, agradeci\u00f3 el apoyo del Gobierno central al indicar que \u201cestamos muy contentos por nuestro terreno porque se pas\u00f3 a la municipalidad, gracias por su apoyo, se\u00f1or presidente\u201d<\/p>\n\n\n\n<p>Destac\u00f3 que hace 10 a\u00f1os se enteraron que ya no eran propietarios de estas tierras y comenz\u00f3 un proceso de recuperaci\u00f3n que qued\u00f3 en el olvido por los gobiernos anteriores.<\/p>\n\n\n\n<p>La historia<\/p>\n\n\n\n<p>Entre 1983 y 1984, cuando el Estado de Guatemala cre\u00f3 los polos de desarrollo como una estrategia antisubversiva, se expropiaron terrenos de dos comunidades.<\/p>\n\n\n\n<p>Durante 28 a\u00f1os, los habitantes de Acul y Tzalbal, en Nebaj, Quich\u00e9, no supieron que la tierra de su comunidad ya no era de ellos. El Ej\u00e9rcito la hab\u00eda inscrito como un bien de la Naci\u00f3n. Hoy estas dos comunidades buscan una forma de recuperar lo que les quitaron.<\/p>\n\n\n\n<p>Hasta antes del 9 de diciembre de 1983, la tierra comunal del municipio de Nebaj, en Quich\u00e9, era una sola. Un territorio compuesto por dos fincas gigantes registradas como propiedad colectiva e inscrita, por tanto, bajo el t\u00edtulo de ejido municipal.<\/p>\n\n\n\n<p>Los polos de desarrollo se crearon tan solo seis meses despu\u00e9s de la desmembraci\u00f3n de Acul, y dos de la expropiaci\u00f3n de Tzalbal, por el decreto-ley 65-84, en julio de 1984.<\/p>\n\n\n\n<p>Se argumentaba que el respaldo jur\u00eddico de los polos de desarrollo era el Estatuto Fundamental de Gobierno, ese documento que sustituy\u00f3 a la Constituci\u00f3n de la Rep\u00fablica luego del golpe de Estado de marzo de 1982 y hasta 1985.<\/p>\n\n\n\n<p><a href=\"https:\/\/www.facebook.com\/hashtag\/nebajquiche?__eep__=6&amp;__cft__[0]=AZUaJO4kdOqkxeImI5RifhZNv_edPe1TM88S-z-bM3BKvABAI1eyOnYGdEyb48iZiyqlFmmvEui0-aU617upXmHdTg-E-O9jEaPcrZ1FlS3q7KB1plfHhUSGYxTGOMoGHhmFsdhaCRGMBEXgHIFkZIHWLj-1uiKb8FuGqkr-v8muMxG6TlU0zIC056NPc5voCwkBdqyt_lPI0RBUT7Oo6r5BOI055ox0xh508PdO2UsiBQ&amp;__tn__=*NK-y-R\">#nebajquiche<\/a><a href=\"https:\/\/www.facebook.com\/hashtag\/metroredes?__eep__=6&amp;__cft__[0]=AZUaJO4kdOqkxeImI5RifhZNv_edPe1TM88S-z-bM3BKvABAI1eyOnYGdEyb48iZiyqlFmmvEui0-aU617upXmHdTg-E-O9jEaPcrZ1FlS3q7KB1plfHhUSGYxTGOMoGHhmFsdhaCRGMBEXgHIFkZIHWLj-1uiKb8FuGqkr-v8muMxG6TlU0zIC056NPc5voCwkBdqyt_lPI0RBUT7Oo6r5BOI055ox0xh508PdO2UsiBQ&amp;__tn__=*NK-y-R\">#metroredes<\/a><\/p>\n\n\n\n<figure class=\"wp-block-gallery has-nested-images columns-default is-cropped wp-block-gallery-1 is-layout-flex wp-block-gallery-is-layout-flex\">\n<figure class=\"wp-block-image size-large\"><img loading=\"lazy\" decoding=\"async\" width=\"1024\" height=\"683\" data-id=\"97481\" src=\"https:\/\/elmetropolitano.com.gt\/es\/wp-content\/uploads\/2025\/02\/480491115_1221508353313605_719259605458722329_n-1024x683.jpg\" alt=\"\" class=\"wp-image-97481\" srcset=\"https:\/\/elmetropolitano.com.gt\/es\/wp-content\/uploads\/2025\/02\/480491115_1221508353313605_719259605458722329_n-1024x683.jpg 1024w, https:\/\/elmetropolitano.com.gt\/es\/wp-content\/uploads\/2025\/02\/480491115_1221508353313605_719259605458722329_n-300x200.jpg 300w, https:\/\/elmetropolitano.com.gt\/es\/wp-content\/uploads\/2025\/02\/480491115_1221508353313605_719259605458722329_n-768x512.jpg 768w, https:\/\/elmetropolitano.com.gt\/es\/wp-content\/uploads\/2025\/02\/480491115_1221508353313605_719259605458722329_n-1536x1025.jpg 1536w, https:\/\/elmetropolitano.com.gt\/es\/wp-content\/uploads\/2025\/02\/480491115_1221508353313605_719259605458722329_n.jpg 2048w\" sizes=\"auto, (max-width: 1024px) 100vw, 1024px\" \/><\/figure>\n\n\n\n<figure class=\"wp-block-image size-large\"><img loading=\"lazy\" decoding=\"async\" width=\"1024\" height=\"512\" data-id=\"97478\" src=\"https:\/\/elmetropolitano.com.gt\/es\/wp-content\/uploads\/2025\/02\/480494847_1221508333313607_865528607806742604_n-1-1024x512.jpg\" alt=\"\" class=\"wp-image-97478\" srcset=\"https:\/\/elmetropolitano.com.gt\/es\/wp-content\/uploads\/2025\/02\/480494847_1221508333313607_865528607806742604_n-1-1024x512.jpg 1024w, https:\/\/elmetropolitano.com.gt\/es\/wp-content\/uploads\/2025\/02\/480494847_1221508333313607_865528607806742604_n-1-300x150.jpg 300w, https:\/\/elmetropolitano.com.gt\/es\/wp-content\/uploads\/2025\/02\/480494847_1221508333313607_865528607806742604_n-1-768x384.jpg 768w, https:\/\/elmetropolitano.com.gt\/es\/wp-content\/uploads\/2025\/02\/480494847_1221508333313607_865528607806742604_n-1.jpg 1140w\" sizes=\"auto, (max-width: 1024px) 100vw, 1024px\" \/><\/figure>\n\n\n\n<figure class=\"wp-block-image size-large\"><img loading=\"lazy\" decoding=\"async\" width=\"1024\" height=\"683\" data-id=\"97479\" src=\"https:\/\/elmetropolitano.com.gt\/es\/wp-content\/uploads\/2025\/02\/480499202_1221508366646937_469999215480068706_n-1024x683.jpg\" alt=\"\" class=\"wp-image-97479\" srcset=\"https:\/\/elmetropolitano.com.gt\/es\/wp-content\/uploads\/2025\/02\/480499202_1221508366646937_469999215480068706_n-1024x683.jpg 1024w, https:\/\/elmetropolitano.com.gt\/es\/wp-content\/uploads\/2025\/02\/480499202_1221508366646937_469999215480068706_n-300x200.jpg 300w, https:\/\/elmetropolitano.com.gt\/es\/wp-content\/uploads\/2025\/02\/480499202_1221508366646937_469999215480068706_n-768x512.jpg 768w, https:\/\/elmetropolitano.com.gt\/es\/wp-content\/uploads\/2025\/02\/480499202_1221508366646937_469999215480068706_n-1536x1025.jpg 1536w, https:\/\/elmetropolitano.com.gt\/es\/wp-content\/uploads\/2025\/02\/480499202_1221508366646937_469999215480068706_n.jpg 2048w\" sizes=\"auto, (max-width: 1024px) 100vw, 1024px\" \/><\/figure>\n\n\n\n<figure class=\"wp-block-image size-large\"><img loading=\"lazy\" decoding=\"async\" width=\"1024\" height=\"683\" data-id=\"97482\" src=\"https:\/\/elmetropolitano.com.gt\/es\/wp-content\/uploads\/2025\/02\/480575164_1221508403313600_8794935924190067690_n-1024x683.jpg\" alt=\"\" class=\"wp-image-97482\" srcset=\"https:\/\/elmetropolitano.com.gt\/es\/wp-content\/uploads\/2025\/02\/480575164_1221508403313600_8794935924190067690_n-1024x683.jpg 1024w, https:\/\/elmetropolitano.com.gt\/es\/wp-content\/uploads\/2025\/02\/480575164_1221508403313600_8794935924190067690_n-300x200.jpg 300w, https:\/\/elmetropolitano.com.gt\/es\/wp-content\/uploads\/2025\/02\/480575164_1221508403313600_8794935924190067690_n-768x512.jpg 768w, https:\/\/elmetropolitano.com.gt\/es\/wp-content\/uploads\/2025\/02\/480575164_1221508403313600_8794935924190067690_n-1536x1025.jpg 1536w, https:\/\/elmetropolitano.com.gt\/es\/wp-content\/uploads\/2025\/02\/480575164_1221508403313600_8794935924190067690_n.jpg 2048w\" sizes=\"auto, (max-width: 1024px) 100vw, 1024px\" \/><\/figure>\n\n\n\n<figure class=\"wp-block-image size-large\"><img loading=\"lazy\" decoding=\"async\" width=\"1024\" height=\"683\" data-id=\"97480\" src=\"https:\/\/elmetropolitano.com.gt\/es\/wp-content\/uploads\/2025\/02\/481019608_1221508379980269_3136736762604197658_n-1024x683.jpg\" alt=\"\" class=\"wp-image-97480\" srcset=\"https:\/\/elmetropolitano.com.gt\/es\/wp-content\/uploads\/2025\/02\/481019608_1221508379980269_3136736762604197658_n-1024x683.jpg 1024w, https:\/\/elmetropolitano.com.gt\/es\/wp-content\/uploads\/2025\/02\/481019608_1221508379980269_3136736762604197658_n-300x200.jpg 300w, https:\/\/elmetropolitano.com.gt\/es\/wp-content\/uploads\/2025\/02\/481019608_1221508379980269_3136736762604197658_n-768x512.jpg 768w, https:\/\/elmetropolitano.com.gt\/es\/wp-content\/uploads\/2025\/02\/481019608_1221508379980269_3136736762604197658_n-1536x1025.jpg 1536w, https:\/\/elmetropolitano.com.gt\/es\/wp-content\/uploads\/2025\/02\/481019608_1221508379980269_3136736762604197658_n.jpg 2048w\" sizes=\"auto, (max-width: 1024px) 100vw, 1024px\" \/><\/figure>\n<\/figure>\n","protected":false},"excerpt":{"rendered":"<p>El presidente de la Rep\u00fablica Bernardo Ar\u00e9valo entreg\u00f3 este jueves el informe sobre restituci\u00f3n del t\u00edtulo de Acul al ejido municipal de Nebaj, Quich\u00e9. En su mensaje, el mandatario se\u00f1al\u00f3 que estas acciones forman parte del apoyo a los pueblos ind\u00edgenas del pa\u00eds: \u201cBuenos d\u00edas, pueblo de Acul, para mi gobierno, esta ma\u00f1ana, este encuentro <a class=\"read-more\" href=\"https:\/\/elmetropolitano.com.gt\/es\/presidente-arevalo-entrega-informe-sobre-restitucion-del-titulo-de-acul-al-ejido-municipal-de-nebaj-quiche\/\">Leer m\u00e1s<\/a><\/p>\n","protected":false},"author":1,"featured_media":97477,"comment_status":"open","ping_status":"closed","sticky":false,"template":"","format":"standard","meta":{"footnotes":""},"categories":[4],"tags":[13],"class_list":["post-97476","post","type-post","status-publish","format-standard","has-post-thumbnail","hentry","category-departamentales","tag-departamentales"],"_links":{"self":[{"href":"https:\/\/elmetropolitano.com.gt\/es\/wp-json\/wp\/v2\/posts\/97476","targetHints":{"allow":["GET"]}}],"collection":[{"href":"https:\/\/elmetropolitano.com.gt\/es\/wp-json\/wp\/v2\/posts"}],"about":[{"href":"https:\/\/elmetropolitano.com.gt\/es\/wp-json\/wp\/v2\/types\/post"}],"author":[{"embeddable":true,"href":"https:\/\/elmetropolitano.com.gt\/es\/wp-json\/wp\/v2\/users\/1"}],"replies":[{"embeddable":true,"href":"https:\/\/elmetropolitano.com.gt\/es\/wp-json\/wp\/v2\/comments?post=97476"}],"version-history":[{"count":1,"href":"https:\/\/elmetropolitano.com.gt\/es\/wp-json\/wp\/v2\/posts\/97476\/revisions"}],"predecessor-version":[{"id":97483,"href":"https:\/\/elmetropolitano.com.gt\/es\/wp-json\/wp\/v2\/posts\/97476\/revisions\/97483"}],"wp:featuredmedia":[{"embeddable":true,"href":"https:\/\/elmetropolitano.com.gt\/es\/wp-json\/wp\/v2\/media\/97477"}],"wp:attachment":[{"href":"https:\/\/elmetropolitano.com.gt\/es\/wp-json\/wp\/v2\/media?parent=97476"}],"wp:term":[{"taxonomy":"category","embeddable":true,"href":"https:\/\/elmetropolitano.com.gt\/es\/wp-json\/wp\/v2\/categories?post=97476"},{"taxonomy":"post_tag","embeddable":true,"href":"https:\/\/elmetropolitano.com.gt\/es\/wp-json\/wp\/v2\/tags?post=97476"}],"curies":[{"name":"wp","href":"https:\/\/api.w.org\/{rel}","templated":true}]}}