{"id":97484,"date":"2025-02-21T08:42:23","date_gmt":"2025-02-21T14:42:23","guid":{"rendered":"https:\/\/elmetropolitano.com.gt\/es\/?p=97484"},"modified":"2025-02-21T08:42:24","modified_gmt":"2025-02-21T14:42:24","slug":"casalini-sexta-avenida-inicia-su-construccion","status":"publish","type":"post","link":"https:\/\/elmetropolitano.com.gt\/es\/casalini-sexta-avenida-inicia-su-construccion\/","title":{"rendered":"Casalini Sexta Avenida inicia su construcci\u00f3n"},"content":{"rendered":"\n<p>Dos referentes del sector inmobiliario, Estilo Urbano e Idea Central, unieron experiencia y trayectoria para celebrar la colocaci\u00f3n de la primera piedra de Casalini Sexta Avenida, un innovador proyecto residencial en el coraz\u00f3n de zona 10.<\/p>\n\n\n\n<p>Bajo <a><\/a>el lema \u201cExperimenta la libertad de vivir cerca de todo\u201d, Casalini Sexta Avenida se ubica en una de las zonas m\u00e1s exclusivas de la ciudad, a media cuadra de Fontabella y a una cuadra de Avia. Dise\u00f1ado para maximizar confort y funcionalidad, el proyecto ofrece apartamentos de 1, 2 y 3 dormitorios con ba\u00f1o de visitas independiente, amplios balcones en el \u00e1rea social, techos altos y ventanales de gran tama\u00f1o que optimizan la iluminaci\u00f3n natural y la ventilaci\u00f3n.<\/p><div class=\"elmet-contenido\" id=\"elmet-26424070\"><div class=\"elmet-adlabel\">Anuncios<\/div><div style=\"margin-top: 20px;margin-right: 20px;margin-bottom: 20px;margin-left: 20px;\" id=\"elmet-1147176294\"><a href=\"https:\/\/www.facebook.com\/arrincuanantigua\/\" aria-label=\"cintillo-arrin-cual\"><img loading=\"lazy\" decoding=\"async\" src=\"https:\/\/elmetropolitano.com.gt\/es\/wp-content\/uploads\/2021\/11\/cintillo-arrin-cual-1.jpg\" alt=\"\"  srcset=\"https:\/\/elmetropolitano.com.gt\/es\/wp-content\/uploads\/2021\/11\/cintillo-arrin-cual-1.jpg 750w, https:\/\/elmetropolitano.com.gt\/es\/wp-content\/uploads\/2021\/11\/cintillo-arrin-cual-1-300x36.jpg 300w, https:\/\/elmetropolitano.com.gt\/es\/wp-content\/uploads\/2021\/11\/cintillo-arrin-cual-1-600x72.jpg 600w\" sizes=\"(max-width: 750px) 100vw, 750px\" width=\"750\" height=\"90\"   \/><\/a><\/div><\/div>\n\n\n\n<p>\u201cEn Estilo Urbano trabajamos en equipo para desarrollar proyectos habitacionales de manera integral y rentable, siempre enfocados en ofrecer productos innovadores que generen valor y satisfagan las necesidades de nuestros clientes\u201d, destac\u00f3 Ana Sof\u00eda Andrade, Subdirectora de Estilo Urbano.<\/p>\n\n\n\n<p>Por su parte, Mar\u00eda Daniela Mayorga, Jefe de Ventas de Idea Central, expres\u00f3: \u00abHoy colocamos la primera piedra y celebramos el gran \u00e9xito en ventas de Casalini Sexta Avenida, con un 70% del proyecto ya reservado. Este logro responde a su inigualable ubicaci\u00f3n, dise\u00f1o optimizado, atractiva rentabilidad y la plusval\u00eda del sector\u00bb.<\/p>\n\n\n\n<p>Compromiso e impacto<\/p>\n\n\n\n<p>Este proyecto ofrece una amplia gama de amenidades, que incluyen una piscina deportiva en la azotea, parque de mascotas, un \u00e1rea destinada para practicar yoga, area para barbacoa, gimnasio completamente equipado, \u00e1reas de juegos para ni\u00f1os con circuitos para bicicletas, firepit area, 3 business center, sal\u00f3n para eventos, entre otros.<\/p>\n\n\n\n<p>\u201cLa colocaci\u00f3n de la primera piedra simboliza nuestro compromiso con clientes e inversionistas que conf\u00edan en nuestros proyectos\u201d, afirm\u00f3 Diego Flores, Director de Idea Central.<\/p>\n\n\n\n<p>Casalini Sexta Avenida atrae a un perfil diverso de compradores, desde inversionistas hasta j\u00f3venes profesionales y familias peque\u00f1as, ofreciendo una rentabilidad atractiva a corto plazo y una apreciaci\u00f3n del valor a mediano plazo.<\/p>\n\n\n\n<p>El proyecto impacta positivamente en la econom\u00eda del pa\u00eds, generando m\u00e1s de 1,000 empleos directos e indirectos. Uno de los principales retos fue la planificaci\u00f3n de amenidades que se adapten a todas las edades, asegurando espacios para el juego, el ejercicio y la interacci\u00f3n social.<\/p>\n\n\n\n<p><a href=\"https:\/\/www.facebook.com\/hashtag\/ideacentral?__eep__=6&amp;__cft__[0]=AZV60Ld6k5uMOGcxxQVSnRAhMH26p0EsqDQ-qKt8jwQqkM_kE0yjrMNcpEquZcpvi92m1tals17Ssy6PfrloL7X6Q9ANKuj89aV1SZCSreH0C_tX7Cu1jEDomXj4cqAcBcSNb4OkNs4MOoYN4XFyKRlnDUuSwRpzDpADJouabqptsAxt2T6vvjf4KrjRSUxIS5A&amp;__tn__=*NK-R\">#ideacentral<\/a><a href=\"https:\/\/www.facebook.com\/hashtag\/casalinisextaavenida?__eep__=6&amp;__cft__[0]=AZV60Ld6k5uMOGcxxQVSnRAhMH26p0EsqDQ-qKt8jwQqkM_kE0yjrMNcpEquZcpvi92m1tals17Ssy6PfrloL7X6Q9ANKuj89aV1SZCSreH0C_tX7Cu1jEDomXj4cqAcBcSNb4OkNs4MOoYN4XFyKRlnDUuSwRpzDpADJouabqptsAxt2T6vvjf4KrjRSUxIS5A&amp;__tn__=*NK-R\">#casalinisextaavenida<\/a> <a href=\"https:\/\/www.facebook.com\/hashtag\/metroredes?__eep__=6&amp;__cft__[0]=AZV60Ld6k5uMOGcxxQVSnRAhMH26p0EsqDQ-qKt8jwQqkM_kE0yjrMNcpEquZcpvi92m1tals17Ssy6PfrloL7X6Q9ANKuj89aV1SZCSreH0C_tX7Cu1jEDomXj4cqAcBcSNb4OkNs4MOoYN4XFyKRlnDUuSwRpzDpADJouabqptsAxt2T6vvjf4KrjRSUxIS5A&amp;__tn__=*NK-R\">#metroredes<\/a><a href=\"https:\/\/www.facebook.com\/hashtag\/viviendaparatodos?__eep__=6&amp;__cft__[0]=AZV60Ld6k5uMOGcxxQVSnRAhMH26p0EsqDQ-qKt8jwQqkM_kE0yjrMNcpEquZcpvi92m1tals17Ssy6PfrloL7X6Q9ANKuj89aV1SZCSreH0C_tX7Cu1jEDomXj4cqAcBcSNb4OkNs4MOoYN4XFyKRlnDUuSwRpzDpADJouabqptsAxt2T6vvjf4KrjRSUxIS5A&amp;__tn__=*NK-R\">#ViviendaParaTodos<\/a><\/p>\n\n\n\n<figure class=\"wp-block-gallery has-nested-images columns-default is-cropped wp-block-gallery-1 is-layout-flex wp-block-gallery-is-layout-flex\">\n<figure class=\"wp-block-image size-large\"><img loading=\"lazy\" decoding=\"async\" width=\"640\" height=\"480\" data-id=\"97486\" src=\"https:\/\/elmetropolitano.com.gt\/es\/wp-content\/uploads\/2025\/02\/475425456_1150788177047264_4755646494731901798_n-1.jpg\" alt=\"\" class=\"wp-image-97486\" srcset=\"https:\/\/elmetropolitano.com.gt\/es\/wp-content\/uploads\/2025\/02\/475425456_1150788177047264_4755646494731901798_n-1.jpg 640w, https:\/\/elmetropolitano.com.gt\/es\/wp-content\/uploads\/2025\/02\/475425456_1150788177047264_4755646494731901798_n-1-300x225.jpg 300w\" sizes=\"auto, (max-width: 640px) 100vw, 640px\" \/><\/figure>\n\n\n\n<figure class=\"wp-block-image size-large\"><img loading=\"lazy\" decoding=\"async\" width=\"640\" height=\"436\" data-id=\"97487\" src=\"https:\/\/elmetropolitano.com.gt\/es\/wp-content\/uploads\/2025\/02\/480804745_1150788193713929_7110143092020209681_n.jpg\" alt=\"\" class=\"wp-image-97487\" srcset=\"https:\/\/elmetropolitano.com.gt\/es\/wp-content\/uploads\/2025\/02\/480804745_1150788193713929_7110143092020209681_n.jpg 640w, https:\/\/elmetropolitano.com.gt\/es\/wp-content\/uploads\/2025\/02\/480804745_1150788193713929_7110143092020209681_n-300x204.jpg 300w\" sizes=\"auto, (max-width: 640px) 100vw, 640px\" \/><\/figure>\n\n\n\n<figure class=\"wp-block-image size-large\"><img loading=\"lazy\" decoding=\"async\" width=\"640\" height=\"466\" data-id=\"97488\" src=\"https:\/\/elmetropolitano.com.gt\/es\/wp-content\/uploads\/2025\/02\/480808024_1150788237047258_7629386026277291893_n.jpg\" alt=\"\" class=\"wp-image-97488\" srcset=\"https:\/\/elmetropolitano.com.gt\/es\/wp-content\/uploads\/2025\/02\/480808024_1150788237047258_7629386026277291893_n.jpg 640w, https:\/\/elmetropolitano.com.gt\/es\/wp-content\/uploads\/2025\/02\/480808024_1150788237047258_7629386026277291893_n-300x218.jpg 300w\" sizes=\"auto, (max-width: 640px) 100vw, 640px\" \/><\/figure>\n<\/figure>\n","protected":false},"excerpt":{"rendered":"<p>Dos referentes del sector inmobiliario, Estilo Urbano e Idea Central, unieron experiencia y trayectoria para celebrar la colocaci\u00f3n de la primera piedra de Casalini Sexta Avenida, un innovador proyecto residencial en el coraz\u00f3n de zona 10. Bajo el lema \u201cExperimenta la libertad de vivir cerca de todo\u201d, Casalini Sexta Avenida se ubica en una de <a class=\"read-more\" href=\"https:\/\/elmetropolitano.com.gt\/es\/casalini-sexta-avenida-inicia-su-construccion\/\">Leer m\u00e1s<\/a><\/p>\n","protected":false},"author":1,"featured_media":97485,"comment_status":"open","ping_status":"closed","sticky":false,"template":"","format":"standard","meta":{"footnotes":""},"categories":[31],"tags":[32],"class_list":["post-97484","post","type-post","status-publish","format-standard","has-post-thumbnail","hentry","category-metroimpulso","tag-metroimpulso"],"_links":{"self":[{"href":"https:\/\/elmetropolitano.com.gt\/es\/wp-json\/wp\/v2\/posts\/97484","targetHints":{"allow":["GET"]}}],"collection":[{"href":"https:\/\/elmetropolitano.com.gt\/es\/wp-json\/wp\/v2\/posts"}],"about":[{"href":"https:\/\/elmetropolitano.com.gt\/es\/wp-json\/wp\/v2\/types\/post"}],"author":[{"embeddable":true,"href":"https:\/\/elmetropolitano.com.gt\/es\/wp-json\/wp\/v2\/users\/1"}],"replies":[{"embeddable":true,"href":"https:\/\/elmetropolitano.com.gt\/es\/wp-json\/wp\/v2\/comments?post=97484"}],"version-history":[{"count":1,"href":"https:\/\/elmetropolitano.com.gt\/es\/wp-json\/wp\/v2\/posts\/97484\/revisions"}],"predecessor-version":[{"id":97489,"href":"https:\/\/elmetropolitano.com.gt\/es\/wp-json\/wp\/v2\/posts\/97484\/revisions\/97489"}],"wp:featuredmedia":[{"embeddable":true,"href":"https:\/\/elmetropolitano.com.gt\/es\/wp-json\/wp\/v2\/media\/97485"}],"wp:attachment":[{"href":"https:\/\/elmetropolitano.com.gt\/es\/wp-json\/wp\/v2\/media?parent=97484"}],"wp:term":[{"taxonomy":"category","embeddable":true,"href":"https:\/\/elmetropolitano.com.gt\/es\/wp-json\/wp\/v2\/categories?post=97484"},{"taxonomy":"post_tag","embeddable":true,"href":"https:\/\/elmetropolitano.com.gt\/es\/wp-json\/wp\/v2\/tags?post=97484"}],"curies":[{"name":"wp","href":"https:\/\/api.w.org\/{rel}","templated":true}]}}