{"id":97526,"date":"2025-02-21T14:54:53","date_gmt":"2025-02-21T20:54:53","guid":{"rendered":"https:\/\/elmetropolitano.com.gt\/es\/?p=97526"},"modified":"2025-02-21T14:54:53","modified_gmt":"2025-02-21T20:54:53","slug":"trabajos-de-convia-en-privatizada-autopista-a-puerto-quetzal-genera-caos-vial-en-escuintla","status":"publish","type":"post","link":"https:\/\/elmetropolitano.com.gt\/es\/trabajos-de-convia-en-privatizada-autopista-a-puerto-quetzal-genera-caos-vial-en-escuintla\/","title":{"rendered":"Trabajos de CONVIA en privatizada Autopista a Puerto Quetzal genera caos vial en Escuintla"},"content":{"rendered":"\n<p>Un socavamiento en ambos carriles de la autopista hacia Puerto Quetzal provocada por los trabajos que realiza el Consorcio Autopistas de Guatemala S.A CONVIA ha generado la ma\u00f1ana de este viernes un caos vehicular en la ciudad de Escuintla<\/p>\n\n\n\n<p>Los dos carriles fueron cerrados a la altura del kilometro 64 de la autopista Escuintla-Puerto Quetzal, pero pese a que se habilit\u00f3 un carril es un <a><\/a>dolor de cabeza transitar por la ciudad de las palmeras<\/p><div class=\"elmet-contenido\" id=\"elmet-938171764\"><div class=\"elmet-adlabel\">Anuncios<\/div><div style=\"margin-top: 20px;margin-right: 20px;margin-bottom: 20px;margin-left: 20px;\" id=\"elmet-1581276635\"><a href=\"https:\/\/www.facebook.com\/arrincuanantigua\/\" aria-label=\"cintillo-arrin-cual\"><img loading=\"lazy\" decoding=\"async\" src=\"https:\/\/elmetropolitano.com.gt\/es\/wp-content\/uploads\/2021\/11\/cintillo-arrin-cual-1.jpg\" alt=\"\"  srcset=\"https:\/\/elmetropolitano.com.gt\/es\/wp-content\/uploads\/2021\/11\/cintillo-arrin-cual-1.jpg 750w, https:\/\/elmetropolitano.com.gt\/es\/wp-content\/uploads\/2021\/11\/cintillo-arrin-cual-1-300x36.jpg 300w, https:\/\/elmetropolitano.com.gt\/es\/wp-content\/uploads\/2021\/11\/cintillo-arrin-cual-1-600x72.jpg 600w\" sizes=\"(max-width: 750px) 100vw, 750px\" width=\"750\" height=\"90\"   \/><\/a><\/div><\/div>\n\n\n\n<p>Aqu\u00ed solo hay un responsable y es CONVIA que realiza la construcci\u00f3n de la privatizada autopista a Puerto Quetzal realizada en el gobierno de Alejandro Giammattei con las bendiciones de diputados de los Partidos Vamos, Une, Valor , Unionistas, Creo, Cabal, Viva.<\/p>\n\n\n\n<p>Ante el caos vial la municipalidad de Escuintla tomo medidas como desviar el tr\u00e1fico por el distribuidor vial que conduce a la Colonia Monterrey.<\/p>\n\n\n\n<p>\u201cSomos conscientes de los inconvenientes que esto ocasiona, pero nuestra prioridad es garantizar la seguridad de todos los ciudadanos. Pedimos paciencia y colaboraci\u00f3n mientras trabajamos en una soluci\u00f3n inmediata para restablecer el tr\u00e1nsito de manera segura y eficiente\u201d expres\u00f3 la municipalidad por medio de un comunicado de prensa<\/p>\n\n\n\n<p>\u201cEstos de CONVIA como que no tienen buenos ingenieros, como se les ocurre no tomar medidas de mitigaci\u00f3n para que no sufran los vecinos de Escuintla ellos solo velan por sacar el dinero y les urge construir la autopista\u201d expres\u00f3 Carlos Vega Aguirre vecino de Escuintla<\/p>\n\n\n\n<p><a href=\"https:\/\/www.facebook.com\/hashtag\/convia?__eep__=6&amp;__cft__[0]=AZW57Ew-jnjUnJAuUcfajOBCBbPDKQEXC6mfF9CJ3am6kPP6D_-M_HpBDArQJHBgxatA1N7T7jOA_kPaBP6xzoKNY0awvNDIjNh1MWSB64P4GeSivNL1h_PPIgvYjpA2_qpnPTHS1XsJobPfm7rzQvtbSZ-91AFSublCW4orJ8PoqF8WV-cLfSLmFsj1o6MWmck&amp;__tn__=*NK-R\">#Convia<\/a><a href=\"https:\/\/www.facebook.com\/hashtag\/autopistapuertoquetzal?__eep__=6&amp;__cft__[0]=AZW57Ew-jnjUnJAuUcfajOBCBbPDKQEXC6mfF9CJ3am6kPP6D_-M_HpBDArQJHBgxatA1N7T7jOA_kPaBP6xzoKNY0awvNDIjNh1MWSB64P4GeSivNL1h_PPIgvYjpA2_qpnPTHS1XsJobPfm7rzQvtbSZ-91AFSublCW4orJ8PoqF8WV-cLfSLmFsj1o6MWmck&amp;__tn__=*NK-R\">#AutopistaPuertoQuetzal<\/a><a href=\"https:\/\/www.facebook.com\/hashtag\/metroredes?__eep__=6&amp;__cft__[0]=AZW57Ew-jnjUnJAuUcfajOBCBbPDKQEXC6mfF9CJ3am6kPP6D_-M_HpBDArQJHBgxatA1N7T7jOA_kPaBP6xzoKNY0awvNDIjNh1MWSB64P4GeSivNL1h_PPIgvYjpA2_qpnPTHS1XsJobPfm7rzQvtbSZ-91AFSublCW4orJ8PoqF8WV-cLfSLmFsj1o6MWmck&amp;__tn__=*NK-R\">#Metroredes<\/a><a href=\"https:\/\/www.facebook.com\/hashtag\/muniescuintla?__eep__=6&amp;__cft__[0]=AZW57Ew-jnjUnJAuUcfajOBCBbPDKQEXC6mfF9CJ3am6kPP6D_-M_HpBDArQJHBgxatA1N7T7jOA_kPaBP6xzoKNY0awvNDIjNh1MWSB64P4GeSivNL1h_PPIgvYjpA2_qpnPTHS1XsJobPfm7rzQvtbSZ-91AFSublCW4orJ8PoqF8WV-cLfSLmFsj1o6MWmck&amp;__tn__=*NK-R\">#MuniEscuintla<\/a><\/p>\n\n\n\n<figure class=\"wp-block-gallery has-nested-images columns-default is-cropped wp-block-gallery-1 is-layout-flex wp-block-gallery-is-layout-flex\">\n<figure class=\"wp-block-image size-large\"><img loading=\"lazy\" decoding=\"async\" width=\"1024\" height=\"576\" data-id=\"97531\" src=\"https:\/\/elmetropolitano.com.gt\/es\/wp-content\/uploads\/2025\/02\/480487134_1151369106989171_1679637255585507681_n-1-1024x576.jpg\" alt=\"\" class=\"wp-image-97531\" srcset=\"https:\/\/elmetropolitano.com.gt\/es\/wp-content\/uploads\/2025\/02\/480487134_1151369106989171_1679637255585507681_n-1-1024x576.jpg 1024w, https:\/\/elmetropolitano.com.gt\/es\/wp-content\/uploads\/2025\/02\/480487134_1151369106989171_1679637255585507681_n-1-300x169.jpg 300w, https:\/\/elmetropolitano.com.gt\/es\/wp-content\/uploads\/2025\/02\/480487134_1151369106989171_1679637255585507681_n-1-768x432.jpg 768w, https:\/\/elmetropolitano.com.gt\/es\/wp-content\/uploads\/2025\/02\/480487134_1151369106989171_1679637255585507681_n-1-1536x864.jpg 1536w, https:\/\/elmetropolitano.com.gt\/es\/wp-content\/uploads\/2025\/02\/480487134_1151369106989171_1679637255585507681_n-1.jpg 1600w\" sizes=\"auto, (max-width: 1024px) 100vw, 1024px\" \/><\/figure>\n\n\n\n<figure class=\"wp-block-image size-large\"><img loading=\"lazy\" decoding=\"async\" width=\"1024\" height=\"576\" data-id=\"97530\" src=\"https:\/\/elmetropolitano.com.gt\/es\/wp-content\/uploads\/2025\/02\/480697781_1151369080322507_4076182197797173844_n-1024x576.jpg\" alt=\"\" class=\"wp-image-97530\" srcset=\"https:\/\/elmetropolitano.com.gt\/es\/wp-content\/uploads\/2025\/02\/480697781_1151369080322507_4076182197797173844_n-1024x576.jpg 1024w, https:\/\/elmetropolitano.com.gt\/es\/wp-content\/uploads\/2025\/02\/480697781_1151369080322507_4076182197797173844_n-300x169.jpg 300w, https:\/\/elmetropolitano.com.gt\/es\/wp-content\/uploads\/2025\/02\/480697781_1151369080322507_4076182197797173844_n-768x432.jpg 768w, https:\/\/elmetropolitano.com.gt\/es\/wp-content\/uploads\/2025\/02\/480697781_1151369080322507_4076182197797173844_n-1536x864.jpg 1536w, https:\/\/elmetropolitano.com.gt\/es\/wp-content\/uploads\/2025\/02\/480697781_1151369080322507_4076182197797173844_n.jpg 1600w\" sizes=\"auto, (max-width: 1024px) 100vw, 1024px\" \/><\/figure>\n\n\n\n<figure class=\"wp-block-image size-large\"><img loading=\"lazy\" decoding=\"async\" width=\"1024\" height=\"576\" data-id=\"97529\" src=\"https:\/\/elmetropolitano.com.gt\/es\/wp-content\/uploads\/2025\/02\/480780411_1151368876989194_4624261526101992330_n-1024x576.jpg\" alt=\"\" class=\"wp-image-97529\" srcset=\"https:\/\/elmetropolitano.com.gt\/es\/wp-content\/uploads\/2025\/02\/480780411_1151368876989194_4624261526101992330_n-1024x576.jpg 1024w, https:\/\/elmetropolitano.com.gt\/es\/wp-content\/uploads\/2025\/02\/480780411_1151368876989194_4624261526101992330_n-300x169.jpg 300w, https:\/\/elmetropolitano.com.gt\/es\/wp-content\/uploads\/2025\/02\/480780411_1151368876989194_4624261526101992330_n-768x432.jpg 768w, https:\/\/elmetropolitano.com.gt\/es\/wp-content\/uploads\/2025\/02\/480780411_1151368876989194_4624261526101992330_n-1536x864.jpg 1536w, https:\/\/elmetropolitano.com.gt\/es\/wp-content\/uploads\/2025\/02\/480780411_1151368876989194_4624261526101992330_n.jpg 1600w\" sizes=\"auto, (max-width: 1024px) 100vw, 1024px\" \/><\/figure>\n\n\n\n<figure class=\"wp-block-image size-large\"><img loading=\"lazy\" decoding=\"async\" width=\"479\" height=\"653\" data-id=\"97528\" src=\"https:\/\/elmetropolitano.com.gt\/es\/wp-content\/uploads\/2025\/02\/480789138_1151371310322284_1071786976276795109_n.jpg\" alt=\"\" class=\"wp-image-97528\" srcset=\"https:\/\/elmetropolitano.com.gt\/es\/wp-content\/uploads\/2025\/02\/480789138_1151371310322284_1071786976276795109_n.jpg 479w, https:\/\/elmetropolitano.com.gt\/es\/wp-content\/uploads\/2025\/02\/480789138_1151371310322284_1071786976276795109_n-220x300.jpg 220w\" sizes=\"auto, (max-width: 479px) 100vw, 479px\" \/><\/figure>\n\n\n\n<figure class=\"wp-block-image size-large\"><img loading=\"lazy\" decoding=\"async\" width=\"792\" height=\"1024\" data-id=\"97532\" src=\"https:\/\/elmetropolitano.com.gt\/es\/wp-content\/uploads\/2025\/02\/481065811_1151369066989175_688075155723339848_n-792x1024.jpg\" alt=\"\" class=\"wp-image-97532\" srcset=\"https:\/\/elmetropolitano.com.gt\/es\/wp-content\/uploads\/2025\/02\/481065811_1151369066989175_688075155723339848_n-792x1024.jpg 792w, https:\/\/elmetropolitano.com.gt\/es\/wp-content\/uploads\/2025\/02\/481065811_1151369066989175_688075155723339848_n-232x300.jpg 232w, https:\/\/elmetropolitano.com.gt\/es\/wp-content\/uploads\/2025\/02\/481065811_1151369066989175_688075155723339848_n-768x994.jpg 768w, https:\/\/elmetropolitano.com.gt\/es\/wp-content\/uploads\/2025\/02\/481065811_1151369066989175_688075155723339848_n-1187x1536.jpg 1187w, https:\/\/elmetropolitano.com.gt\/es\/wp-content\/uploads\/2025\/02\/481065811_1151369066989175_688075155723339848_n.jpg 1583w\" sizes=\"auto, (max-width: 792px) 100vw, 792px\" \/><\/figure>\n<\/figure>\n","protected":false},"excerpt":{"rendered":"<p>Un socavamiento en ambos carriles de la autopista hacia Puerto Quetzal provocada por los trabajos que realiza el Consorcio Autopistas de Guatemala S.A CONVIA ha generado la ma\u00f1ana de este viernes un caos vehicular en la ciudad de Escuintla Los dos carriles fueron cerrados a la altura del kilometro 64 de la autopista Escuintla-Puerto Quetzal, <a class=\"read-more\" href=\"https:\/\/elmetropolitano.com.gt\/es\/trabajos-de-convia-en-privatizada-autopista-a-puerto-quetzal-genera-caos-vial-en-escuintla\/\">Leer m\u00e1s<\/a><\/p>\n","protected":false},"author":1,"featured_media":97527,"comment_status":"open","ping_status":"closed","sticky":false,"template":"","format":"standard","meta":{"footnotes":""},"categories":[4],"tags":[13],"class_list":["post-97526","post","type-post","status-publish","format-standard","has-post-thumbnail","hentry","category-departamentales","tag-departamentales"],"_links":{"self":[{"href":"https:\/\/elmetropolitano.com.gt\/es\/wp-json\/wp\/v2\/posts\/97526","targetHints":{"allow":["GET"]}}],"collection":[{"href":"https:\/\/elmetropolitano.com.gt\/es\/wp-json\/wp\/v2\/posts"}],"about":[{"href":"https:\/\/elmetropolitano.com.gt\/es\/wp-json\/wp\/v2\/types\/post"}],"author":[{"embeddable":true,"href":"https:\/\/elmetropolitano.com.gt\/es\/wp-json\/wp\/v2\/users\/1"}],"replies":[{"embeddable":true,"href":"https:\/\/elmetropolitano.com.gt\/es\/wp-json\/wp\/v2\/comments?post=97526"}],"version-history":[{"count":1,"href":"https:\/\/elmetropolitano.com.gt\/es\/wp-json\/wp\/v2\/posts\/97526\/revisions"}],"predecessor-version":[{"id":97533,"href":"https:\/\/elmetropolitano.com.gt\/es\/wp-json\/wp\/v2\/posts\/97526\/revisions\/97533"}],"wp:featuredmedia":[{"embeddable":true,"href":"https:\/\/elmetropolitano.com.gt\/es\/wp-json\/wp\/v2\/media\/97527"}],"wp:attachment":[{"href":"https:\/\/elmetropolitano.com.gt\/es\/wp-json\/wp\/v2\/media?parent=97526"}],"wp:term":[{"taxonomy":"category","embeddable":true,"href":"https:\/\/elmetropolitano.com.gt\/es\/wp-json\/wp\/v2\/categories?post=97526"},{"taxonomy":"post_tag","embeddable":true,"href":"https:\/\/elmetropolitano.com.gt\/es\/wp-json\/wp\/v2\/tags?post=97526"}],"curies":[{"name":"wp","href":"https:\/\/api.w.org\/{rel}","templated":true}]}}