{"id":97560,"date":"2025-02-22T10:18:36","date_gmt":"2025-02-22T16:18:36","guid":{"rendered":"https:\/\/elmetropolitano.com.gt\/es\/?p=97560"},"modified":"2025-02-22T10:18:37","modified_gmt":"2025-02-22T16:18:37","slug":"convia-se-quiere-lavar-las-manos-con-socavamiento-en-autopista-a-puerto-quetzal","status":"publish","type":"post","link":"https:\/\/elmetropolitano.com.gt\/es\/convia-se-quiere-lavar-las-manos-con-socavamiento-en-autopista-a-puerto-quetzal\/","title":{"rendered":"CONVIA se quiere lavar las manos con socavamiento en Autopista a Puerto Quetzal"},"content":{"rendered":"\n<p>El Consorcio de Autopistas de Guatemala CONVIA que construye la privatizada Autopista de Escuintla a Puerto Quetzal pretende lavarse las manos, como que no es su responsabilidad con el socavamiento en el kil\u00f3metro 63 que causa un caos vial a la ciudad de Escuintla.<\/p>\n\n\n\n<p>En un comunicado de prensa CONVIA quiere hacer creer a la opini\u00f3n p\u00fablica que esto es producto de gobiernos anteriores al indicar que <a><\/a>\u201cse identific\u00f3 que intervenciones previas realizadas hace muchos a\u00f1os no contemplaron una preparaci\u00f3n adecuada del suelo\u201d<\/p><div class=\"elmet-contenido\" id=\"elmet-645735325\"><div class=\"elmet-adlabel\">Anuncios<\/div><div style=\"margin-top: 20px;margin-right: 20px;margin-bottom: 20px;margin-left: 20px;\" id=\"elmet-632575189\"><a href=\"https:\/\/www.facebook.com\/arrincuanantigua\/\" aria-label=\"cintillo-arrin-cual\"><img loading=\"lazy\" decoding=\"async\" src=\"https:\/\/elmetropolitano.com.gt\/es\/wp-content\/uploads\/2021\/11\/cintillo-arrin-cual-1.jpg\" alt=\"\"  srcset=\"https:\/\/elmetropolitano.com.gt\/es\/wp-content\/uploads\/2021\/11\/cintillo-arrin-cual-1.jpg 750w, https:\/\/elmetropolitano.com.gt\/es\/wp-content\/uploads\/2021\/11\/cintillo-arrin-cual-1-300x36.jpg 300w, https:\/\/elmetropolitano.com.gt\/es\/wp-content\/uploads\/2021\/11\/cintillo-arrin-cual-1-600x72.jpg 600w\" sizes=\"(max-width: 750px) 100vw, 750px\" width=\"750\" height=\"90\"   \/><\/a><\/div><\/div>\n\n\n\n<p>Agregando que \u201cen la zona afectada no existen capas de relleno ni compactaci\u00f3n, lo que ha generado una alta inestabilidad del terreno\u201d<\/p>\n\n\n\n<p>Desde el principio se dijo que la privatizaci\u00f3n de esta autopista traer\u00eda problemas al pueblo de Escuintla y hoy lo est\u00e1n viviendo y en los proximos a\u00f1os ser\u00e1 mayor cuando los vecinos de Escuintla, Puerto San Jos\u00e9, Iztapa tengan que pagar peaje por llegar a sus casas o a sus centros de trabajo.<\/p>\n\n\n\n<p>Esta autopista a Puerto Quetzal debido ser realizada por el gobierno central pero fue el Partido Vamos y el Presidente Alejandro Giammattei que la entreg\u00f3 al sector privado con la alianza que ten\u00eda en el Congreso de la Rep\u00fablica con el denominado \u201cPacto de Corruptos\u201d que dieron los votos para concesionarla o privatizarla<\/p>\n\n\n\n<p>Lo que dice el comunicado:<\/p>\n\n\n\n<p>Avance de trabajos en el kil\u00f3metro 63 de la Autopista Escuintia Puerto Quetzal y medidas para garantizar la seguridad vial Consorcio Autopistas de Guatemala, S.A.<\/p>\n\n\n\n<p>&#8211; CONVIA lamenta<\/p>\n\n\n\n<p>profundamente los inconvenientes ocasionados en las \u00faltimas horas debido a los trabajos que se est\u00e1n llevando a cabo en el kil\u00f3metro 63.<\/p>\n\n\n\n<p>Nuestro equipo trabaja eficientemente para habilitar el paso lo antes posible y garantizar la seguridad de los usuarios.<\/p>\n\n\n\n<p>Desde el inicio de estas labores, se tomaron todas las precauciones necesarias para deshabilitar el carril derecho y proceder con las intervenciones requeridas. Sin embargo, durante la ejecuci\u00f3n de los trabajos, se identific\u00f3 que intervenciones previas realizadas hace muchos a\u00f1os no contemplaron una preparaci\u00f3n adecuada del suelo.<\/p>\n\n\n\n<p>En la zona afectada no existen capas de relleno ni compactaci\u00f3n, lo que ha generado una alta inestabilidad del terreno.<\/p>\n\n\n\n<p>Las intensas lluvias recientes han acelerado la erosi\u00f3n del talud, provocando el colapso de una parte sobre la tuber\u00eda, lo que obstruy\u00f3 el flujo de agua y gener\u00f3 un mayor desgaste del terreno.<\/p>\n\n\n\n<p>Ante esta situaci\u00f3n, por seguridad de los usuarios, se tom\u00f3 la decisi\u00f3n de restringir el paso mientras se evaluaba la magnitud del inconveniente.<\/p>\n\n\n\n<p>Para mitigar los riesgos y restablecer la movilidad, se implement\u00f3 un plan de acci\u00f3n que incluye:<\/p>\n\n\n\n<p>Ampliaci\u00f3n de la tuber\u00eda para mejorar el desfogue del agua.<\/p>\n\n\n\n<p>Aplicaci\u00f3n de un relleno estructural provisional con piedras para reforzar el talud.<\/p>\n\n\n\n<p>Monitoreo topogr\u00e1fico constante constante para evaluar el asentamiento del terreno<\/p>\n\n\n\n<p>Se hace un llamado a los conductores para que circulen a una velocidad m\u00e1xima de 10 km\/h en la zona intervenida. Adem\u00e1s, solicitamos el respeto a los l\u00edmites de velocidad y el seguimiento de las indicaciones del personal de apoyo en el \u00e1rea.<\/p>\n\n\n\n<p>Queremos destacar que esta tuber\u00eda existente, cuenta con a\u00f1os de antig\u00fcedad y no ha recibido mantenimiento adecuado durante este tiempo. Desde el inicio de la fase de construcci\u00f3n de la Autopista<\/p>\n\n\n\n<p>Escuintla Puerto Quetzal, hemos brindado transitabilidad y<\/p>\n\n\n\n<p>mantenimiento preventivo en la zona.<\/p>\n\n\n\n<p>Actualmente, estamos realizando un seguimiento riguroso para garantizar la seguridad de la infraestructura y de los usuarios.<\/p>\n\n\n\n<p>A pesar de los imprevistos, mantenemos nuestro compromiso con la movilidad y la seguridad vial.<\/p>\n\n\n\n<p>En las pr\u00f3ximas horas se habilitar\u00e1 un carril para el paso vehicular y la zona habilitada para doble v\u00eda ser\u00e1 nuevamente habilitada en las pr\u00f3ximas semanas.<\/p>\n\n\n\n<p>Tambi\u00e9n estaremos informando sobre rutas alternas para que los conductores puedan tomarlas en consideraci\u00f3n.<\/p>\n\n\n\n<p>Agradecemos la paciencia y cooperaci\u00f3n de todos los usuarios. Hoy trabajamos con el objetivo de construir una Autopista de altas especificaciones para que ma\u00f1ana viajes mejor. Pronto tendr\u00e1s un camino m\u00e1s seguro y r\u00e1pido. Continuaremos brindando informaci\u00f3n sobre los avances de los trabajos.<\/p>\n\n\n\n<p>Atentamente,<\/p>\n\n\n\n<p>Consorcio Autopistas de Guatemala, S.A. &#8211; CONVIA<\/p>\n\n\n\n<p><a href=\"https:\/\/www.facebook.com\/hashtag\/autopistapuertoquetzal?__eep__=6&amp;__cft__[0]=AZVrm4NZr9hD6a3CcD22rJ0Mz2IRKJbM6wwtXRsxegQOhN5JjVnF__TC0VZct1P7wad8mcgbDk0Ye4YA0bZQKtG3LmFvFhKkKVNyM2mGIimantLonxAPfnyc8eXkecCQdUqtTTnyRz9RJOeqKYE9ZHu5A9ZKlqEwkqnfgr-UdxeW_g3v-QcNkc-DIaRbLjo99Qg&amp;__tn__=*NK-R\">#autopistapuertoquetzal<\/a><a href=\"https:\/\/www.facebook.com\/hashtag\/escuintla?__eep__=6&amp;__cft__[0]=AZVrm4NZr9hD6a3CcD22rJ0Mz2IRKJbM6wwtXRsxegQOhN5JjVnF__TC0VZct1P7wad8mcgbDk0Ye4YA0bZQKtG3LmFvFhKkKVNyM2mGIimantLonxAPfnyc8eXkecCQdUqtTTnyRz9RJOeqKYE9ZHu5A9ZKlqEwkqnfgr-UdxeW_g3v-QcNkc-DIaRbLjo99Qg&amp;__tn__=*NK-R\">#Escuintla<\/a><a href=\"https:\/\/www.facebook.com\/hashtag\/metroredes?__eep__=6&amp;__cft__[0]=AZVrm4NZr9hD6a3CcD22rJ0Mz2IRKJbM6wwtXRsxegQOhN5JjVnF__TC0VZct1P7wad8mcgbDk0Ye4YA0bZQKtG3LmFvFhKkKVNyM2mGIimantLonxAPfnyc8eXkecCQdUqtTTnyRz9RJOeqKYE9ZHu5A9ZKlqEwkqnfgr-UdxeW_g3v-QcNkc-DIaRbLjo99Qg&amp;__tn__=*NK-R\">#metroredes<\/a><a href=\"https:\/\/www.facebook.com\/hashtag\/privatizacion?__eep__=6&amp;__cft__[0]=AZVrm4NZr9hD6a3CcD22rJ0Mz2IRKJbM6wwtXRsxegQOhN5JjVnF__TC0VZct1P7wad8mcgbDk0Ye4YA0bZQKtG3LmFvFhKkKVNyM2mGIimantLonxAPfnyc8eXkecCQdUqtTTnyRz9RJOeqKYE9ZHu5A9ZKlqEwkqnfgr-UdxeW_g3v-QcNkc-DIaRbLjo99Qg&amp;__tn__=*NK-R\">#privatizacion<\/a><a href=\"https:\/\/www.facebook.com\/hashtag\/convia?__eep__=6&amp;__cft__[0]=AZVrm4NZr9hD6a3CcD22rJ0Mz2IRKJbM6wwtXRsxegQOhN5JjVnF__TC0VZct1P7wad8mcgbDk0Ye4YA0bZQKtG3LmFvFhKkKVNyM2mGIimantLonxAPfnyc8eXkecCQdUqtTTnyRz9RJOeqKYE9ZHu5A9ZKlqEwkqnfgr-UdxeW_g3v-QcNkc-DIaRbLjo99Qg&amp;__tn__=*NK-R\">#CONVIA<\/a><\/p>\n\n\n\n<figure class=\"wp-block-gallery has-nested-images columns-default is-cropped wp-block-gallery-1 is-layout-flex wp-block-gallery-is-layout-flex\">\n<figure class=\"wp-block-image size-large\"><img loading=\"lazy\" decoding=\"async\" width=\"790\" height=\"1024\" data-id=\"97564\" src=\"https:\/\/elmetropolitano.com.gt\/es\/wp-content\/uploads\/2025\/02\/481269932_1151697003623048_5783778398385355361_n-790x1024.jpg\" alt=\"\" class=\"wp-image-97564\" srcset=\"https:\/\/elmetropolitano.com.gt\/es\/wp-content\/uploads\/2025\/02\/481269932_1151697003623048_5783778398385355361_n-790x1024.jpg 790w, https:\/\/elmetropolitano.com.gt\/es\/wp-content\/uploads\/2025\/02\/481269932_1151697003623048_5783778398385355361_n-232x300.jpg 232w, https:\/\/elmetropolitano.com.gt\/es\/wp-content\/uploads\/2025\/02\/481269932_1151697003623048_5783778398385355361_n-768x995.jpg 768w, https:\/\/elmetropolitano.com.gt\/es\/wp-content\/uploads\/2025\/02\/481269932_1151697003623048_5783778398385355361_n.jpg 988w\" sizes=\"auto, (max-width: 790px) 100vw, 790px\" \/><\/figure>\n\n\n\n<figure class=\"wp-block-image size-large\"><img loading=\"lazy\" decoding=\"async\" width=\"790\" height=\"1024\" data-id=\"97562\" src=\"https:\/\/elmetropolitano.com.gt\/es\/wp-content\/uploads\/2025\/02\/480511770_1151697020289713_2821534142053331553_n-790x1024.jpg\" alt=\"\" class=\"wp-image-97562\" srcset=\"https:\/\/elmetropolitano.com.gt\/es\/wp-content\/uploads\/2025\/02\/480511770_1151697020289713_2821534142053331553_n-790x1024.jpg 790w, https:\/\/elmetropolitano.com.gt\/es\/wp-content\/uploads\/2025\/02\/480511770_1151697020289713_2821534142053331553_n-232x300.jpg 232w, https:\/\/elmetropolitano.com.gt\/es\/wp-content\/uploads\/2025\/02\/480511770_1151697020289713_2821534142053331553_n-768x995.jpg 768w, https:\/\/elmetropolitano.com.gt\/es\/wp-content\/uploads\/2025\/02\/480511770_1151697020289713_2821534142053331553_n.jpg 988w\" sizes=\"auto, (max-width: 790px) 100vw, 790px\" \/><\/figure>\n\n\n\n<figure class=\"wp-block-image size-large\"><img loading=\"lazy\" decoding=\"async\" width=\"1024\" height=\"768\" data-id=\"97563\" src=\"https:\/\/elmetropolitano.com.gt\/es\/wp-content\/uploads\/2025\/02\/480727326_1151697010289714_1328163435242954059_n-1-1024x768.jpg\" alt=\"\" class=\"wp-image-97563\" srcset=\"https:\/\/elmetropolitano.com.gt\/es\/wp-content\/uploads\/2025\/02\/480727326_1151697010289714_1328163435242954059_n-1-1024x768.jpg 1024w, https:\/\/elmetropolitano.com.gt\/es\/wp-content\/uploads\/2025\/02\/480727326_1151697010289714_1328163435242954059_n-1-300x225.jpg 300w, https:\/\/elmetropolitano.com.gt\/es\/wp-content\/uploads\/2025\/02\/480727326_1151697010289714_1328163435242954059_n-1-768x576.jpg 768w, https:\/\/elmetropolitano.com.gt\/es\/wp-content\/uploads\/2025\/02\/480727326_1151697010289714_1328163435242954059_n-1.jpg 1062w\" sizes=\"auto, (max-width: 1024px) 100vw, 1024px\" \/><\/figure>\n<\/figure>\n","protected":false},"excerpt":{"rendered":"<p>El Consorcio de Autopistas de Guatemala CONVIA que construye la privatizada Autopista de Escuintla a Puerto Quetzal pretende lavarse las manos, como que no es su responsabilidad con el socavamiento en el kil\u00f3metro 63 que causa un caos vial a la ciudad de Escuintla. En un comunicado de prensa CONVIA quiere hacer creer a la <a class=\"read-more\" href=\"https:\/\/elmetropolitano.com.gt\/es\/convia-se-quiere-lavar-las-manos-con-socavamiento-en-autopista-a-puerto-quetzal\/\">Leer m\u00e1s<\/a><\/p>\n","protected":false},"author":1,"featured_media":97561,"comment_status":"open","ping_status":"closed","sticky":false,"template":"","format":"standard","meta":{"footnotes":""},"categories":[4],"tags":[13],"class_list":["post-97560","post","type-post","status-publish","format-standard","has-post-thumbnail","hentry","category-departamentales","tag-departamentales"],"_links":{"self":[{"href":"https:\/\/elmetropolitano.com.gt\/es\/wp-json\/wp\/v2\/posts\/97560","targetHints":{"allow":["GET"]}}],"collection":[{"href":"https:\/\/elmetropolitano.com.gt\/es\/wp-json\/wp\/v2\/posts"}],"about":[{"href":"https:\/\/elmetropolitano.com.gt\/es\/wp-json\/wp\/v2\/types\/post"}],"author":[{"embeddable":true,"href":"https:\/\/elmetropolitano.com.gt\/es\/wp-json\/wp\/v2\/users\/1"}],"replies":[{"embeddable":true,"href":"https:\/\/elmetropolitano.com.gt\/es\/wp-json\/wp\/v2\/comments?post=97560"}],"version-history":[{"count":1,"href":"https:\/\/elmetropolitano.com.gt\/es\/wp-json\/wp\/v2\/posts\/97560\/revisions"}],"predecessor-version":[{"id":97565,"href":"https:\/\/elmetropolitano.com.gt\/es\/wp-json\/wp\/v2\/posts\/97560\/revisions\/97565"}],"wp:featuredmedia":[{"embeddable":true,"href":"https:\/\/elmetropolitano.com.gt\/es\/wp-json\/wp\/v2\/media\/97561"}],"wp:attachment":[{"href":"https:\/\/elmetropolitano.com.gt\/es\/wp-json\/wp\/v2\/media?parent=97560"}],"wp:term":[{"taxonomy":"category","embeddable":true,"href":"https:\/\/elmetropolitano.com.gt\/es\/wp-json\/wp\/v2\/categories?post=97560"},{"taxonomy":"post_tag","embeddable":true,"href":"https:\/\/elmetropolitano.com.gt\/es\/wp-json\/wp\/v2\/tags?post=97560"}],"curies":[{"name":"wp","href":"https:\/\/api.w.org\/{rel}","templated":true}]}}