{"id":97566,"date":"2025-02-22T10:22:03","date_gmt":"2025-02-22T16:22:03","guid":{"rendered":"https:\/\/elmetropolitano.com.gt\/es\/?p=97566"},"modified":"2025-02-22T10:22:04","modified_gmt":"2025-02-22T16:22:04","slug":"ministerio-de-comunicaciones-llama-a-utilizar-rutas-alternas-a-puerto-quetzal","status":"publish","type":"post","link":"https:\/\/elmetropolitano.com.gt\/es\/ministerio-de-comunicaciones-llama-a-utilizar-rutas-alternas-a-puerto-quetzal\/","title":{"rendered":"Ministerio de Comunicaciones llama a utilizar rutas alternas a Puerto Quetzal"},"content":{"rendered":"\n<p>El Ministerio de Comunicaciones, Infraestructura y Vivienda (CIV) ante el socavamiento en el kil\u00f3metro 64 de la privatizada Autopista a Puerto Quetzal durante los trabajos que realiza el Consorcio Autopistas de Guatemala, S.A. (CONV\u00cdA), empresa contratada por la Agencia Nacional de Alianzas para el Desarrollo de Infraestructura (ANADIE) pide a los pilotos que se utilicen las rutas alternas<\/p>\n\n\n\n<p>Ante esta <a><\/a>situaci\u00f3n, el CIV, con el objetivo de disminuir el impacto en la movilidad, ha coordinado con la Direcci\u00f3n General de Protecci\u00f3n y Seguridad Vial (PROVIAL) que brigadas contribuyan de manera permanente en las rutas alternas para agilizar el tr\u00e1nsito durante el per\u00edodo de ejecuci\u00f3n de los trabajos:<\/p><div class=\"elmet-contenido\" id=\"elmet-1959481202\"><div class=\"elmet-adlabel\">Anuncios<\/div><div style=\"margin-top: 20px;margin-right: 20px;margin-bottom: 20px;margin-left: 20px;\" id=\"elmet-166697659\"><a href=\"https:\/\/www.facebook.com\/arrincuanantigua\/\" aria-label=\"cintillo-arrin-cual\"><img loading=\"lazy\" decoding=\"async\" src=\"https:\/\/elmetropolitano.com.gt\/es\/wp-content\/uploads\/2021\/11\/cintillo-arrin-cual-1.jpg\" alt=\"\"  srcset=\"https:\/\/elmetropolitano.com.gt\/es\/wp-content\/uploads\/2021\/11\/cintillo-arrin-cual-1.jpg 750w, https:\/\/elmetropolitano.com.gt\/es\/wp-content\/uploads\/2021\/11\/cintillo-arrin-cual-1-300x36.jpg 300w, https:\/\/elmetropolitano.com.gt\/es\/wp-content\/uploads\/2021\/11\/cintillo-arrin-cual-1-600x72.jpg 600w\" sizes=\"(max-width: 750px) 100vw, 750px\" width=\"750\" height=\"90\"   \/><\/a><\/div><\/div>\n\n\n\n<p>-De Sur a Norte: Los conductores podr\u00e1n desviarse en el km 64, antes de llegar al \u00e1rea de trabajos, tomando la ruta CA-2 Oriente y luego incorpor\u00e1ndose al centro de Escuintla.<\/p>\n\n\n\n<p>-De Norte a Sur: Se recomienda utilizar la circunvalaci\u00f3n en el km 62, tomando la CA-9, la cual conduce hacia Masagua y Puerto San Jos\u00e9.<\/p>\n\n\n\n<p>El CIV, a trav\u00e9s de PROVIAL, trabaja para garantizar la seguridad y la fluidez del tr\u00e1nsito.<\/p>\n\n\n\n<p>El CIV solicita a los conductores que respeten la se\u00f1alizaci\u00f3n vial, conduzcan con precauci\u00f3n y sigan las indicaciones del personal en el lugar.<\/p>\n\n\n\n<p><a href=\"https:\/\/www.facebook.com\/hashtag\/autopistapuertoquetzal?__eep__=6&amp;__cft__[0]=AZU3u8ZkfDp0GLoSL2Hc_g2I3BlgwsbQft1zxiTWehwKugDqLxS4kG2VlECd6bTH7Q9R5yw-JdDbr5BBgIn-jcX0wCIqScrb2OVPHEPDj_picZyBidulNvyrwUnrs87_uCq9zgV-c7TKUmlWl76LuOkn63wemCbR03WLe5s3yvxrFXn6ll0LFpez1zrJxtK1zcw&amp;__tn__=*NK-R\">#autopistapuertoquetzal<\/a><a href=\"https:\/\/www.facebook.com\/hashtag\/civ?__eep__=6&amp;__cft__[0]=AZU3u8ZkfDp0GLoSL2Hc_g2I3BlgwsbQft1zxiTWehwKugDqLxS4kG2VlECd6bTH7Q9R5yw-JdDbr5BBgIn-jcX0wCIqScrb2OVPHEPDj_picZyBidulNvyrwUnrs87_uCq9zgV-c7TKUmlWl76LuOkn63wemCbR03WLe5s3yvxrFXn6ll0LFpez1zrJxtK1zcw&amp;__tn__=*NK-R\">#Civ<\/a><a href=\"https:\/\/www.facebook.com\/hashtag\/provial?__eep__=6&amp;__cft__[0]=AZU3u8ZkfDp0GLoSL2Hc_g2I3BlgwsbQft1zxiTWehwKugDqLxS4kG2VlECd6bTH7Q9R5yw-JdDbr5BBgIn-jcX0wCIqScrb2OVPHEPDj_picZyBidulNvyrwUnrs87_uCq9zgV-c7TKUmlWl76LuOkn63wemCbR03WLe5s3yvxrFXn6ll0LFpez1zrJxtK1zcw&amp;__tn__=*NK-R\">#ProVial<\/a><a href=\"https:\/\/www.facebook.com\/hashtag\/metroredes?__eep__=6&amp;__cft__[0]=AZU3u8ZkfDp0GLoSL2Hc_g2I3BlgwsbQft1zxiTWehwKugDqLxS4kG2VlECd6bTH7Q9R5yw-JdDbr5BBgIn-jcX0wCIqScrb2OVPHEPDj_picZyBidulNvyrwUnrs87_uCq9zgV-c7TKUmlWl76LuOkn63wemCbR03WLe5s3yvxrFXn6ll0LFpez1zrJxtK1zcw&amp;__tn__=*NK-R\">#metroredes<\/a><a href=\"https:\/\/www.facebook.com\/hashtag\/escuintla?__eep__=6&amp;__cft__[0]=AZU3u8ZkfDp0GLoSL2Hc_g2I3BlgwsbQft1zxiTWehwKugDqLxS4kG2VlECd6bTH7Q9R5yw-JdDbr5BBgIn-jcX0wCIqScrb2OVPHEPDj_picZyBidulNvyrwUnrs87_uCq9zgV-c7TKUmlWl76LuOkn63wemCbR03WLe5s3yvxrFXn6ll0LFpez1zrJxtK1zcw&amp;__tn__=*NK-R\">#Escuintla<\/a><\/p>\n\n\n\n<figure class=\"wp-block-gallery has-nested-images columns-default is-cropped wp-block-gallery-1 is-layout-flex wp-block-gallery-is-layout-flex\">\n<figure class=\"wp-block-image size-large\"><img loading=\"lazy\" decoding=\"async\" width=\"479\" height=\"653\" data-id=\"97568\" src=\"https:\/\/elmetropolitano.com.gt\/es\/wp-content\/uploads\/2025\/02\/480238723_1151928470266568_3702584754622585536_n-1.jpg\" alt=\"\" class=\"wp-image-97568\" srcset=\"https:\/\/elmetropolitano.com.gt\/es\/wp-content\/uploads\/2025\/02\/480238723_1151928470266568_3702584754622585536_n-1.jpg 479w, https:\/\/elmetropolitano.com.gt\/es\/wp-content\/uploads\/2025\/02\/480238723_1151928470266568_3702584754622585536_n-1-220x300.jpg 220w\" sizes=\"auto, (max-width: 479px) 100vw, 479px\" \/><\/figure>\n\n\n\n<figure class=\"wp-block-image size-large\"><img loading=\"lazy\" decoding=\"async\" width=\"742\" height=\"960\" data-id=\"97569\" src=\"https:\/\/elmetropolitano.com.gt\/es\/wp-content\/uploads\/2025\/02\/480435609_1151928496933232_925636714054372641_n.jpg\" alt=\"\" class=\"wp-image-97569\" srcset=\"https:\/\/elmetropolitano.com.gt\/es\/wp-content\/uploads\/2025\/02\/480435609_1151928496933232_925636714054372641_n.jpg 742w, https:\/\/elmetropolitano.com.gt\/es\/wp-content\/uploads\/2025\/02\/480435609_1151928496933232_925636714054372641_n-232x300.jpg 232w\" sizes=\"auto, (max-width: 742px) 100vw, 742px\" \/><\/figure>\n<\/figure>\n","protected":false},"excerpt":{"rendered":"<p>El Ministerio de Comunicaciones, Infraestructura y Vivienda (CIV) ante el socavamiento en el kil\u00f3metro 64 de la privatizada Autopista a Puerto Quetzal durante los trabajos que realiza el Consorcio Autopistas de Guatemala, S.A. (CONV\u00cdA), empresa contratada por la Agencia Nacional de Alianzas para el Desarrollo de Infraestructura (ANADIE) pide a los pilotos que se utilicen <a class=\"read-more\" href=\"https:\/\/elmetropolitano.com.gt\/es\/ministerio-de-comunicaciones-llama-a-utilizar-rutas-alternas-a-puerto-quetzal\/\">Leer m\u00e1s<\/a><\/p>\n","protected":false},"author":1,"featured_media":97567,"comment_status":"open","ping_status":"closed","sticky":false,"template":"","format":"standard","meta":{"footnotes":""},"categories":[4],"tags":[13],"class_list":["post-97566","post","type-post","status-publish","format-standard","has-post-thumbnail","hentry","category-departamentales","tag-departamentales"],"_links":{"self":[{"href":"https:\/\/elmetropolitano.com.gt\/es\/wp-json\/wp\/v2\/posts\/97566","targetHints":{"allow":["GET"]}}],"collection":[{"href":"https:\/\/elmetropolitano.com.gt\/es\/wp-json\/wp\/v2\/posts"}],"about":[{"href":"https:\/\/elmetropolitano.com.gt\/es\/wp-json\/wp\/v2\/types\/post"}],"author":[{"embeddable":true,"href":"https:\/\/elmetropolitano.com.gt\/es\/wp-json\/wp\/v2\/users\/1"}],"replies":[{"embeddable":true,"href":"https:\/\/elmetropolitano.com.gt\/es\/wp-json\/wp\/v2\/comments?post=97566"}],"version-history":[{"count":1,"href":"https:\/\/elmetropolitano.com.gt\/es\/wp-json\/wp\/v2\/posts\/97566\/revisions"}],"predecessor-version":[{"id":97570,"href":"https:\/\/elmetropolitano.com.gt\/es\/wp-json\/wp\/v2\/posts\/97566\/revisions\/97570"}],"wp:featuredmedia":[{"embeddable":true,"href":"https:\/\/elmetropolitano.com.gt\/es\/wp-json\/wp\/v2\/media\/97567"}],"wp:attachment":[{"href":"https:\/\/elmetropolitano.com.gt\/es\/wp-json\/wp\/v2\/media?parent=97566"}],"wp:term":[{"taxonomy":"category","embeddable":true,"href":"https:\/\/elmetropolitano.com.gt\/es\/wp-json\/wp\/v2\/categories?post=97566"},{"taxonomy":"post_tag","embeddable":true,"href":"https:\/\/elmetropolitano.com.gt\/es\/wp-json\/wp\/v2\/tags?post=97566"}],"curies":[{"name":"wp","href":"https:\/\/api.w.org\/{rel}","templated":true}]}}