{"id":97615,"date":"2025-02-23T16:07:00","date_gmt":"2025-02-23T22:07:00","guid":{"rendered":"https:\/\/elmetropolitano.com.gt\/es\/?p=97615"},"modified":"2025-02-23T16:07:00","modified_gmt":"2025-02-23T22:07:00","slug":"sicario-de-la-mara-18-capturado-en-las-cabezas-oratorio-santa-rosa","status":"publish","type":"post","link":"https:\/\/elmetropolitano.com.gt\/es\/sicario-de-la-mara-18-capturado-en-las-cabezas-oratorio-santa-rosa\/","title":{"rendered":"Sicario de la mara 18 capturado en Las Cabezas, Oratorio, Santa Rosa"},"content":{"rendered":"\n<p>En la aldea Las Cabezas, Oratorio, Santa Rosa, polic\u00edas de DIPANDA reportan la captura del <a><\/a>peligroso marero 18 Israel Antonio Gonz\u00e1lez Esquivel, de 33 a\u00f1os, alias \u00abSkinny\u00bb, es se\u00f1alado de los delitos encubrimiento propio, portaci\u00f3n ilegal de armas de fuego de uso civil y\/o deportivas, tenencia o portaci\u00f3n ilegal de armas de fuego con numero de registro alterado, borrados o no legalmente marcada por la DIGECAM.<\/p>\n\n\n\n<p>Un Juzgado de Guatemala orden\u00f3 la captura del apodado \u00abSkinny\u00bb el 15 de enero del presente a\u00f1o<\/p><div class=\"elmet-contenido\" id=\"elmet-938729146\"><div class=\"elmet-adlabel\">Anuncios<\/div><div style=\"margin-top: 20px;margin-right: 20px;margin-bottom: 20px;margin-left: 20px;\" id=\"elmet-2466624115\"><a href=\"https:\/\/www.facebook.com\/arrincuanantigua\/\" aria-label=\"cintillo-arrin-cual\"><img loading=\"lazy\" decoding=\"async\" src=\"https:\/\/elmetropolitano.com.gt\/es\/wp-content\/uploads\/2021\/11\/cintillo-arrin-cual-1.jpg\" alt=\"\"  srcset=\"https:\/\/elmetropolitano.com.gt\/es\/wp-content\/uploads\/2021\/11\/cintillo-arrin-cual-1.jpg 750w, https:\/\/elmetropolitano.com.gt\/es\/wp-content\/uploads\/2021\/11\/cintillo-arrin-cual-1-300x36.jpg 300w, https:\/\/elmetropolitano.com.gt\/es\/wp-content\/uploads\/2021\/11\/cintillo-arrin-cual-1-600x72.jpg 600w\" sizes=\"(max-width: 750px) 100vw, 750px\" width=\"750\" height=\"90\"   \/><\/a><\/div><\/div>\n\n\n\n<p>El marero capturado tiene antecedentes por encubrimiento propio, allanamiento con agravaci\u00f3n espec\u00edfica, atentado agravaci\u00f3n especifica, portaci\u00f3n ilegal de arma de fuego defensiva y\/o deportiva y disparos.<\/p>\n\n\n\n<p>Tambi\u00e9n fue detenido en julio del 2018 en un allanamiento en la colonia El Carmen, zona 18, cuando se le incaut\u00f3 un fusil AR-15, municiones y una motocicleta con chasis alterado, varios tel\u00e9fonos y con los que realizaba llamadas extorsivas.<\/p>\n\n\n\n<p>Investigaciones se\u00f1alan que este sujeto es responsable de cr\u00edmenes de pilotos de autobuses por cobro de extorsi\u00f3n, tambi\u00e9n de coordinar cuatro ataques armados contra de autobuses de la ruta 203 que cubr\u00edan las zonas 5, 6 y 12 de Guatemala, cuyos hechos ocurrieron ese mismo a\u00f1o.<\/p>\n\n\n\n<p><a href=\"https:\/\/www.facebook.com\/hashtag\/pncdeguatemala?__eep__=6&amp;__cft__[0]=AZXQEcu9h1WBrLlOlnOlKLq0cwsM2ilqJEIhNYBGUGU1444Z_WujDEpC9l_IcfMBSG7K-Js_1ZgYuTMzaLltzDMRQG9mH5tQiGbiqXh5SW14q77pH1qTFekIXdL4e-RevcDIlqv_qg9kTNOpPbDWFHQ9g1K-OoLRsdW24K2tmFmC5zwccPwHfejyjQ_CCfv6C1c7jt_YhSdfOTgvciNtP9__tsCMn2R4JpTnE-tupYjFkw&amp;__tn__=*NK-y-R\">#PNCdeGuatemala<\/a><a href=\"https:\/\/www.facebook.com\/hashtag\/oratoriosantarosa?__eep__=6&amp;__cft__[0]=AZXQEcu9h1WBrLlOlnOlKLq0cwsM2ilqJEIhNYBGUGU1444Z_WujDEpC9l_IcfMBSG7K-Js_1ZgYuTMzaLltzDMRQG9mH5tQiGbiqXh5SW14q77pH1qTFekIXdL4e-RevcDIlqv_qg9kTNOpPbDWFHQ9g1K-OoLRsdW24K2tmFmC5zwccPwHfejyjQ_CCfv6C1c7jt_YhSdfOTgvciNtP9__tsCMn2R4JpTnE-tupYjFkw&amp;__tn__=*NK-y-R\">#OratorioSantaRosa<\/a><a href=\"https:\/\/www.facebook.com\/hashtag\/metroredes?__eep__=6&amp;__cft__[0]=AZXQEcu9h1WBrLlOlnOlKLq0cwsM2ilqJEIhNYBGUGU1444Z_WujDEpC9l_IcfMBSG7K-Js_1ZgYuTMzaLltzDMRQG9mH5tQiGbiqXh5SW14q77pH1qTFekIXdL4e-RevcDIlqv_qg9kTNOpPbDWFHQ9g1K-OoLRsdW24K2tmFmC5zwccPwHfejyjQ_CCfv6C1c7jt_YhSdfOTgvciNtP9__tsCMn2R4JpTnE-tupYjFkw&amp;__tn__=*NK-y-R\">#metroredes<\/a><\/p>\n\n\n\n<p><a href=\"https:\/\/www.facebook.com\/hashtag\/ministeriodegobernaci%C3%B3n?__eep__=6&amp;__cft__[0]=AZXQEcu9h1WBrLlOlnOlKLq0cwsM2ilqJEIhNYBGUGU1444Z_WujDEpC9l_IcfMBSG7K-Js_1ZgYuTMzaLltzDMRQG9mH5tQiGbiqXh5SW14q77pH1qTFekIXdL4e-RevcDIlqv_qg9kTNOpPbDWFHQ9g1K-OoLRsdW24K2tmFmC5zwccPwHfejyjQ_CCfv6C1c7jt_YhSdfOTgvciNtP9__tsCMn2R4JpTnE-tupYjFkw&amp;__tn__=*NK-y-R\">#MinisterioDeGobernaci\u00f3n<\/a> <a href=\"https:\/\/www.facebook.com\/hashtag\/laseguridadeshoy?__eep__=6&amp;__cft__[0]=AZXQEcu9h1WBrLlOlnOlKLq0cwsM2ilqJEIhNYBGUGU1444Z_WujDEpC9l_IcfMBSG7K-Js_1ZgYuTMzaLltzDMRQG9mH5tQiGbiqXh5SW14q77pH1qTFekIXdL4e-RevcDIlqv_qg9kTNOpPbDWFHQ9g1K-OoLRsdW24K2tmFmC5zwccPwHfejyjQ_CCfv6C1c7jt_YhSdfOTgvciNtP9__tsCMn2R4JpTnE-tupYjFkw&amp;__tn__=*NK-y-R\">#LaSeguridadEsHoy<\/a><\/p>\n\n\n\n<figure class=\"wp-block-gallery has-nested-images columns-default is-cropped wp-block-gallery-1 is-layout-flex wp-block-gallery-is-layout-flex\">\n<figure class=\"wp-block-image size-large\"><img loading=\"lazy\" decoding=\"async\" width=\"833\" height=\"1024\" data-id=\"97618\" src=\"https:\/\/elmetropolitano.com.gt\/es\/wp-content\/uploads\/2025\/02\/480666239_1316375846138521_8008311769532217746_n-833x1024.jpg\" alt=\"\" class=\"wp-image-97618\" srcset=\"https:\/\/elmetropolitano.com.gt\/es\/wp-content\/uploads\/2025\/02\/480666239_1316375846138521_8008311769532217746_n-833x1024.jpg 833w, https:\/\/elmetropolitano.com.gt\/es\/wp-content\/uploads\/2025\/02\/480666239_1316375846138521_8008311769532217746_n-244x300.jpg 244w, https:\/\/elmetropolitano.com.gt\/es\/wp-content\/uploads\/2025\/02\/480666239_1316375846138521_8008311769532217746_n-768x944.jpg 768w, https:\/\/elmetropolitano.com.gt\/es\/wp-content\/uploads\/2025\/02\/480666239_1316375846138521_8008311769532217746_n-1249x1536.jpg 1249w, https:\/\/elmetropolitano.com.gt\/es\/wp-content\/uploads\/2025\/02\/480666239_1316375846138521_8008311769532217746_n.jpg 1464w\" sizes=\"auto, (max-width: 833px) 100vw, 833px\" \/><\/figure>\n\n\n\n<figure class=\"wp-block-image size-large\"><img loading=\"lazy\" decoding=\"async\" width=\"1024\" height=\"810\" data-id=\"97619\" src=\"https:\/\/elmetropolitano.com.gt\/es\/wp-content\/uploads\/2025\/02\/480743397_1316375809471858_469998663330000200_n-1-1024x810.jpg\" alt=\"\" class=\"wp-image-97619\" srcset=\"https:\/\/elmetropolitano.com.gt\/es\/wp-content\/uploads\/2025\/02\/480743397_1316375809471858_469998663330000200_n-1-1024x810.jpg 1024w, https:\/\/elmetropolitano.com.gt\/es\/wp-content\/uploads\/2025\/02\/480743397_1316375809471858_469998663330000200_n-1-300x237.jpg 300w, https:\/\/elmetropolitano.com.gt\/es\/wp-content\/uploads\/2025\/02\/480743397_1316375809471858_469998663330000200_n-1-768x607.jpg 768w, https:\/\/elmetropolitano.com.gt\/es\/wp-content\/uploads\/2025\/02\/480743397_1316375809471858_469998663330000200_n-1.jpg 1500w\" sizes=\"auto, (max-width: 1024px) 100vw, 1024px\" \/><\/figure>\n\n\n\n<figure class=\"wp-block-image size-large\"><img loading=\"lazy\" decoding=\"async\" width=\"1024\" height=\"746\" data-id=\"97617\" src=\"https:\/\/elmetropolitano.com.gt\/es\/wp-content\/uploads\/2025\/02\/480775435_1316375819471857_5969294850529606519_n-1024x746.jpg\" alt=\"\" class=\"wp-image-97617\" srcset=\"https:\/\/elmetropolitano.com.gt\/es\/wp-content\/uploads\/2025\/02\/480775435_1316375819471857_5969294850529606519_n-1024x746.jpg 1024w, https:\/\/elmetropolitano.com.gt\/es\/wp-content\/uploads\/2025\/02\/480775435_1316375819471857_5969294850529606519_n-300x218.jpg 300w, https:\/\/elmetropolitano.com.gt\/es\/wp-content\/uploads\/2025\/02\/480775435_1316375819471857_5969294850529606519_n-768x559.jpg 768w, https:\/\/elmetropolitano.com.gt\/es\/wp-content\/uploads\/2025\/02\/480775435_1316375819471857_5969294850529606519_n.jpg 1034w\" sizes=\"auto, (max-width: 1024px) 100vw, 1024px\" \/><\/figure>\n<\/figure>\n","protected":false},"excerpt":{"rendered":"<p>En la aldea Las Cabezas, Oratorio, Santa Rosa, polic\u00edas de DIPANDA reportan la captura del peligroso marero 18 Israel Antonio Gonz\u00e1lez Esquivel, de 33 a\u00f1os, alias \u00abSkinny\u00bb, es se\u00f1alado de los delitos encubrimiento propio, portaci\u00f3n ilegal de armas de fuego de uso civil y\/o deportivas, tenencia o portaci\u00f3n ilegal de armas de fuego con numero <a class=\"read-more\" href=\"https:\/\/elmetropolitano.com.gt\/es\/sicario-de-la-mara-18-capturado-en-las-cabezas-oratorio-santa-rosa\/\">Leer m\u00e1s<\/a><\/p>\n","protected":false},"author":1,"featured_media":97616,"comment_status":"open","ping_status":"closed","sticky":false,"template":"","format":"standard","meta":{"footnotes":""},"categories":[4],"tags":[13],"class_list":["post-97615","post","type-post","status-publish","format-standard","has-post-thumbnail","hentry","category-departamentales","tag-departamentales"],"_links":{"self":[{"href":"https:\/\/elmetropolitano.com.gt\/es\/wp-json\/wp\/v2\/posts\/97615","targetHints":{"allow":["GET"]}}],"collection":[{"href":"https:\/\/elmetropolitano.com.gt\/es\/wp-json\/wp\/v2\/posts"}],"about":[{"href":"https:\/\/elmetropolitano.com.gt\/es\/wp-json\/wp\/v2\/types\/post"}],"author":[{"embeddable":true,"href":"https:\/\/elmetropolitano.com.gt\/es\/wp-json\/wp\/v2\/users\/1"}],"replies":[{"embeddable":true,"href":"https:\/\/elmetropolitano.com.gt\/es\/wp-json\/wp\/v2\/comments?post=97615"}],"version-history":[{"count":1,"href":"https:\/\/elmetropolitano.com.gt\/es\/wp-json\/wp\/v2\/posts\/97615\/revisions"}],"predecessor-version":[{"id":97620,"href":"https:\/\/elmetropolitano.com.gt\/es\/wp-json\/wp\/v2\/posts\/97615\/revisions\/97620"}],"wp:featuredmedia":[{"embeddable":true,"href":"https:\/\/elmetropolitano.com.gt\/es\/wp-json\/wp\/v2\/media\/97616"}],"wp:attachment":[{"href":"https:\/\/elmetropolitano.com.gt\/es\/wp-json\/wp\/v2\/media?parent=97615"}],"wp:term":[{"taxonomy":"category","embeddable":true,"href":"https:\/\/elmetropolitano.com.gt\/es\/wp-json\/wp\/v2\/categories?post=97615"},{"taxonomy":"post_tag","embeddable":true,"href":"https:\/\/elmetropolitano.com.gt\/es\/wp-json\/wp\/v2\/tags?post=97615"}],"curies":[{"name":"wp","href":"https:\/\/api.w.org\/{rel}","templated":true}]}}