{"id":97675,"date":"2025-02-24T15:19:57","date_gmt":"2025-02-24T21:19:57","guid":{"rendered":"https:\/\/elmetropolitano.com.gt\/es\/?p=97675"},"modified":"2025-02-24T15:19:57","modified_gmt":"2025-02-24T21:19:57","slug":"levantan-bloqueo-en-ruta-al-pacifico-tras-firma-de-acuerdo","status":"publish","type":"post","link":"https:\/\/elmetropolitano.com.gt\/es\/levantan-bloqueo-en-ruta-al-pacifico-tras-firma-de-acuerdo\/","title":{"rendered":"Levantan bloqueo en ruta al Pac\u00edfico tras firma de acuerdo"},"content":{"rendered":"\n<p>Tras horas de di\u00e1logo con representantes de la Uni\u00f3n de Transportistas de Carga y Colectivos, quienes bloqueaban el km 35 de la ruta al Pac\u00edfico en jurisdicci\u00f3n de El Cafetal, los manifestantes han accedido a liberar el paso tras llegar a acuerdos<\/p>\n\n\n\n<p>Al <a><\/a>punto que estuvo bloqueado por varias horas asisti\u00f3 el alcalde de Palin Byron Rustri\u00e1n la gobernadora departamental Vivian Gabriela Mayorga , funcionarios del Ministerio de Comunicaciones entre otros<\/p><div class=\"elmet-contenido\" id=\"elmet-2065122104\"><div class=\"elmet-adlabel\">Anuncios<\/div><div style=\"margin-top: 20px;margin-right: 20px;margin-bottom: 20px;margin-left: 20px;\" id=\"elmet-3682074970\"><a href=\"https:\/\/www.facebook.com\/arrincuanantigua\/\" aria-label=\"cintillo-arrin-cual\"><img loading=\"lazy\" decoding=\"async\" src=\"https:\/\/elmetropolitano.com.gt\/es\/wp-content\/uploads\/2021\/11\/cintillo-arrin-cual-1.jpg\" alt=\"\"  srcset=\"https:\/\/elmetropolitano.com.gt\/es\/wp-content\/uploads\/2021\/11\/cintillo-arrin-cual-1.jpg 750w, https:\/\/elmetropolitano.com.gt\/es\/wp-content\/uploads\/2021\/11\/cintillo-arrin-cual-1-300x36.jpg 300w, https:\/\/elmetropolitano.com.gt\/es\/wp-content\/uploads\/2021\/11\/cintillo-arrin-cual-1-600x72.jpg 600w\" sizes=\"(max-width: 750px) 100vw, 750px\" width=\"750\" height=\"90\"   \/><\/a><\/div><\/div>\n\n\n\n<p>As\u00ed como se form\u00f3 un acuerdo por medio de un acta notarial avalada por el abogado Gilberto Ram\u00edrez Garc\u00eda donde se comprometen a Limpiar los Transversales, comenzar las labores de limpieza formal y hacer todas las gestiones necesarias hasta que no se acumule m\u00e1s el agua en el sector de El Cafetal.<\/p>\n\n\n\n<p>El bloqueo de carreteras afecta a miles de guatemaltecos, por lo que es importante buscar soluciones a trav\u00e9s del di\u00e1logo sin perjudicar la movilidad y la econom\u00eda del pa\u00eds.<\/p>\n\n\n\n<p>El Ministerio de Comunicaciones CIV reafirmo su compromiso con el di\u00e1logo y el consenso como las mejores v\u00edas para solucionar temas que buscan el beneficio del pa\u00eds.<\/p>\n\n\n\n<p>\u201cConvencidos de que los bloqueos no benefician a la poblaci\u00f3n, sino que afectan su movilidad y bienestar, como una instituci\u00f3n de puertas abiertas, continuamos promoviendo soluciones conjuntas en favor del desarrollo del pa\u00eds expres\u00f3 en un comunicado de prensa<\/p>\n\n\n\n<p><a href=\"https:\/\/www.facebook.com\/hashtag\/bloqueogt?__eep__=6&amp;__cft__[0]=AZWsd9CYdaPdQYY3-Cpth8207tZofLLs8BIxmpapN3uW1NpoK9TATkg6GwbFI3ZXpohQ2Eys1567vZ6wqd_0Gk9votB-UqgN0VrPx-LvDu7kepX6-bonIrOBrDR1uwF-P4WDuz_onYRUepTn4pnl4pltyKjoxdA60agiS1u-5O2Z1jn7hTZJSSEt431fhMqzXAs&amp;__tn__=*NK-R\">#BloqueoGT<\/a><a href=\"https:\/\/www.facebook.com\/hashtag\/elcafetal?__eep__=6&amp;__cft__[0]=AZWsd9CYdaPdQYY3-Cpth8207tZofLLs8BIxmpapN3uW1NpoK9TATkg6GwbFI3ZXpohQ2Eys1567vZ6wqd_0Gk9votB-UqgN0VrPx-LvDu7kepX6-bonIrOBrDR1uwF-P4WDuz_onYRUepTn4pnl4pltyKjoxdA60agiS1u-5O2Z1jn7hTZJSSEt431fhMqzXAs&amp;__tn__=*NK-R\">#elcafetal<\/a><a href=\"https:\/\/www.facebook.com\/hashtag\/palin?__eep__=6&amp;__cft__[0]=AZWsd9CYdaPdQYY3-Cpth8207tZofLLs8BIxmpapN3uW1NpoK9TATkg6GwbFI3ZXpohQ2Eys1567vZ6wqd_0Gk9votB-UqgN0VrPx-LvDu7kepX6-bonIrOBrDR1uwF-P4WDuz_onYRUepTn4pnl4pltyKjoxdA60agiS1u-5O2Z1jn7hTZJSSEt431fhMqzXAs&amp;__tn__=*NK-R\">#Palin<\/a> <a href=\"https:\/\/www.facebook.com\/hashtag\/autopistapalinescuintla?__eep__=6&amp;__cft__[0]=AZWsd9CYdaPdQYY3-Cpth8207tZofLLs8BIxmpapN3uW1NpoK9TATkg6GwbFI3ZXpohQ2Eys1567vZ6wqd_0Gk9votB-UqgN0VrPx-LvDu7kepX6-bonIrOBrDR1uwF-P4WDuz_onYRUepTn4pnl4pltyKjoxdA60agiS1u-5O2Z1jn7hTZJSSEt431fhMqzXAs&amp;__tn__=*NK-R\">#autopistapalinescuintla<\/a><a href=\"https:\/\/www.facebook.com\/hashtag\/munipalin?__eep__=6&amp;__cft__[0]=AZWsd9CYdaPdQYY3-Cpth8207tZofLLs8BIxmpapN3uW1NpoK9TATkg6GwbFI3ZXpohQ2Eys1567vZ6wqd_0Gk9votB-UqgN0VrPx-LvDu7kepX6-bonIrOBrDR1uwF-P4WDuz_onYRUepTn4pnl4pltyKjoxdA60agiS1u-5O2Z1jn7hTZJSSEt431fhMqzXAs&amp;__tn__=*NK-R\">#MuniPalin<\/a><\/p>\n\n\n\n<figure class=\"wp-block-gallery has-nested-images columns-default is-cropped wp-block-gallery-1 is-layout-flex wp-block-gallery-is-layout-flex\">\n<figure class=\"wp-block-image size-large\"><img loading=\"lazy\" decoding=\"async\" width=\"1024\" height=\"768\" data-id=\"97680\" src=\"https:\/\/elmetropolitano.com.gt\/es\/wp-content\/uploads\/2025\/02\/480664584_1153826766743405_2994103218572365979_n-1024x768.jpg\" alt=\"\" class=\"wp-image-97680\" srcset=\"https:\/\/elmetropolitano.com.gt\/es\/wp-content\/uploads\/2025\/02\/480664584_1153826766743405_2994103218572365979_n-1024x768.jpg 1024w, https:\/\/elmetropolitano.com.gt\/es\/wp-content\/uploads\/2025\/02\/480664584_1153826766743405_2994103218572365979_n-300x225.jpg 300w, https:\/\/elmetropolitano.com.gt\/es\/wp-content\/uploads\/2025\/02\/480664584_1153826766743405_2994103218572365979_n-768x576.jpg 768w, https:\/\/elmetropolitano.com.gt\/es\/wp-content\/uploads\/2025\/02\/480664584_1153826766743405_2994103218572365979_n.jpg 1500w\" sizes=\"auto, (max-width: 1024px) 100vw, 1024px\" \/><\/figure>\n\n\n\n<figure class=\"wp-block-image size-large\"><img loading=\"lazy\" decoding=\"async\" width=\"720\" height=\"480\" data-id=\"97677\" src=\"https:\/\/elmetropolitano.com.gt\/es\/wp-content\/uploads\/2025\/02\/480765452_1153826610076754_1226252455405744599_n.jpg\" alt=\"\" class=\"wp-image-97677\" srcset=\"https:\/\/elmetropolitano.com.gt\/es\/wp-content\/uploads\/2025\/02\/480765452_1153826610076754_1226252455405744599_n.jpg 720w, https:\/\/elmetropolitano.com.gt\/es\/wp-content\/uploads\/2025\/02\/480765452_1153826610076754_1226252455405744599_n-300x200.jpg 300w\" sizes=\"auto, (max-width: 720px) 100vw, 720px\" \/><\/figure>\n\n\n\n<figure class=\"wp-block-image size-large\"><img loading=\"lazy\" decoding=\"async\" width=\"1024\" height=\"683\" data-id=\"97681\" src=\"https:\/\/elmetropolitano.com.gt\/es\/wp-content\/uploads\/2025\/02\/480854503_1153826750076740_8152969697772287992_n-1024x683.jpg\" alt=\"\" class=\"wp-image-97681\" srcset=\"https:\/\/elmetropolitano.com.gt\/es\/wp-content\/uploads\/2025\/02\/480854503_1153826750076740_8152969697772287992_n-1024x683.jpg 1024w, https:\/\/elmetropolitano.com.gt\/es\/wp-content\/uploads\/2025\/02\/480854503_1153826750076740_8152969697772287992_n-300x200.jpg 300w, https:\/\/elmetropolitano.com.gt\/es\/wp-content\/uploads\/2025\/02\/480854503_1153826750076740_8152969697772287992_n-768x512.jpg 768w, https:\/\/elmetropolitano.com.gt\/es\/wp-content\/uploads\/2025\/02\/480854503_1153826750076740_8152969697772287992_n.jpg 1500w\" sizes=\"auto, (max-width: 1024px) 100vw, 1024px\" \/><\/figure>\n\n\n\n<figure class=\"wp-block-image size-large\"><img loading=\"lazy\" decoding=\"async\" width=\"720\" height=\"480\" data-id=\"97678\" src=\"https:\/\/elmetropolitano.com.gt\/es\/wp-content\/uploads\/2025\/02\/481173090_1153826646743417_8512118039485162165_n.jpg\" alt=\"\" class=\"wp-image-97678\" srcset=\"https:\/\/elmetropolitano.com.gt\/es\/wp-content\/uploads\/2025\/02\/481173090_1153826646743417_8512118039485162165_n.jpg 720w, https:\/\/elmetropolitano.com.gt\/es\/wp-content\/uploads\/2025\/02\/481173090_1153826646743417_8512118039485162165_n-300x200.jpg 300w\" sizes=\"auto, (max-width: 720px) 100vw, 720px\" \/><\/figure>\n\n\n\n<figure class=\"wp-block-image size-large\"><img loading=\"lazy\" decoding=\"async\" width=\"720\" height=\"480\" data-id=\"97679\" src=\"https:\/\/elmetropolitano.com.gt\/es\/wp-content\/uploads\/2025\/02\/481469490_1153826543410094_422901331017904529_n-1.jpg\" alt=\"\" class=\"wp-image-97679\" srcset=\"https:\/\/elmetropolitano.com.gt\/es\/wp-content\/uploads\/2025\/02\/481469490_1153826543410094_422901331017904529_n-1.jpg 720w, https:\/\/elmetropolitano.com.gt\/es\/wp-content\/uploads\/2025\/02\/481469490_1153826543410094_422901331017904529_n-1-300x200.jpg 300w\" sizes=\"auto, (max-width: 720px) 100vw, 720px\" \/><\/figure>\n<\/figure>\n","protected":false},"excerpt":{"rendered":"<p>Tras horas de di\u00e1logo con representantes de la Uni\u00f3n de Transportistas de Carga y Colectivos, quienes bloqueaban el km 35 de la ruta al Pac\u00edfico en jurisdicci\u00f3n de El Cafetal, los manifestantes han accedido a liberar el paso tras llegar a acuerdos Al punto que estuvo bloqueado por varias horas asisti\u00f3 el alcalde de Palin <a class=\"read-more\" href=\"https:\/\/elmetropolitano.com.gt\/es\/levantan-bloqueo-en-ruta-al-pacifico-tras-firma-de-acuerdo\/\">Leer m\u00e1s<\/a><\/p>\n","protected":false},"author":1,"featured_media":97676,"comment_status":"open","ping_status":"closed","sticky":false,"template":"","format":"standard","meta":{"footnotes":""},"categories":[4],"tags":[13],"class_list":["post-97675","post","type-post","status-publish","format-standard","has-post-thumbnail","hentry","category-departamentales","tag-departamentales"],"_links":{"self":[{"href":"https:\/\/elmetropolitano.com.gt\/es\/wp-json\/wp\/v2\/posts\/97675","targetHints":{"allow":["GET"]}}],"collection":[{"href":"https:\/\/elmetropolitano.com.gt\/es\/wp-json\/wp\/v2\/posts"}],"about":[{"href":"https:\/\/elmetropolitano.com.gt\/es\/wp-json\/wp\/v2\/types\/post"}],"author":[{"embeddable":true,"href":"https:\/\/elmetropolitano.com.gt\/es\/wp-json\/wp\/v2\/users\/1"}],"replies":[{"embeddable":true,"href":"https:\/\/elmetropolitano.com.gt\/es\/wp-json\/wp\/v2\/comments?post=97675"}],"version-history":[{"count":1,"href":"https:\/\/elmetropolitano.com.gt\/es\/wp-json\/wp\/v2\/posts\/97675\/revisions"}],"predecessor-version":[{"id":97682,"href":"https:\/\/elmetropolitano.com.gt\/es\/wp-json\/wp\/v2\/posts\/97675\/revisions\/97682"}],"wp:featuredmedia":[{"embeddable":true,"href":"https:\/\/elmetropolitano.com.gt\/es\/wp-json\/wp\/v2\/media\/97676"}],"wp:attachment":[{"href":"https:\/\/elmetropolitano.com.gt\/es\/wp-json\/wp\/v2\/media?parent=97675"}],"wp:term":[{"taxonomy":"category","embeddable":true,"href":"https:\/\/elmetropolitano.com.gt\/es\/wp-json\/wp\/v2\/categories?post=97675"},{"taxonomy":"post_tag","embeddable":true,"href":"https:\/\/elmetropolitano.com.gt\/es\/wp-json\/wp\/v2\/tags?post=97675"}],"curies":[{"name":"wp","href":"https:\/\/api.w.org\/{rel}","templated":true}]}}