{"id":97716,"date":"2025-02-25T09:26:55","date_gmt":"2025-02-25T15:26:55","guid":{"rendered":"https:\/\/elmetropolitano.com.gt\/es\/?p=97716"},"modified":"2025-02-25T09:26:56","modified_gmt":"2025-02-25T15:26:56","slug":"sigue-discusion-en-mesa-tecnica-para-habilitar-aeropuerto-de-xela-a-categoria-internacional","status":"publish","type":"post","link":"https:\/\/elmetropolitano.com.gt\/es\/sigue-discusion-en-mesa-tecnica-para-habilitar-aeropuerto-de-xela-a-categoria-internacional\/","title":{"rendered":"Sigue discusi\u00f3n en Mesa T\u00e9cnica para habilitar Aeropuerto de Xela a categor\u00eda internacional"},"content":{"rendered":"\n<p>El Diputado Byron Rodr\u00edguez representante distrital de <a><\/a>Quetzaltenango y Subjefe del Bloque Legislativo TODOS se hizo presente en la segunda reuni\u00f3n de seguimiento de la Mesa T\u00e9cnica para la habilitaci\u00f3n del aeropuerto de Quetzaltenango en categor\u00eda internacional.<\/p>\n\n\n\n<p>Dicha mesa es conformada de manera interinstitucional, con autoridades de Aeron\u00e1utica Civil, Gobernaci\u00f3n Departamental, Sociedad Civil y el Ministerio de Comunicaciones, Infraestructura y Vivienda, entre otros, en la cual, se busca facilitar los mecanismos para la ejecuci\u00f3n de recursos para la habilitaci\u00f3n del aeropuerto para uso internacional.<\/p><div class=\"elmet-contenido\" id=\"elmet-32780053\"><div class=\"elmet-adlabel\">Anuncios<\/div><div style=\"margin-top: 20px;margin-right: 20px;margin-bottom: 20px;margin-left: 20px;\" id=\"elmet-1044800908\"><a href=\"https:\/\/www.facebook.com\/arrincuanantigua\/\" aria-label=\"cintillo-arrin-cual\"><img loading=\"lazy\" decoding=\"async\" src=\"https:\/\/elmetropolitano.com.gt\/es\/wp-content\/uploads\/2021\/11\/cintillo-arrin-cual-1.jpg\" alt=\"\"  srcset=\"https:\/\/elmetropolitano.com.gt\/es\/wp-content\/uploads\/2021\/11\/cintillo-arrin-cual-1.jpg 750w, https:\/\/elmetropolitano.com.gt\/es\/wp-content\/uploads\/2021\/11\/cintillo-arrin-cual-1-300x36.jpg 300w, https:\/\/elmetropolitano.com.gt\/es\/wp-content\/uploads\/2021\/11\/cintillo-arrin-cual-1-600x72.jpg 600w\" sizes=\"(max-width: 750px) 100vw, 750px\" width=\"750\" height=\"90\"   \/><\/a><\/div><\/div>\n\n\n\n<p>Las autoridades manifiestan que se inveritir\u00e1n Q40 millones para finalizar el reacondicionamiento el 26 de diciembre de 2026; por lo que la mesa t\u00e9cnica qued\u00f3 fijada por un plazo de tres meses para el seguimiento correspondiente.<\/p>\n\n\n\n<p>El Diputado Rodr\u00edguez recalc\u00f3 la importancia de esta gesti\u00f3n, ya que significar\u00eda la aprobaci\u00f3n de vuelos dom\u00e9sticos e internacionales que comunicar\u00edan la regi\u00f3n del occidente del pa\u00eds, fortaleciendo la econom\u00eda, el turismo y el desarrollo de Quetzaltenango.<\/p>\n\n\n\n<p>El diputado Rodr\u00edguez reafirma mediante estas gestiones su compromiso con el desarrollo y la conectividad de la poblaci\u00f3n de Quetzaltenango y de toda la regi\u00f3n del Occidente de Guatemala.<\/p>\n\n\n\n<p><a href=\"https:\/\/www.facebook.com\/hashtag\/aeropuertoxela?__eep__=6&amp;__cft__[0]=AZXTcHsGWSsJhst8ErblAWTJcZ-un5ruKiW5pK1sNULgOu6Tz7o4sqw3NSAonAdYtmz263qEhq-UCwbf5-QdmqAWCQxvfJfryyfdkIj8xQx3_Wrm8iNs85SbOW4L5nCuh97EeebBPBpRzoj8yP2Z1GbitIpZFZ9u4gBivIJ4SLHaM6wxN_WIAiRU9KsQ6nCU_6IBnfMQOGZ8nWx7ltQsZ7HcTTqHBkeZU9fQsdoAS0MVEg&amp;__tn__=*NK-y-R\">#AeropuertoXela<\/a><a href=\"https:\/\/www.facebook.com\/hashtag\/metroredes?__eep__=6&amp;__cft__[0]=AZXTcHsGWSsJhst8ErblAWTJcZ-un5ruKiW5pK1sNULgOu6Tz7o4sqw3NSAonAdYtmz263qEhq-UCwbf5-QdmqAWCQxvfJfryyfdkIj8xQx3_Wrm8iNs85SbOW4L5nCuh97EeebBPBpRzoj8yP2Z1GbitIpZFZ9u4gBivIJ4SLHaM6wxN_WIAiRU9KsQ6nCU_6IBnfMQOGZ8nWx7ltQsZ7HcTTqHBkeZU9fQsdoAS0MVEg&amp;__tn__=*NK-y-R\">#metroredes<\/a><\/p>\n\n\n\n<figure class=\"wp-block-gallery has-nested-images columns-default is-cropped wp-block-gallery-1 is-layout-flex wp-block-gallery-is-layout-flex\">\n<figure class=\"wp-block-image size-large\"><img loading=\"lazy\" decoding=\"async\" width=\"1024\" height=\"682\" data-id=\"97718\" src=\"https:\/\/elmetropolitano.com.gt\/es\/wp-content\/uploads\/2025\/02\/480727509_1214197134044141_3853593199875635824_n-1-1024x682.jpg\" alt=\"\" class=\"wp-image-97718\" srcset=\"https:\/\/elmetropolitano.com.gt\/es\/wp-content\/uploads\/2025\/02\/480727509_1214197134044141_3853593199875635824_n-1-1024x682.jpg 1024w, https:\/\/elmetropolitano.com.gt\/es\/wp-content\/uploads\/2025\/02\/480727509_1214197134044141_3853593199875635824_n-1-300x200.jpg 300w, https:\/\/elmetropolitano.com.gt\/es\/wp-content\/uploads\/2025\/02\/480727509_1214197134044141_3853593199875635824_n-1-768x512.jpg 768w, https:\/\/elmetropolitano.com.gt\/es\/wp-content\/uploads\/2025\/02\/480727509_1214197134044141_3853593199875635824_n-1-1536x1023.jpg 1536w, https:\/\/elmetropolitano.com.gt\/es\/wp-content\/uploads\/2025\/02\/480727509_1214197134044141_3853593199875635824_n-1.jpg 1600w\" sizes=\"auto, (max-width: 1024px) 100vw, 1024px\" \/><\/figure>\n\n\n\n<figure class=\"wp-block-image size-large\"><img loading=\"lazy\" decoding=\"async\" width=\"1024\" height=\"682\" data-id=\"97719\" src=\"https:\/\/elmetropolitano.com.gt\/es\/wp-content\/uploads\/2025\/02\/480738860_1214197200710801_8339999283429238491_n-1024x682.jpg\" alt=\"\" class=\"wp-image-97719\" srcset=\"https:\/\/elmetropolitano.com.gt\/es\/wp-content\/uploads\/2025\/02\/480738860_1214197200710801_8339999283429238491_n-1024x682.jpg 1024w, https:\/\/elmetropolitano.com.gt\/es\/wp-content\/uploads\/2025\/02\/480738860_1214197200710801_8339999283429238491_n-300x200.jpg 300w, https:\/\/elmetropolitano.com.gt\/es\/wp-content\/uploads\/2025\/02\/480738860_1214197200710801_8339999283429238491_n-768x512.jpg 768w, https:\/\/elmetropolitano.com.gt\/es\/wp-content\/uploads\/2025\/02\/480738860_1214197200710801_8339999283429238491_n-1536x1023.jpg 1536w, https:\/\/elmetropolitano.com.gt\/es\/wp-content\/uploads\/2025\/02\/480738860_1214197200710801_8339999283429238491_n.jpg 1600w\" sizes=\"auto, (max-width: 1024px) 100vw, 1024px\" \/><\/figure>\n\n\n\n<figure class=\"wp-block-image size-large\"><img loading=\"lazy\" decoding=\"async\" width=\"1024\" height=\"682\" data-id=\"97721\" src=\"https:\/\/elmetropolitano.com.gt\/es\/wp-content\/uploads\/2025\/02\/480778903_1214197154044139_3939578097737930642_n-1024x682.jpg\" alt=\"\" class=\"wp-image-97721\" srcset=\"https:\/\/elmetropolitano.com.gt\/es\/wp-content\/uploads\/2025\/02\/480778903_1214197154044139_3939578097737930642_n-1024x682.jpg 1024w, https:\/\/elmetropolitano.com.gt\/es\/wp-content\/uploads\/2025\/02\/480778903_1214197154044139_3939578097737930642_n-300x200.jpg 300w, https:\/\/elmetropolitano.com.gt\/es\/wp-content\/uploads\/2025\/02\/480778903_1214197154044139_3939578097737930642_n-768x512.jpg 768w, https:\/\/elmetropolitano.com.gt\/es\/wp-content\/uploads\/2025\/02\/480778903_1214197154044139_3939578097737930642_n-1536x1023.jpg 1536w, https:\/\/elmetropolitano.com.gt\/es\/wp-content\/uploads\/2025\/02\/480778903_1214197154044139_3939578097737930642_n.jpg 1600w\" sizes=\"auto, (max-width: 1024px) 100vw, 1024px\" \/><\/figure>\n\n\n\n<figure class=\"wp-block-image size-large\"><img loading=\"lazy\" decoding=\"async\" width=\"1024\" height=\"682\" data-id=\"97720\" src=\"https:\/\/elmetropolitano.com.gt\/es\/wp-content\/uploads\/2025\/02\/481474400_1214197187377469_3972694226107820062_n-1024x682.jpg\" alt=\"\" class=\"wp-image-97720\" srcset=\"https:\/\/elmetropolitano.com.gt\/es\/wp-content\/uploads\/2025\/02\/481474400_1214197187377469_3972694226107820062_n-1024x682.jpg 1024w, https:\/\/elmetropolitano.com.gt\/es\/wp-content\/uploads\/2025\/02\/481474400_1214197187377469_3972694226107820062_n-300x200.jpg 300w, https:\/\/elmetropolitano.com.gt\/es\/wp-content\/uploads\/2025\/02\/481474400_1214197187377469_3972694226107820062_n-768x512.jpg 768w, https:\/\/elmetropolitano.com.gt\/es\/wp-content\/uploads\/2025\/02\/481474400_1214197187377469_3972694226107820062_n-1536x1023.jpg 1536w, https:\/\/elmetropolitano.com.gt\/es\/wp-content\/uploads\/2025\/02\/481474400_1214197187377469_3972694226107820062_n.jpg 1600w\" sizes=\"auto, (max-width: 1024px) 100vw, 1024px\" \/><\/figure>\n<\/figure>\n","protected":false},"excerpt":{"rendered":"<p>El Diputado Byron Rodr\u00edguez representante distrital de Quetzaltenango y Subjefe del Bloque Legislativo TODOS se hizo presente en la segunda reuni\u00f3n de seguimiento de la Mesa T\u00e9cnica para la habilitaci\u00f3n del aeropuerto de Quetzaltenango en categor\u00eda internacional. Dicha mesa es conformada de manera interinstitucional, con autoridades de Aeron\u00e1utica Civil, Gobernaci\u00f3n Departamental, Sociedad Civil y el <a class=\"read-more\" href=\"https:\/\/elmetropolitano.com.gt\/es\/sigue-discusion-en-mesa-tecnica-para-habilitar-aeropuerto-de-xela-a-categoria-internacional\/\">Leer m\u00e1s<\/a><\/p>\n","protected":false},"author":1,"featured_media":97717,"comment_status":"open","ping_status":"closed","sticky":false,"template":"","format":"standard","meta":{"footnotes":""},"categories":[4],"tags":[13],"class_list":["post-97716","post","type-post","status-publish","format-standard","has-post-thumbnail","hentry","category-departamentales","tag-departamentales"],"_links":{"self":[{"href":"https:\/\/elmetropolitano.com.gt\/es\/wp-json\/wp\/v2\/posts\/97716","targetHints":{"allow":["GET"]}}],"collection":[{"href":"https:\/\/elmetropolitano.com.gt\/es\/wp-json\/wp\/v2\/posts"}],"about":[{"href":"https:\/\/elmetropolitano.com.gt\/es\/wp-json\/wp\/v2\/types\/post"}],"author":[{"embeddable":true,"href":"https:\/\/elmetropolitano.com.gt\/es\/wp-json\/wp\/v2\/users\/1"}],"replies":[{"embeddable":true,"href":"https:\/\/elmetropolitano.com.gt\/es\/wp-json\/wp\/v2\/comments?post=97716"}],"version-history":[{"count":1,"href":"https:\/\/elmetropolitano.com.gt\/es\/wp-json\/wp\/v2\/posts\/97716\/revisions"}],"predecessor-version":[{"id":97722,"href":"https:\/\/elmetropolitano.com.gt\/es\/wp-json\/wp\/v2\/posts\/97716\/revisions\/97722"}],"wp:featuredmedia":[{"embeddable":true,"href":"https:\/\/elmetropolitano.com.gt\/es\/wp-json\/wp\/v2\/media\/97717"}],"wp:attachment":[{"href":"https:\/\/elmetropolitano.com.gt\/es\/wp-json\/wp\/v2\/media?parent=97716"}],"wp:term":[{"taxonomy":"category","embeddable":true,"href":"https:\/\/elmetropolitano.com.gt\/es\/wp-json\/wp\/v2\/categories?post=97716"},{"taxonomy":"post_tag","embeddable":true,"href":"https:\/\/elmetropolitano.com.gt\/es\/wp-json\/wp\/v2\/tags?post=97716"}],"curies":[{"name":"wp","href":"https:\/\/api.w.org\/{rel}","templated":true}]}}