{"id":97779,"date":"2025-02-26T21:03:04","date_gmt":"2025-02-27T03:03:04","guid":{"rendered":"https:\/\/elmetropolitano.com.gt\/es\/?p=97779"},"modified":"2025-02-26T21:03:05","modified_gmt":"2025-02-27T03:03:05","slug":"transporte-publico-a-revision-en-santa-cruz-quiche","status":"publish","type":"post","link":"https:\/\/elmetropolitano.com.gt\/es\/transporte-publico-a-revision-en-santa-cruz-quiche\/","title":{"rendered":"Transporte Publico a revisi\u00f3n en Santa Cruz Quich\u00e9"},"content":{"rendered":"\n<p>El Gobierno Municipal de Santa Cruz del Quich\u00e9 dirigido por el Alcalde Municipal Nery Ram\u00edrez realiza a trav\u00e9s del Juzgado de Asuntos Municipales de Tr\u00e1nsito la primera revisi\u00f3n trimestral del Transporte P\u00fablico iniciando con microbuses y moto taxis.<\/p>\n\n\n\n<p><a><\/a>\u00bfPero por qu\u00e9 realizan esta revisi\u00f3n?<\/p><div class=\"elmet-contenido\" id=\"elmet-3655973566\"><div class=\"elmet-adlabel\">Anuncios<\/div><div style=\"margin-top: 20px;margin-right: 20px;margin-bottom: 20px;margin-left: 20px;\" id=\"elmet-4104012102\"><a href=\"https:\/\/www.facebook.com\/arrincuanantigua\/\" aria-label=\"cintillo-arrin-cual\"><img loading=\"lazy\" decoding=\"async\" src=\"https:\/\/elmetropolitano.com.gt\/es\/wp-content\/uploads\/2021\/11\/cintillo-arrin-cual-1.jpg\" alt=\"\"  srcset=\"https:\/\/elmetropolitano.com.gt\/es\/wp-content\/uploads\/2021\/11\/cintillo-arrin-cual-1.jpg 750w, https:\/\/elmetropolitano.com.gt\/es\/wp-content\/uploads\/2021\/11\/cintillo-arrin-cual-1-300x36.jpg 300w, https:\/\/elmetropolitano.com.gt\/es\/wp-content\/uploads\/2021\/11\/cintillo-arrin-cual-1-600x72.jpg 600w\" sizes=\"(max-width: 750px) 100vw, 750px\" width=\"750\" height=\"90\"   \/><\/a><\/div><\/div>\n\n\n\n<p>Con el objetivo de velar porque las unidades del transporte p\u00fablico se encuentren en \u00f3ptimas condiciones y el equipo adecuado para brindar un servicio digno a los usuarios.<\/p>\n\n\n\n<p>Seg\u00fan informaci\u00f3n municipal esta revisi\u00f3n se realiza a transportistas que est\u00e1n regulados, pues es de mencionar que algunos transportistas a\u00fan no han querido regularizarse.<\/p>\n\n\n\n<p>En Guatemala ocurren frecuentemente accidentes con el trasporte p\u00fablico debido al mal estado de unidades o por la irresponsabilidad de los conductores, es por tal motivo que se ve positiva esta acci\u00f3n municipal<\/p>\n\n\n\n<p><a href=\"https:\/\/www.facebook.com\/hashtag\/munisantacruzquiche?__eep__=6&amp;__cft__[0]=AZXc7qivT7ORyoGnt7V7CkZ-rS9lPD4q1pW6WUfk9tVJVZQRg-O5nc17u3Y2u5u8KiCoYbMUd_EPKbQEVcrSyumYa4SoeRMgEpN2p_30eqqEdgxsUC7gaJ4dU9wlLJP9fSNK_uG0R5Czm772RhYibhecymTz_qXD-Sd4lGQiarRwLr8jSif60lxaCJJAaj8dKn4&amp;__tn__=*NK-R\">#MuniSantaCruzQuiche<\/a><a href=\"https:\/\/www.facebook.com\/hashtag\/metroredes?__eep__=6&amp;__cft__[0]=AZXc7qivT7ORyoGnt7V7CkZ-rS9lPD4q1pW6WUfk9tVJVZQRg-O5nc17u3Y2u5u8KiCoYbMUd_EPKbQEVcrSyumYa4SoeRMgEpN2p_30eqqEdgxsUC7gaJ4dU9wlLJP9fSNK_uG0R5Czm772RhYibhecymTz_qXD-Sd4lGQiarRwLr8jSif60lxaCJJAaj8dKn4&amp;__tn__=*NK-R\">#metroredes<\/a><\/p>\n\n\n\n<p><a href=\"https:\/\/l.facebook.com\/l.php?u=http%3A%2F%2FWww.elmetropolitano.com.gt%2F%3Ffbclid%3DIwZXh0bgNhZW0CMTAAAR0rUqa3EY8fqmUB7QE4LZwGgbMXGXkQPOE8yinjZg8VyL96HUXb1N1JuSE_aem_Vxjviqkr3-T6bJYKAGABTA&amp;h=AT2y3Xz-Jg41gnDZY-xMI_sGV28E_mPllOUzkh6fHvqHEVWJOL5rqHHIL0haotXvcwDLl-ZehC9wCb-68NkVouuuyJrvOKnvSdLIgPmcH44GgPSPfjcKhWvMJPJw5znmSxQ9&amp;__tn__=-UK-R&amp;c[0]=AT1wXcJJlJao5nxdbvorJ5rkyLcDeieGOrHHg7VPprATl461bIfCaVcapnbdBtgsGZM6mF-sRyD-R715PsVBk6TBUj3siwtJDRvQPqo5D_baDyVawNY1TT53e9-6lYoR5Zd83xaEHWa8up4EoqKkAS55CeyvOjRXJGBGgK5Yb6dYuJg5bZpyQM7SpszD70ZePxJskMBAkukK5d9w64H9g8E2V-I\" rel=\"noreferrer noopener\" target=\"_blank\">Www.elmetropolitano.com.gt<\/a><\/p>\n\n\n\n<figure class=\"wp-block-gallery has-nested-images columns-default is-cropped wp-block-gallery-1 is-layout-flex wp-block-gallery-is-layout-flex\">\n<figure class=\"wp-block-image size-large\"><img loading=\"lazy\" decoding=\"async\" width=\"1024\" height=\"768\" data-id=\"97786\" src=\"https:\/\/elmetropolitano.com.gt\/es\/wp-content\/uploads\/2025\/02\/480914349_1155404003252348_3408993266365854955_n-1024x768.jpg\" alt=\"\" class=\"wp-image-97786\" srcset=\"https:\/\/elmetropolitano.com.gt\/es\/wp-content\/uploads\/2025\/02\/480914349_1155404003252348_3408993266365854955_n-1024x768.jpg 1024w, https:\/\/elmetropolitano.com.gt\/es\/wp-content\/uploads\/2025\/02\/480914349_1155404003252348_3408993266365854955_n-300x225.jpg 300w, https:\/\/elmetropolitano.com.gt\/es\/wp-content\/uploads\/2025\/02\/480914349_1155404003252348_3408993266365854955_n-768x576.jpg 768w, https:\/\/elmetropolitano.com.gt\/es\/wp-content\/uploads\/2025\/02\/480914349_1155404003252348_3408993266365854955_n-1536x1152.jpg 1536w, https:\/\/elmetropolitano.com.gt\/es\/wp-content\/uploads\/2025\/02\/480914349_1155404003252348_3408993266365854955_n.jpg 1600w\" sizes=\"auto, (max-width: 1024px) 100vw, 1024px\" \/><\/figure>\n\n\n\n<figure class=\"wp-block-image size-large\"><img loading=\"lazy\" decoding=\"async\" width=\"768\" height=\"1024\" data-id=\"97781\" src=\"https:\/\/elmetropolitano.com.gt\/es\/wp-content\/uploads\/2025\/02\/480947779_1155403986585683_6334048756705439421_n-768x1024.jpg\" alt=\"\" class=\"wp-image-97781\" srcset=\"https:\/\/elmetropolitano.com.gt\/es\/wp-content\/uploads\/2025\/02\/480947779_1155403986585683_6334048756705439421_n-768x1024.jpg 768w, https:\/\/elmetropolitano.com.gt\/es\/wp-content\/uploads\/2025\/02\/480947779_1155403986585683_6334048756705439421_n-225x300.jpg 225w, https:\/\/elmetropolitano.com.gt\/es\/wp-content\/uploads\/2025\/02\/480947779_1155403986585683_6334048756705439421_n.jpg 960w\" sizes=\"auto, (max-width: 768px) 100vw, 768px\" \/><\/figure>\n\n\n\n<figure class=\"wp-block-image size-large\"><img loading=\"lazy\" decoding=\"async\" width=\"1024\" height=\"692\" data-id=\"97783\" src=\"https:\/\/elmetropolitano.com.gt\/es\/wp-content\/uploads\/2025\/02\/481052221_1155404033252345_6593956488134606706_n-1024x692.jpg\" alt=\"\" class=\"wp-image-97783\" srcset=\"https:\/\/elmetropolitano.com.gt\/es\/wp-content\/uploads\/2025\/02\/481052221_1155404033252345_6593956488134606706_n-1024x692.jpg 1024w, https:\/\/elmetropolitano.com.gt\/es\/wp-content\/uploads\/2025\/02\/481052221_1155404033252345_6593956488134606706_n-300x203.jpg 300w, https:\/\/elmetropolitano.com.gt\/es\/wp-content\/uploads\/2025\/02\/481052221_1155404033252345_6593956488134606706_n-768x519.jpg 768w, https:\/\/elmetropolitano.com.gt\/es\/wp-content\/uploads\/2025\/02\/481052221_1155404033252345_6593956488134606706_n-1536x1038.jpg 1536w, https:\/\/elmetropolitano.com.gt\/es\/wp-content\/uploads\/2025\/02\/481052221_1155404033252345_6593956488134606706_n.jpg 2048w\" sizes=\"auto, (max-width: 1024px) 100vw, 1024px\" \/><\/figure>\n\n\n\n<figure class=\"wp-block-image size-large\"><img loading=\"lazy\" decoding=\"async\" width=\"1024\" height=\"576\" data-id=\"97784\" src=\"https:\/\/elmetropolitano.com.gt\/es\/wp-content\/uploads\/2025\/02\/481058566_1155403973252351_7997723173288224778_n-1-1024x576.jpg\" alt=\"\" class=\"wp-image-97784\" srcset=\"https:\/\/elmetropolitano.com.gt\/es\/wp-content\/uploads\/2025\/02\/481058566_1155403973252351_7997723173288224778_n-1-1024x576.jpg 1024w, https:\/\/elmetropolitano.com.gt\/es\/wp-content\/uploads\/2025\/02\/481058566_1155403973252351_7997723173288224778_n-1-300x169.jpg 300w, https:\/\/elmetropolitano.com.gt\/es\/wp-content\/uploads\/2025\/02\/481058566_1155403973252351_7997723173288224778_n-1-768x432.jpg 768w, https:\/\/elmetropolitano.com.gt\/es\/wp-content\/uploads\/2025\/02\/481058566_1155403973252351_7997723173288224778_n-1-1536x864.jpg 1536w, https:\/\/elmetropolitano.com.gt\/es\/wp-content\/uploads\/2025\/02\/481058566_1155403973252351_7997723173288224778_n-1.jpg 2048w\" sizes=\"auto, (max-width: 1024px) 100vw, 1024px\" \/><\/figure>\n\n\n\n<figure class=\"wp-block-image size-large\"><img loading=\"lazy\" decoding=\"async\" width=\"768\" height=\"1024\" data-id=\"97782\" src=\"https:\/\/elmetropolitano.com.gt\/es\/wp-content\/uploads\/2025\/02\/481072082_1155403883252360_7016258654997626337_n-768x1024.jpg\" alt=\"\" class=\"wp-image-97782\" srcset=\"https:\/\/elmetropolitano.com.gt\/es\/wp-content\/uploads\/2025\/02\/481072082_1155403883252360_7016258654997626337_n-768x1024.jpg 768w, https:\/\/elmetropolitano.com.gt\/es\/wp-content\/uploads\/2025\/02\/481072082_1155403883252360_7016258654997626337_n-225x300.jpg 225w, https:\/\/elmetropolitano.com.gt\/es\/wp-content\/uploads\/2025\/02\/481072082_1155403883252360_7016258654997626337_n.jpg 960w\" sizes=\"auto, (max-width: 768px) 100vw, 768px\" \/><\/figure>\n\n\n\n<figure class=\"wp-block-image size-large\"><img loading=\"lazy\" decoding=\"async\" width=\"768\" height=\"1024\" data-id=\"97785\" src=\"https:\/\/elmetropolitano.com.gt\/es\/wp-content\/uploads\/2025\/02\/481074764_1155403946585687_4436956598264222524_n-768x1024.jpg\" alt=\"\" class=\"wp-image-97785\" srcset=\"https:\/\/elmetropolitano.com.gt\/es\/wp-content\/uploads\/2025\/02\/481074764_1155403946585687_4436956598264222524_n-768x1024.jpg 768w, https:\/\/elmetropolitano.com.gt\/es\/wp-content\/uploads\/2025\/02\/481074764_1155403946585687_4436956598264222524_n-225x300.jpg 225w, https:\/\/elmetropolitano.com.gt\/es\/wp-content\/uploads\/2025\/02\/481074764_1155403946585687_4436956598264222524_n-1152x1536.jpg 1152w, https:\/\/elmetropolitano.com.gt\/es\/wp-content\/uploads\/2025\/02\/481074764_1155403946585687_4436956598264222524_n.jpg 1536w\" sizes=\"auto, (max-width: 768px) 100vw, 768px\" \/><\/figure>\n<\/figure>\n","protected":false},"excerpt":{"rendered":"<p>El Gobierno Municipal de Santa Cruz del Quich\u00e9 dirigido por el Alcalde Municipal Nery Ram\u00edrez realiza a trav\u00e9s del Juzgado de Asuntos Municipales de Tr\u00e1nsito la primera revisi\u00f3n trimestral del Transporte P\u00fablico iniciando con microbuses y moto taxis. \u00bfPero por qu\u00e9 realizan esta revisi\u00f3n? Con el objetivo de velar porque las unidades del transporte p\u00fablico <a class=\"read-more\" href=\"https:\/\/elmetropolitano.com.gt\/es\/transporte-publico-a-revision-en-santa-cruz-quiche\/\">Leer m\u00e1s<\/a><\/p>\n","protected":false},"author":1,"featured_media":97780,"comment_status":"open","ping_status":"closed","sticky":false,"template":"","format":"standard","meta":{"footnotes":""},"categories":[4],"tags":[13],"class_list":["post-97779","post","type-post","status-publish","format-standard","has-post-thumbnail","hentry","category-departamentales","tag-departamentales"],"_links":{"self":[{"href":"https:\/\/elmetropolitano.com.gt\/es\/wp-json\/wp\/v2\/posts\/97779","targetHints":{"allow":["GET"]}}],"collection":[{"href":"https:\/\/elmetropolitano.com.gt\/es\/wp-json\/wp\/v2\/posts"}],"about":[{"href":"https:\/\/elmetropolitano.com.gt\/es\/wp-json\/wp\/v2\/types\/post"}],"author":[{"embeddable":true,"href":"https:\/\/elmetropolitano.com.gt\/es\/wp-json\/wp\/v2\/users\/1"}],"replies":[{"embeddable":true,"href":"https:\/\/elmetropolitano.com.gt\/es\/wp-json\/wp\/v2\/comments?post=97779"}],"version-history":[{"count":1,"href":"https:\/\/elmetropolitano.com.gt\/es\/wp-json\/wp\/v2\/posts\/97779\/revisions"}],"predecessor-version":[{"id":97787,"href":"https:\/\/elmetropolitano.com.gt\/es\/wp-json\/wp\/v2\/posts\/97779\/revisions\/97787"}],"wp:featuredmedia":[{"embeddable":true,"href":"https:\/\/elmetropolitano.com.gt\/es\/wp-json\/wp\/v2\/media\/97780"}],"wp:attachment":[{"href":"https:\/\/elmetropolitano.com.gt\/es\/wp-json\/wp\/v2\/media?parent=97779"}],"wp:term":[{"taxonomy":"category","embeddable":true,"href":"https:\/\/elmetropolitano.com.gt\/es\/wp-json\/wp\/v2\/categories?post=97779"},{"taxonomy":"post_tag","embeddable":true,"href":"https:\/\/elmetropolitano.com.gt\/es\/wp-json\/wp\/v2\/tags?post=97779"}],"curies":[{"name":"wp","href":"https:\/\/api.w.org\/{rel}","templated":true}]}}