{"id":97792,"date":"2025-02-26T21:10:13","date_gmt":"2025-02-27T03:10:13","guid":{"rendered":"https:\/\/elmetropolitano.com.gt\/es\/?p=97792"},"modified":"2025-02-26T21:10:13","modified_gmt":"2025-02-27T03:10:13","slug":"presidente-arevalo-no-estamos-hablando-solo-de-caminos-hablamos-de-desarrollo-bienestar-y-dignidad","status":"publish","type":"post","link":"https:\/\/elmetropolitano.com.gt\/es\/presidente-arevalo-no-estamos-hablando-solo-de-caminos-hablamos-de-desarrollo-bienestar-y-dignidad\/","title":{"rendered":"Presidente Ar\u00e9valo: \u00abNo estamos hablando solo de caminos, hablamos de desarrollo, bienestar y dignidad\u00bb"},"content":{"rendered":"\n<p>El presidente Bernardo Ar\u00e9valo puso en marcha el programa Rutas del Desarrollo en Alta Verapaz, que busca mejorar m\u00e1s de 4 mil 800 kil\u00f3metros de carreteras para llevar progreso a tres \u00e1reas priorizadas en el pa\u00eds.<\/p>\n\n\n\n<p>El <a><\/a>fin de Rutas del Desarrollo es mejorar la movilidad y acceso a los servicios b\u00e1sicos, como salud y educaci\u00f3n, y mercados en el pa\u00eds. El programa tiene como meta mejorar 4 mil 820 kil\u00f3metros en tres regiones priorizadas.<\/p><div class=\"elmet-contenido\" id=\"elmet-2310154225\"><div class=\"elmet-adlabel\">Anuncios<\/div><div style=\"margin-top: 20px;margin-right: 20px;margin-bottom: 20px;margin-left: 20px;\" id=\"elmet-2740746652\"><a href=\"https:\/\/www.facebook.com\/arrincuanantigua\/\" aria-label=\"cintillo-arrin-cual\"><img loading=\"lazy\" decoding=\"async\" src=\"https:\/\/elmetropolitano.com.gt\/es\/wp-content\/uploads\/2021\/11\/cintillo-arrin-cual-1.jpg\" alt=\"\"  srcset=\"https:\/\/elmetropolitano.com.gt\/es\/wp-content\/uploads\/2021\/11\/cintillo-arrin-cual-1.jpg 750w, https:\/\/elmetropolitano.com.gt\/es\/wp-content\/uploads\/2021\/11\/cintillo-arrin-cual-1-300x36.jpg 300w, https:\/\/elmetropolitano.com.gt\/es\/wp-content\/uploads\/2021\/11\/cintillo-arrin-cual-1-600x72.jpg 600w\" sizes=\"(max-width: 750px) 100vw, 750px\" width=\"750\" height=\"90\"   \/><\/a><\/div><\/div>\n\n\n\n<p>\u201cEste esfuerzo empez\u00f3 a tomar forma incluso antes de ser electo presidente. Lo construimos pensando en ese pueblo digno, trabajador, que hist\u00f3ricamente ha sido excluido y marginado\u201d, explic\u00f3 el presidente Ar\u00e9valo y agreg\u00f3 que el inicio de este programa lo ten\u00eda \u201ccon el coraz\u00f3n contento\u201d.<\/p>\n\n\n\n<p>C\u00f3mo funcionar\u00e1 Rutas del Desarrollo<\/p>\n\n\n\n<p>Rutas del Desarrollo crear\u00e1 tres franjas con sinergias socialmente valiosas y econ\u00f3micamente productivas. Se trabajar\u00e1 coordinadamente con los Ministerios de Comunicaciones, de la Defensa, Agricultura, Educaci\u00f3n, Salud P\u00fablica, Desarrollo Social y Finanzas.<\/p>\n\n\n\n<p>Es por ello que en la actividad realizada en Alta Verapaz, donde se cort\u00f3 la cinta del kil\u00f3metro 0, el presidente estuvo acompa\u00f1ado de los ministros o viceministros de cada una de esas carteras.<\/p>\n\n\n\n<p>\u201cNo habr\u00e1 desarrollo sin acceso a servicios b\u00e1sicos, sin acceso a los cr\u00e9ditos. Necesitamos rutas que nos lleven al desarrollo\u201d, explic\u00f3 el Mandatario.<\/p>\n\n\n\n<p>El plan de Rutas del Desarrollo<\/p>\n\n\n\n<p>mejorar\u00e1 1 mil 820 kil\u00f3metros de carreteras secundarias y 3 mil kil\u00f3metros de caminos rurales en los pr\u00f3ximos 3 a\u00f1os, con el fin de llegar a los lugares m\u00e1s necesitados y que estos se unan a la red de carreteras nacionales.<\/p>\n\n\n\n<p>\u201cPor eso hoy, no estamos hablando solo de caminos, estamos hablando de desarrollo, bienestar, dignidad y ese es el compromiso de este Gobierno con su pueblo: vamos a seguir avanzando juntos para cambiar la vida de cada uno y de cada una de nuestras comunidades\u201d, asegur\u00f3 el presidente Ar\u00e9valo.<\/p>\n\n\n\n<p>El presidente Ar\u00e9valo inaugur\u00f3 el programa en Alta Verapaz, donde tendr\u00e1 un trabajo relevante, pero actuar\u00e1 en tres regiones priorizadas, bas\u00e1ndose en un estudio de situaci\u00f3n de pobreza en todo el pa\u00eds.<\/p>\n\n\n\n<p>Texto: Juan Manuel Vega<\/p>\n\n\n\n<p><a href=\"https:\/\/www.facebook.com\/hashtag\/coban?__eep__=6&amp;__cft__[0]=AZXPPlHneQGRbNhDATFLrYBvFsK2Vtb-tJ9sXR6ta_1cEN5PIX-X5x6YukFPRbm-OWMOAAEfwp9IZTgOR8ZDOoX4ZEnA-Ez5teyai-wj0-Jr7xAJ0oI6uCHQ08k5jd6UuBsfMoSpsvd2elgSYhWVvMosCg63WGNQhGNRLxtCrIwmutWCev0KGq2OA0VRXLO5w58&amp;__tn__=*NK-R\">#Coban<\/a><a href=\"https:\/\/www.facebook.com\/hashtag\/rutasdeldesarrollo?__eep__=6&amp;__cft__[0]=AZXPPlHneQGRbNhDATFLrYBvFsK2Vtb-tJ9sXR6ta_1cEN5PIX-X5x6YukFPRbm-OWMOAAEfwp9IZTgOR8ZDOoX4ZEnA-Ez5teyai-wj0-Jr7xAJ0oI6uCHQ08k5jd6UuBsfMoSpsvd2elgSYhWVvMosCg63WGNQhGNRLxtCrIwmutWCev0KGq2OA0VRXLO5w58&amp;__tn__=*NK-R\">#RutasDelDesarrollo<\/a><a href=\"https:\/\/www.facebook.com\/hashtag\/bernardoarevalo?__eep__=6&amp;__cft__[0]=AZXPPlHneQGRbNhDATFLrYBvFsK2Vtb-tJ9sXR6ta_1cEN5PIX-X5x6YukFPRbm-OWMOAAEfwp9IZTgOR8ZDOoX4ZEnA-Ez5teyai-wj0-Jr7xAJ0oI6uCHQ08k5jd6UuBsfMoSpsvd2elgSYhWVvMosCg63WGNQhGNRLxtCrIwmutWCev0KGq2OA0VRXLO5w58&amp;__tn__=*NK-R\">#BernardoArevalo<\/a><\/p>\n\n\n\n<figure class=\"wp-block-gallery has-nested-images columns-default is-cropped wp-block-gallery-1 is-layout-flex wp-block-gallery-is-layout-flex\">\n<figure class=\"wp-block-image size-large\"><img loading=\"lazy\" decoding=\"async\" width=\"1024\" height=\"682\" data-id=\"97798\" src=\"https:\/\/elmetropolitano.com.gt\/es\/wp-content\/uploads\/2025\/02\/481196655_1155542499905165_903102503253289847_n-1024x682.jpg\" alt=\"\" class=\"wp-image-97798\" srcset=\"https:\/\/elmetropolitano.com.gt\/es\/wp-content\/uploads\/2025\/02\/481196655_1155542499905165_903102503253289847_n-1024x682.jpg 1024w, https:\/\/elmetropolitano.com.gt\/es\/wp-content\/uploads\/2025\/02\/481196655_1155542499905165_903102503253289847_n-300x200.jpg 300w, https:\/\/elmetropolitano.com.gt\/es\/wp-content\/uploads\/2025\/02\/481196655_1155542499905165_903102503253289847_n-768x511.jpg 768w, https:\/\/elmetropolitano.com.gt\/es\/wp-content\/uploads\/2025\/02\/481196655_1155542499905165_903102503253289847_n.jpg 1500w\" sizes=\"auto, (max-width: 1024px) 100vw, 1024px\" \/><\/figure>\n\n\n\n<figure class=\"wp-block-image size-large\"><img loading=\"lazy\" decoding=\"async\" width=\"1024\" height=\"682\" data-id=\"97795\" src=\"https:\/\/elmetropolitano.com.gt\/es\/wp-content\/uploads\/2025\/02\/481254342_1155542446571837_2043810073402763835_n-1024x682.jpg\" alt=\"\" class=\"wp-image-97795\" srcset=\"https:\/\/elmetropolitano.com.gt\/es\/wp-content\/uploads\/2025\/02\/481254342_1155542446571837_2043810073402763835_n-1024x682.jpg 1024w, https:\/\/elmetropolitano.com.gt\/es\/wp-content\/uploads\/2025\/02\/481254342_1155542446571837_2043810073402763835_n-300x200.jpg 300w, https:\/\/elmetropolitano.com.gt\/es\/wp-content\/uploads\/2025\/02\/481254342_1155542446571837_2043810073402763835_n-768x511.jpg 768w, https:\/\/elmetropolitano.com.gt\/es\/wp-content\/uploads\/2025\/02\/481254342_1155542446571837_2043810073402763835_n.jpg 1500w\" sizes=\"auto, (max-width: 1024px) 100vw, 1024px\" \/><\/figure>\n\n\n\n<figure class=\"wp-block-image size-large\"><img loading=\"lazy\" decoding=\"async\" width=\"1024\" height=\"683\" data-id=\"97796\" src=\"https:\/\/elmetropolitano.com.gt\/es\/wp-content\/uploads\/2025\/02\/481703906_1155542503238498_8376841222945507854_n-1024x683.jpg\" alt=\"\" class=\"wp-image-97796\" srcset=\"https:\/\/elmetropolitano.com.gt\/es\/wp-content\/uploads\/2025\/02\/481703906_1155542503238498_8376841222945507854_n-1024x683.jpg 1024w, https:\/\/elmetropolitano.com.gt\/es\/wp-content\/uploads\/2025\/02\/481703906_1155542503238498_8376841222945507854_n-300x200.jpg 300w, https:\/\/elmetropolitano.com.gt\/es\/wp-content\/uploads\/2025\/02\/481703906_1155542503238498_8376841222945507854_n-768x512.jpg 768w, https:\/\/elmetropolitano.com.gt\/es\/wp-content\/uploads\/2025\/02\/481703906_1155542503238498_8376841222945507854_n.jpg 1080w\" sizes=\"auto, (max-width: 1024px) 100vw, 1024px\" \/><\/figure>\n\n\n\n<figure class=\"wp-block-image size-large\"><img loading=\"lazy\" decoding=\"async\" width=\"1024\" height=\"682\" data-id=\"97797\" src=\"https:\/\/elmetropolitano.com.gt\/es\/wp-content\/uploads\/2025\/02\/481771412_1155542443238504_4298459814680493055_n-1-1024x682.jpg\" alt=\"\" class=\"wp-image-97797\" srcset=\"https:\/\/elmetropolitano.com.gt\/es\/wp-content\/uploads\/2025\/02\/481771412_1155542443238504_4298459814680493055_n-1-1024x682.jpg 1024w, https:\/\/elmetropolitano.com.gt\/es\/wp-content\/uploads\/2025\/02\/481771412_1155542443238504_4298459814680493055_n-1-300x200.jpg 300w, https:\/\/elmetropolitano.com.gt\/es\/wp-content\/uploads\/2025\/02\/481771412_1155542443238504_4298459814680493055_n-1-768x511.jpg 768w, https:\/\/elmetropolitano.com.gt\/es\/wp-content\/uploads\/2025\/02\/481771412_1155542443238504_4298459814680493055_n-1.jpg 1500w\" sizes=\"auto, (max-width: 1024px) 100vw, 1024px\" \/><\/figure>\n\n\n\n<figure class=\"wp-block-image size-large\"><img loading=\"lazy\" decoding=\"async\" width=\"1024\" height=\"512\" data-id=\"97794\" src=\"https:\/\/elmetropolitano.com.gt\/es\/wp-content\/uploads\/2025\/02\/481904607_1155478129911602_684713808220937511_n-1024x512.jpg\" alt=\"\" class=\"wp-image-97794\" srcset=\"https:\/\/elmetropolitano.com.gt\/es\/wp-content\/uploads\/2025\/02\/481904607_1155478129911602_684713808220937511_n-1024x512.jpg 1024w, https:\/\/elmetropolitano.com.gt\/es\/wp-content\/uploads\/2025\/02\/481904607_1155478129911602_684713808220937511_n-300x150.jpg 300w, https:\/\/elmetropolitano.com.gt\/es\/wp-content\/uploads\/2025\/02\/481904607_1155478129911602_684713808220937511_n-768x384.jpg 768w, https:\/\/elmetropolitano.com.gt\/es\/wp-content\/uploads\/2025\/02\/481904607_1155478129911602_684713808220937511_n.jpg 1140w\" sizes=\"auto, (max-width: 1024px) 100vw, 1024px\" \/><\/figure>\n<\/figure>\n","protected":false},"excerpt":{"rendered":"<p>El presidente Bernardo Ar\u00e9valo puso en marcha el programa Rutas del Desarrollo en Alta Verapaz, que busca mejorar m\u00e1s de 4 mil 800 kil\u00f3metros de carreteras para llevar progreso a tres \u00e1reas priorizadas en el pa\u00eds. El fin de Rutas del Desarrollo es mejorar la movilidad y acceso a los servicios b\u00e1sicos, como salud y <a class=\"read-more\" href=\"https:\/\/elmetropolitano.com.gt\/es\/presidente-arevalo-no-estamos-hablando-solo-de-caminos-hablamos-de-desarrollo-bienestar-y-dignidad\/\">Leer m\u00e1s<\/a><\/p>\n","protected":false},"author":1,"featured_media":97793,"comment_status":"open","ping_status":"closed","sticky":false,"template":"","format":"standard","meta":{"footnotes":""},"categories":[4],"tags":[13],"class_list":["post-97792","post","type-post","status-publish","format-standard","has-post-thumbnail","hentry","category-departamentales","tag-departamentales"],"_links":{"self":[{"href":"https:\/\/elmetropolitano.com.gt\/es\/wp-json\/wp\/v2\/posts\/97792","targetHints":{"allow":["GET"]}}],"collection":[{"href":"https:\/\/elmetropolitano.com.gt\/es\/wp-json\/wp\/v2\/posts"}],"about":[{"href":"https:\/\/elmetropolitano.com.gt\/es\/wp-json\/wp\/v2\/types\/post"}],"author":[{"embeddable":true,"href":"https:\/\/elmetropolitano.com.gt\/es\/wp-json\/wp\/v2\/users\/1"}],"replies":[{"embeddable":true,"href":"https:\/\/elmetropolitano.com.gt\/es\/wp-json\/wp\/v2\/comments?post=97792"}],"version-history":[{"count":1,"href":"https:\/\/elmetropolitano.com.gt\/es\/wp-json\/wp\/v2\/posts\/97792\/revisions"}],"predecessor-version":[{"id":97799,"href":"https:\/\/elmetropolitano.com.gt\/es\/wp-json\/wp\/v2\/posts\/97792\/revisions\/97799"}],"wp:featuredmedia":[{"embeddable":true,"href":"https:\/\/elmetropolitano.com.gt\/es\/wp-json\/wp\/v2\/media\/97793"}],"wp:attachment":[{"href":"https:\/\/elmetropolitano.com.gt\/es\/wp-json\/wp\/v2\/media?parent=97792"}],"wp:term":[{"taxonomy":"category","embeddable":true,"href":"https:\/\/elmetropolitano.com.gt\/es\/wp-json\/wp\/v2\/categories?post=97792"},{"taxonomy":"post_tag","embeddable":true,"href":"https:\/\/elmetropolitano.com.gt\/es\/wp-json\/wp\/v2\/tags?post=97792"}],"curies":[{"name":"wp","href":"https:\/\/api.w.org\/{rel}","templated":true}]}}