{"id":97821,"date":"2025-02-26T21:22:34","date_gmt":"2025-02-27T03:22:34","guid":{"rendered":"https:\/\/elmetropolitano.com.gt\/es\/?p=97821"},"modified":"2025-02-26T21:22:34","modified_gmt":"2025-02-27T03:22:34","slug":"estrategias-interinstitucionales-para-mantener-la-paz-y-gobernabilidad-en-quiche","status":"publish","type":"post","link":"https:\/\/elmetropolitano.com.gt\/es\/estrategias-interinstitucionales-para-mantener-la-paz-y-gobernabilidad-en-quiche\/","title":{"rendered":"Estrategias interinstitucionales para mantener la paz y gobernabilidad en Quich\u00e9"},"content":{"rendered":"\n<p>Se llev\u00f3 a cabo la primera reuni\u00f3n de la Comisi\u00f3n Departamental de Seguridad y Atenci\u00f3n a la Conflictividad (Codesac) en el Sal\u00f3n de Gobernadores de Gobernaci\u00f3n Departamental de Quich\u00e9.<\/p>\n\n\n\n<p>El objetivo principal de este encuentro fue analizar la situaci\u00f3n actual de la conflictividad en el departamento y establecer estrategias interinstitucionales para mantener la paz y la gobernabilidad en la regi\u00f3n, <a><\/a>siempre en el marco del di\u00e1logo y el respeto a los derechos humanos.<\/p><div class=\"elmet-contenido\" id=\"elmet-60148541\"><div class=\"elmet-adlabel\">Anuncios<\/div><div style=\"margin-top: 20px;margin-right: 20px;margin-bottom: 20px;margin-left: 20px;\" id=\"elmet-3762725972\"><a href=\"https:\/\/www.facebook.com\/arrincuanantigua\/\" aria-label=\"cintillo-arrin-cual\"><img loading=\"lazy\" decoding=\"async\" src=\"https:\/\/elmetropolitano.com.gt\/es\/wp-content\/uploads\/2021\/11\/cintillo-arrin-cual-1.jpg\" alt=\"\"  srcset=\"https:\/\/elmetropolitano.com.gt\/es\/wp-content\/uploads\/2021\/11\/cintillo-arrin-cual-1.jpg 750w, https:\/\/elmetropolitano.com.gt\/es\/wp-content\/uploads\/2021\/11\/cintillo-arrin-cual-1-300x36.jpg 300w, https:\/\/elmetropolitano.com.gt\/es\/wp-content\/uploads\/2021\/11\/cintillo-arrin-cual-1-600x72.jpg 600w\" sizes=\"(max-width: 750px) 100vw, 750px\" width=\"750\" height=\"90\"   \/><\/a><\/div><\/div>\n\n\n\n<p>Durante la reuni\u00f3n, los integrantes de Codesa Quich\u00e9, conformada por representantes de diversas instituciones gubernamentales, autoridades locales y l\u00edderes comunitarios, se centraron en la identificaci\u00f3n y an\u00e1lisis de los conflictos que actualmente afectan al departamento.<\/p>\n\n\n\n<p>Adem\u00e1s, se discutieron las medidas necesarias para abordar estos desaf\u00edos, garantizar el bienestar de las comunidades y fortalecer el tejido social a trav\u00e9s del trabajo colaborativo entre las diferentes entidades involucradas.<\/p>\n\n\n\n<p>Los puntos m\u00e1s relevantes de la reuni\u00f3n incluyeron la evaluaci\u00f3n de los conflictos en el territorio, la importancia del seguimiento a los casos identificados y la implementaci\u00f3n de acciones coordinadas entre las instituciones del Gobierno y la sociedad civil. Este enfoque integral busca no solo resolver las disputas inmediatas, sino tambi\u00e9n fomentar un entorno de paz duradera en Quich\u00e9.<\/p>\n\n\n\n<p>Resultados esperados<\/p>\n\n\n\n<p>El an\u00e1lisis detallado de los conflictos permitir\u00e1 ofrecer soluciones adaptadas a las realidades locales, implementando un seguimiento adecuado y continuo. Asimismo, la reuni\u00f3n dej\u00f3 claro el compromiso de todas las partes presentes en la creaci\u00f3n de un marco de colaboraci\u00f3n que priorice la convivencia pac\u00edfica y el respeto mutuo, fundamentados en los derechos humanos.<\/p>\n\n\n\n<p>La Codesac reafirma su compromiso con la paz, la seguridad y el bienestar de las comunidades quichelenses, fortaleciendo los esfuerzos interinstitucionales para enfrentar los retos que enfrenta el departamento.<\/p>\n\n\n\n<p>Texto: Max Hern\u00e1ndez<\/p>\n\n\n\n<p><a href=\"https:\/\/www.facebook.com\/hashtag\/quiche?__eep__=6&amp;__cft__[0]=AZVuxTbK9cQ9N-yDJnu4y4hk5ZhOGDGio8rxkC2jVFKh9EEYaPewa_UUGPxrDwPguM4e8BRnJthWZmpZfDZHPTF9nQc5E5OhaLrmgb3KEowlbYDvrJ3ns5qc8vhoEaFYK6NIlfuuBNmXL4t0Y6WXG20rCjBS4v6GFdWdL75LZ3NPquMi5VIBECx0XcGDPROKXPY&amp;__tn__=*NK-R\">#Quiche<\/a><a href=\"https:\/\/www.facebook.com\/hashtag\/gobernabilidad?__eep__=6&amp;__cft__[0]=AZVuxTbK9cQ9N-yDJnu4y4hk5ZhOGDGio8rxkC2jVFKh9EEYaPewa_UUGPxrDwPguM4e8BRnJthWZmpZfDZHPTF9nQc5E5OhaLrmgb3KEowlbYDvrJ3ns5qc8vhoEaFYK6NIlfuuBNmXL4t0Y6WXG20rCjBS4v6GFdWdL75LZ3NPquMi5VIBECx0XcGDPROKXPY&amp;__tn__=*NK-R\">#Gobernabilidad<\/a><a href=\"https:\/\/www.facebook.com\/hashtag\/metroredes?__eep__=6&amp;__cft__[0]=AZVuxTbK9cQ9N-yDJnu4y4hk5ZhOGDGio8rxkC2jVFKh9EEYaPewa_UUGPxrDwPguM4e8BRnJthWZmpZfDZHPTF9nQc5E5OhaLrmgb3KEowlbYDvrJ3ns5qc8vhoEaFYK6NIlfuuBNmXL4t0Y6WXG20rCjBS4v6GFdWdL75LZ3NPquMi5VIBECx0XcGDPROKXPY&amp;__tn__=*NK-R\">#metroredes<\/a><\/p>\n\n\n\n<p><a href=\"https:\/\/l.facebook.com\/l.php?u=http%3A%2F%2FWww.metroredes.com%2F%3Ffbclid%3DIwZXh0bgNhZW0CMTAAAR0rUqa3EY8fqmUB7QE4LZwGgbMXGXkQPOE8yinjZg8VyL96HUXb1N1JuSE_aem_Vxjviqkr3-T6bJYKAGABTA&amp;h=AT32c6hZgdzRZ_KimNDu9UaXo5hMM0G9YYdVcsRukoFEhADWJnu5eXBWJjTCdF3NMii7VmypjEkYzoZKlVFMepK6mWznuioQiOlqkZL5Fj4y4tb2LEOF3NTXyKaFvQiTbLUQ&amp;__tn__=-UK-R&amp;c[0]=AT3CtbVlKEsApoR8QgW-W-SdBTQtReIDUd6i9-xN7gwT3rJUIuv_cVleABJqj3JFrQ4JdNPBSnajkao5AzJOOX2hQDSOAIZkbYTrR9OCojY5P8-wWBgTJYBzrH4bibalEb2DjzC-4jUiE35WkxRd0S-NqHcw06KL74drf1EZ1Y7za70wCnHZZkxKD2MMscabF4pnPjgKO8taEuK0X3usS4qb4EE\" rel=\"noreferrer noopener\" target=\"_blank\">Www.metroredes.com<\/a><\/p>\n\n\n\n<p><a href=\"http:\/\/www.elmetropolitano.com.gt\/?fbclid=IwZXh0bgNhZW0CMTAAAR0zy5WUZsUJGrl-pNc1v19CDeyM5T21s6RLhL_y-LP5MZ-p-S_TBjPzsG0_aem_H5Bm4_sjAfCf1a6GNHT8Nw\" rel=\"noreferrer noopener\" target=\"_blank\">Www.elmetropolitano.com.gt<\/a><\/p>\n\n\n\n<figure class=\"wp-block-gallery has-nested-images columns-default is-cropped wp-block-gallery-1 is-layout-flex wp-block-gallery-is-layout-flex\">\n<figure class=\"wp-block-image size-large\"><img loading=\"lazy\" decoding=\"async\" width=\"960\" height=\"540\" data-id=\"97823\" src=\"https:\/\/elmetropolitano.com.gt\/es\/wp-content\/uploads\/2025\/02\/480680559_1155696899889725_4427784875979205302_n-1.jpg\" alt=\"\" class=\"wp-image-97823\" srcset=\"https:\/\/elmetropolitano.com.gt\/es\/wp-content\/uploads\/2025\/02\/480680559_1155696899889725_4427784875979205302_n-1.jpg 960w, https:\/\/elmetropolitano.com.gt\/es\/wp-content\/uploads\/2025\/02\/480680559_1155696899889725_4427784875979205302_n-1-300x169.jpg 300w, https:\/\/elmetropolitano.com.gt\/es\/wp-content\/uploads\/2025\/02\/480680559_1155696899889725_4427784875979205302_n-1-768x432.jpg 768w\" sizes=\"auto, (max-width: 960px) 100vw, 960px\" \/><\/figure>\n\n\n\n<figure class=\"wp-block-image size-large\"><img loading=\"lazy\" decoding=\"async\" width=\"960\" height=\"540\" data-id=\"97824\" src=\"https:\/\/elmetropolitano.com.gt\/es\/wp-content\/uploads\/2025\/02\/481056636_1155696939889721_4155233609199945740_n.jpg\" alt=\"\" class=\"wp-image-97824\" srcset=\"https:\/\/elmetropolitano.com.gt\/es\/wp-content\/uploads\/2025\/02\/481056636_1155696939889721_4155233609199945740_n.jpg 960w, https:\/\/elmetropolitano.com.gt\/es\/wp-content\/uploads\/2025\/02\/481056636_1155696939889721_4155233609199945740_n-300x169.jpg 300w, https:\/\/elmetropolitano.com.gt\/es\/wp-content\/uploads\/2025\/02\/481056636_1155696939889721_4155233609199945740_n-768x432.jpg 768w\" sizes=\"auto, (max-width: 960px) 100vw, 960px\" \/><\/figure>\n\n\n\n<figure class=\"wp-block-image size-large\"><img loading=\"lazy\" decoding=\"async\" width=\"960\" height=\"540\" data-id=\"97825\" src=\"https:\/\/elmetropolitano.com.gt\/es\/wp-content\/uploads\/2025\/02\/481083002_1155696889889726_1530637199739464789_n.jpg\" alt=\"\" class=\"wp-image-97825\" srcset=\"https:\/\/elmetropolitano.com.gt\/es\/wp-content\/uploads\/2025\/02\/481083002_1155696889889726_1530637199739464789_n.jpg 960w, https:\/\/elmetropolitano.com.gt\/es\/wp-content\/uploads\/2025\/02\/481083002_1155696889889726_1530637199739464789_n-300x169.jpg 300w, https:\/\/elmetropolitano.com.gt\/es\/wp-content\/uploads\/2025\/02\/481083002_1155696889889726_1530637199739464789_n-768x432.jpg 768w\" sizes=\"auto, (max-width: 960px) 100vw, 960px\" \/><\/figure>\n<\/figure>\n","protected":false},"excerpt":{"rendered":"<p>Se llev\u00f3 a cabo la primera reuni\u00f3n de la Comisi\u00f3n Departamental de Seguridad y Atenci\u00f3n a la Conflictividad (Codesac) en el Sal\u00f3n de Gobernadores de Gobernaci\u00f3n Departamental de Quich\u00e9. El objetivo principal de este encuentro fue analizar la situaci\u00f3n actual de la conflictividad en el departamento y establecer estrategias interinstitucionales para mantener la paz y <a class=\"read-more\" href=\"https:\/\/elmetropolitano.com.gt\/es\/estrategias-interinstitucionales-para-mantener-la-paz-y-gobernabilidad-en-quiche\/\">Leer m\u00e1s<\/a><\/p>\n","protected":false},"author":1,"featured_media":97822,"comment_status":"open","ping_status":"closed","sticky":false,"template":"","format":"standard","meta":{"footnotes":""},"categories":[4],"tags":[13],"class_list":["post-97821","post","type-post","status-publish","format-standard","has-post-thumbnail","hentry","category-departamentales","tag-departamentales"],"_links":{"self":[{"href":"https:\/\/elmetropolitano.com.gt\/es\/wp-json\/wp\/v2\/posts\/97821","targetHints":{"allow":["GET"]}}],"collection":[{"href":"https:\/\/elmetropolitano.com.gt\/es\/wp-json\/wp\/v2\/posts"}],"about":[{"href":"https:\/\/elmetropolitano.com.gt\/es\/wp-json\/wp\/v2\/types\/post"}],"author":[{"embeddable":true,"href":"https:\/\/elmetropolitano.com.gt\/es\/wp-json\/wp\/v2\/users\/1"}],"replies":[{"embeddable":true,"href":"https:\/\/elmetropolitano.com.gt\/es\/wp-json\/wp\/v2\/comments?post=97821"}],"version-history":[{"count":1,"href":"https:\/\/elmetropolitano.com.gt\/es\/wp-json\/wp\/v2\/posts\/97821\/revisions"}],"predecessor-version":[{"id":97826,"href":"https:\/\/elmetropolitano.com.gt\/es\/wp-json\/wp\/v2\/posts\/97821\/revisions\/97826"}],"wp:featuredmedia":[{"embeddable":true,"href":"https:\/\/elmetropolitano.com.gt\/es\/wp-json\/wp\/v2\/media\/97822"}],"wp:attachment":[{"href":"https:\/\/elmetropolitano.com.gt\/es\/wp-json\/wp\/v2\/media?parent=97821"}],"wp:term":[{"taxonomy":"category","embeddable":true,"href":"https:\/\/elmetropolitano.com.gt\/es\/wp-json\/wp\/v2\/categories?post=97821"},{"taxonomy":"post_tag","embeddable":true,"href":"https:\/\/elmetropolitano.com.gt\/es\/wp-json\/wp\/v2\/tags?post=97821"}],"curies":[{"name":"wp","href":"https:\/\/api.w.org\/{rel}","templated":true}]}}