{"id":97886,"date":"2025-02-27T14:57:03","date_gmt":"2025-02-27T20:57:03","guid":{"rendered":"https:\/\/elmetropolitano.com.gt\/es\/?p=97886"},"modified":"2025-02-27T14:57:03","modified_gmt":"2025-02-27T20:57:03","slug":"presentan-la-esperada-filgua-2025-que-se-celebra-del-1-al-13-de-julio","status":"publish","type":"post","link":"https:\/\/elmetropolitano.com.gt\/es\/presentan-la-esperada-filgua-2025-que-se-celebra-del-1-al-13-de-julio\/","title":{"rendered":"Presentan la esperada Filgua 2025, que se celebra del 1 al 13 de julio"},"content":{"rendered":"\n<p>La Asociaci\u00f3n Gremial de Editores de Guatemala (AGEG) present\u00f3 la XXII Feria Internacional del Libro de Guatemala (Filgua), que se celebrar\u00e1 del 1 al 13 de julio en F\u00f3rum Majadas y tendr\u00e1 a Espa\u00f1a como pa\u00eds invitado de honor.<\/p>\n\n\n\n<p>La <a><\/a>sede del Ministerio de Relaciones Exteriores (Minex) alberg\u00f3 la presentaci\u00f3n de este evento cultural anual, tan esperado por los lectores, que re\u00fane a los miembros de la AGEG para acercar una enorme gama de libros a los guatemaltecos, para su disfrute y expansi\u00f3n de conocimiento.<\/p><div class=\"elmet-contenido\" id=\"elmet-73332993\"><div class=\"elmet-adlabel\">Anuncios<\/div><div style=\"margin-top: 20px;margin-right: 20px;margin-bottom: 20px;margin-left: 20px;\" id=\"elmet-2209498003\"><a href=\"https:\/\/www.facebook.com\/arrincuanantigua\/\" aria-label=\"cintillo-arrin-cual\"><img loading=\"lazy\" decoding=\"async\" src=\"https:\/\/elmetropolitano.com.gt\/es\/wp-content\/uploads\/2021\/11\/cintillo-arrin-cual-1.jpg\" alt=\"\"  srcset=\"https:\/\/elmetropolitano.com.gt\/es\/wp-content\/uploads\/2021\/11\/cintillo-arrin-cual-1.jpg 750w, https:\/\/elmetropolitano.com.gt\/es\/wp-content\/uploads\/2021\/11\/cintillo-arrin-cual-1-300x36.jpg 300w, https:\/\/elmetropolitano.com.gt\/es\/wp-content\/uploads\/2021\/11\/cintillo-arrin-cual-1-600x72.jpg 600w\" sizes=\"(max-width: 750px) 100vw, 750px\" width=\"750\" height=\"90\"   \/><\/a><\/div><\/div>\n\n\n\n<p>Este a\u00f1o, Filgua reconocer\u00e1 a Marta Elena Casa\u00fas Arz\u00fa, soci\u00f3loga, historiadora y catedr\u00e1tica, quien ha destacado por sus publicaciones e investigaciones.<\/p>\n\n\n\n<p>El Minex, como anfitri\u00f3n de la develaci\u00f3n de la edici\u00f3n XXII de Filgua, celebr\u00f3 que Espa\u00f1a figure como el invitado de 2025. En este sentido, destac\u00f3 como un honor contar con Espa\u00f1a como aliado en el evento de este a\u00f1o, ya que ha inspirado a generaciones de lectores y escritores con su inmensa contribuci\u00f3n a la literatura mundial.<\/p>\n\n\n\n<p>La vicecanciller M\u00f3nica Bola\u00f1os P\u00e9rez manifest\u00f3 su deseo de que esta nueva edici\u00f3n sea una fuente de inspiraci\u00f3n. Mientras, el viceministro de Cultura afirm\u00f3 que la importancia de Filgua yace en el aporte de la manera de c\u00f3mo nos leemos y nos vemos.<\/p>\n\n\n\n<p>Despliegue cultural en Filgua<\/p>\n\n\n\n<p>Se espera que este a\u00f1o haya un despliegue cultural y exposiciones tem\u00e1ticas que adornen el desfile de los estands de las editoriales de Filgua.<\/p>\n\n\n\n<p>Por su parte, Diana L\u00f3pez, presidenta de AGEG, resalt\u00f3 que esta feria, adem\u00e1s de celebrar la riqueza cultural, fortalece los lazos que nos unen.<\/p>\n\n\n\n<p>Durante su intervenci\u00f3n, la embajadora de Espa\u00f1a en Guatemala, Mar\u00eda Clara Girbau Ronda, resalt\u00f3 la importancia del idioma espa\u00f1ol y su defensa como una de las prioridades de la pol\u00edtica exterior de su pa\u00eds. Esta visi\u00f3n qued\u00f3 evidenciada con la firma de un memor\u00e1ndum de entendimiento, el pasado 3 de febrero, para la promoci\u00f3n internacional de la lengua espa\u00f1ola en el \u00e1mbito diplom\u00e1tico.<\/p>\n\n\n\n<p>Texto:Daniel Coromac<\/p>\n\n\n\n<p><a href=\"https:\/\/www.facebook.com\/hashtag\/filgua?__eep__=6&amp;__cft__[0]=AZUTbhWMyH7q1iXSgEkaNGm7lu8_e-iThGUIG_6LEs0W8xXbx8ZqGHdRc5N4CjtnDGx4QL3EDx1g59GxGyqnBrA-N98RkWdMKKeNusS15XyxzWNuBwZepo-GFV1P6mBaRwhS6LBARSAwOmqVpNuA6rfqEFkfxrsYJlpo7spc3ZwwJtlJkgXmHwsC_K_rOmDB6As&amp;__tn__=*NK-R\">#Filgua<\/a><a href=\"https:\/\/www.facebook.com\/hashtag\/cultura?__eep__=6&amp;__cft__[0]=AZUTbhWMyH7q1iXSgEkaNGm7lu8_e-iThGUIG_6LEs0W8xXbx8ZqGHdRc5N4CjtnDGx4QL3EDx1g59GxGyqnBrA-N98RkWdMKKeNusS15XyxzWNuBwZepo-GFV1P6mBaRwhS6LBARSAwOmqVpNuA6rfqEFkfxrsYJlpo7spc3ZwwJtlJkgXmHwsC_K_rOmDB6As&amp;__tn__=*NK-R\">#Cultura<\/a><a href=\"https:\/\/www.facebook.com\/hashtag\/metroredes?__eep__=6&amp;__cft__[0]=AZUTbhWMyH7q1iXSgEkaNGm7lu8_e-iThGUIG_6LEs0W8xXbx8ZqGHdRc5N4CjtnDGx4QL3EDx1g59GxGyqnBrA-N98RkWdMKKeNusS15XyxzWNuBwZepo-GFV1P6mBaRwhS6LBARSAwOmqVpNuA6rfqEFkfxrsYJlpo7spc3ZwwJtlJkgXmHwsC_K_rOmDB6As&amp;__tn__=*NK-R\">#metroredes<\/a><\/p>\n","protected":false},"excerpt":{"rendered":"<p>La Asociaci\u00f3n Gremial de Editores de Guatemala (AGEG) present\u00f3 la XXII Feria Internacional del Libro de Guatemala (Filgua), que se celebrar\u00e1 del 1 al 13 de julio en F\u00f3rum Majadas y tendr\u00e1 a Espa\u00f1a como pa\u00eds invitado de honor. La sede del Ministerio de Relaciones Exteriores (Minex) alberg\u00f3 la presentaci\u00f3n de este evento cultural anual, <a class=\"read-more\" href=\"https:\/\/elmetropolitano.com.gt\/es\/presentan-la-esperada-filgua-2025-que-se-celebra-del-1-al-13-de-julio\/\">Leer m\u00e1s<\/a><\/p>\n","protected":false},"author":1,"featured_media":97887,"comment_status":"open","ping_status":"closed","sticky":false,"template":"","format":"standard","meta":{"footnotes":""},"categories":[2],"tags":[12],"class_list":["post-97886","post","type-post","status-publish","format-standard","has-post-thumbnail","hentry","category-nacionales","tag-nacionales"],"_links":{"self":[{"href":"https:\/\/elmetropolitano.com.gt\/es\/wp-json\/wp\/v2\/posts\/97886","targetHints":{"allow":["GET"]}}],"collection":[{"href":"https:\/\/elmetropolitano.com.gt\/es\/wp-json\/wp\/v2\/posts"}],"about":[{"href":"https:\/\/elmetropolitano.com.gt\/es\/wp-json\/wp\/v2\/types\/post"}],"author":[{"embeddable":true,"href":"https:\/\/elmetropolitano.com.gt\/es\/wp-json\/wp\/v2\/users\/1"}],"replies":[{"embeddable":true,"href":"https:\/\/elmetropolitano.com.gt\/es\/wp-json\/wp\/v2\/comments?post=97886"}],"version-history":[{"count":1,"href":"https:\/\/elmetropolitano.com.gt\/es\/wp-json\/wp\/v2\/posts\/97886\/revisions"}],"predecessor-version":[{"id":97888,"href":"https:\/\/elmetropolitano.com.gt\/es\/wp-json\/wp\/v2\/posts\/97886\/revisions\/97888"}],"wp:featuredmedia":[{"embeddable":true,"href":"https:\/\/elmetropolitano.com.gt\/es\/wp-json\/wp\/v2\/media\/97887"}],"wp:attachment":[{"href":"https:\/\/elmetropolitano.com.gt\/es\/wp-json\/wp\/v2\/media?parent=97886"}],"wp:term":[{"taxonomy":"category","embeddable":true,"href":"https:\/\/elmetropolitano.com.gt\/es\/wp-json\/wp\/v2\/categories?post=97886"},{"taxonomy":"post_tag","embeddable":true,"href":"https:\/\/elmetropolitano.com.gt\/es\/wp-json\/wp\/v2\/tags?post=97886"}],"curies":[{"name":"wp","href":"https:\/\/api.w.org\/{rel}","templated":true}]}}