{"id":97889,"date":"2025-02-27T15:01:31","date_gmt":"2025-02-27T21:01:31","guid":{"rendered":"https:\/\/elmetropolitano.com.gt\/es\/?p=97889"},"modified":"2025-02-27T15:01:32","modified_gmt":"2025-02-27T21:01:32","slug":"ministro-de-comunicaciones-confirma-que-la-autopista-palin-escuintla-estara-lista-antes-de-semana-santa","status":"publish","type":"post","link":"https:\/\/elmetropolitano.com.gt\/es\/ministro-de-comunicaciones-confirma-que-la-autopista-palin-escuintla-estara-lista-antes-de-semana-santa\/","title":{"rendered":"Ministro de Comunicaciones confirma que la autopista Pal\u00edn-Escuintla estar\u00e1 lista antes de Semana Santa"},"content":{"rendered":"\n<p>El ministro de Comunicaciones, Infraestructura y Vivienda (CIV), Miguel \u00c1ngel D\u00edaz Bobadilla, comparti\u00f3 avances en los trabajos de reparaci\u00f3n que se lleva a cabo la cartera en la autopista Pal\u00edn-Escuintla, la cual, asegur\u00f3, se habilitar\u00e1 antes de Semana Santa.<\/p>\n\n\n\n<p>El <a><\/a>ministro asever\u00f3 que se encuentran trabajando en los kil\u00f3metros 39, 44 y 45 del mencionado tramo indicando en conferencia de prensa en el Palacio Nacional que \u00abVamos arriba del 75 por ciento y estar\u00e1 finalizado este trabajo a finales de marzo. Los cuatro carriles estar\u00e1n funcionando\u00bb<\/p><div class=\"elmet-contenido\" id=\"elmet-1656093220\"><div class=\"elmet-adlabel\">Anuncios<\/div><div style=\"margin-top: 20px;margin-right: 20px;margin-bottom: 20px;margin-left: 20px;\" id=\"elmet-845947781\"><a href=\"https:\/\/www.facebook.com\/arrincuanantigua\/\" aria-label=\"cintillo-arrin-cual\"><img loading=\"lazy\" decoding=\"async\" src=\"https:\/\/elmetropolitano.com.gt\/es\/wp-content\/uploads\/2021\/11\/cintillo-arrin-cual-1.jpg\" alt=\"\"  srcset=\"https:\/\/elmetropolitano.com.gt\/es\/wp-content\/uploads\/2021\/11\/cintillo-arrin-cual-1.jpg 750w, https:\/\/elmetropolitano.com.gt\/es\/wp-content\/uploads\/2021\/11\/cintillo-arrin-cual-1-300x36.jpg 300w, https:\/\/elmetropolitano.com.gt\/es\/wp-content\/uploads\/2021\/11\/cintillo-arrin-cual-1-600x72.jpg 600w\" sizes=\"(max-width: 750px) 100vw, 750px\" width=\"750\" height=\"90\"   \/><\/a><\/div><\/div>\n\n\n\n<p>Adem\u00e1s, comparti\u00f3 que se han estado desarrollando monitoreos y siguiendo las acciones en la autopista, tanto en el d\u00eda como por la noche.<\/p>\n\n\n\n<p>\u00abHace unos d\u00edas estuve viendo el avance del trabajo durante la noche. Lo mismo est\u00e1 haciendo el viceministro y las autoridades de Caminos\u00bb indico<\/p>\n\n\n\n<p>El objetivo de las autoridades de Comunicaciones es que los trabajos en este importante tramo vial no tenga m\u00e1s atrasos, ya que es una v\u00eda de vital importancia para el comercio, el turismo, para el tr\u00e1nsito en general y para el desarrollo econ\u00f3mico del pa\u00eds.<\/p>\n\n\n\n<p>Avances del Plan Conecta<\/p>\n\n\n\n<p>Durante su presentaci\u00f3n en la conferencia, el ministro Bobadilla tambi\u00e9n comparti\u00f3 informaci\u00f3n de la ejecuci\u00f3n del Plan Conecta.<\/p>\n\n\n\n<p>El cual desde la Direcci\u00f3n General de Caminos (DGC) trabaja en 536.23 kil\u00f3metros con rehabilitaci\u00f3n de rutas y mejoramiento de carreteras.<\/p>\n\n\n\n<p>Asimismo, la Unidad Ejecutora de Conservaci\u00f3n Vial (Covial) ha intervenido en 6 mil 745 kil\u00f3metros con bacheo, limpieza de \u00e1reas de derecho de v\u00eda, mantenimiento de carreteras de terracer\u00eda convencionales y mantenimiento de carreteras de terracer\u00eda con unicapa.<\/p>\n\n\n\n<p><a href=\"https:\/\/www.facebook.com\/hashtag\/autopistapalinescuintla?__eep__=6&amp;__cft__[0]=AZXDaTIt0Wf3izQ-l0qGw8drw6qrL-g6mhmg96l2X9IXfKRzpoC9YKhRMlfQx2wghpjqPcKlEgYHcsZB34Ea81HvhT22kuqNg-WHuJB9Z-BptueB0dWjLdEwKobgLqitX-yLFo5oW6sTn8ludkol5AbupSyxNeZAly5m__VmqwUbtjzYRW6JWy0fvtkkUZHjAUU&amp;__tn__=*NK-R\">#autopistapalinescuintla<\/a><a href=\"https:\/\/www.facebook.com\/hashtag\/metroredes?__eep__=6&amp;__cft__[0]=AZXDaTIt0Wf3izQ-l0qGw8drw6qrL-g6mhmg96l2X9IXfKRzpoC9YKhRMlfQx2wghpjqPcKlEgYHcsZB34Ea81HvhT22kuqNg-WHuJB9Z-BptueB0dWjLdEwKobgLqitX-yLFo5oW6sTn8ludkol5AbupSyxNeZAly5m__VmqwUbtjzYRW6JWy0fvtkkUZHjAUU&amp;__tn__=*NK-R\">#metroredes<\/a><a href=\"https:\/\/www.facebook.com\/hashtag\/civ?__eep__=6&amp;__cft__[0]=AZXDaTIt0Wf3izQ-l0qGw8drw6qrL-g6mhmg96l2X9IXfKRzpoC9YKhRMlfQx2wghpjqPcKlEgYHcsZB34Ea81HvhT22kuqNg-WHuJB9Z-BptueB0dWjLdEwKobgLqitX-yLFo5oW6sTn8ludkol5AbupSyxNeZAly5m__VmqwUbtjzYRW6JWy0fvtkkUZHjAUU&amp;__tn__=*NK-R\">#CIV<\/a><\/p>\n\n\n\n<p><a href=\"https:\/\/l.facebook.com\/l.php?u=http%3A%2F%2Fwww.elescuintleco.com.gt%2F%3Ffbclid%3DIwZXh0bgNhZW0CMTAAAR1hYoWOxaWGFMeiNDrMWlQv9zvM753zVtgC_iPWcntu0w45Sf6wd2vBCqE_aem_BBD0rhUWV97Nrfd4-o_deQ&amp;h=AT2Xl10mM2cjeAkoZT_m5p8uy6wzx4UOYTzCabnHcRy1WLsL4bAGkGeHUNRili_TUvOv3ac15PUeei0BOiSIhBq3TOBd3UDrzQMtklHXd5sW3HUU5AwYo1SQVGSGgOScr_LseWsz286ZchcKwxcE&amp;__tn__=-UK-R&amp;c[0]=AT0EnDgGg0y0XJ37-z49AUkHDG4BZU_wdA3KqixS-Br5rS6HmL97znqc32XYPNXqa3EbaaSaINWj7EpiRvU92q6DReRozsnK9Gn0GGh3W6Cn4eexHZnJPmKNpj9_aRc8vq_Zcicp4SCwZnZLu4UTZr47tn-v3tWhmdGq3dftmtodq4ZmgNqbQyqc1-k-K57v43fMIIQ3NMiOvA6Xxd1fzDBS4UI\" rel=\"noreferrer noopener\" target=\"_blank\">www.elescuintleco.com.gt<\/a><\/p>\n","protected":false},"excerpt":{"rendered":"<p>El ministro de Comunicaciones, Infraestructura y Vivienda (CIV), Miguel \u00c1ngel D\u00edaz Bobadilla, comparti\u00f3 avances en los trabajos de reparaci\u00f3n que se lleva a cabo la cartera en la autopista Pal\u00edn-Escuintla, la cual, asegur\u00f3, se habilitar\u00e1 antes de Semana Santa. El ministro asever\u00f3 que se encuentran trabajando en los kil\u00f3metros 39, 44 y 45 del mencionado <a class=\"read-more\" href=\"https:\/\/elmetropolitano.com.gt\/es\/ministro-de-comunicaciones-confirma-que-la-autopista-palin-escuintla-estara-lista-antes-de-semana-santa\/\">Leer m\u00e1s<\/a><\/p>\n","protected":false},"author":1,"featured_media":97890,"comment_status":"open","ping_status":"closed","sticky":false,"template":"","format":"standard","meta":{"footnotes":""},"categories":[2],"tags":[12],"class_list":["post-97889","post","type-post","status-publish","format-standard","has-post-thumbnail","hentry","category-nacionales","tag-nacionales"],"_links":{"self":[{"href":"https:\/\/elmetropolitano.com.gt\/es\/wp-json\/wp\/v2\/posts\/97889","targetHints":{"allow":["GET"]}}],"collection":[{"href":"https:\/\/elmetropolitano.com.gt\/es\/wp-json\/wp\/v2\/posts"}],"about":[{"href":"https:\/\/elmetropolitano.com.gt\/es\/wp-json\/wp\/v2\/types\/post"}],"author":[{"embeddable":true,"href":"https:\/\/elmetropolitano.com.gt\/es\/wp-json\/wp\/v2\/users\/1"}],"replies":[{"embeddable":true,"href":"https:\/\/elmetropolitano.com.gt\/es\/wp-json\/wp\/v2\/comments?post=97889"}],"version-history":[{"count":1,"href":"https:\/\/elmetropolitano.com.gt\/es\/wp-json\/wp\/v2\/posts\/97889\/revisions"}],"predecessor-version":[{"id":97891,"href":"https:\/\/elmetropolitano.com.gt\/es\/wp-json\/wp\/v2\/posts\/97889\/revisions\/97891"}],"wp:featuredmedia":[{"embeddable":true,"href":"https:\/\/elmetropolitano.com.gt\/es\/wp-json\/wp\/v2\/media\/97890"}],"wp:attachment":[{"href":"https:\/\/elmetropolitano.com.gt\/es\/wp-json\/wp\/v2\/media?parent=97889"}],"wp:term":[{"taxonomy":"category","embeddable":true,"href":"https:\/\/elmetropolitano.com.gt\/es\/wp-json\/wp\/v2\/categories?post=97889"},{"taxonomy":"post_tag","embeddable":true,"href":"https:\/\/elmetropolitano.com.gt\/es\/wp-json\/wp\/v2\/tags?post=97889"}],"curies":[{"name":"wp","href":"https:\/\/api.w.org\/{rel}","templated":true}]}}