{"id":97892,"date":"2025-02-27T15:03:43","date_gmt":"2025-02-27T21:03:43","guid":{"rendered":"https:\/\/elmetropolitano.com.gt\/es\/?p=97892"},"modified":"2025-02-27T15:03:44","modified_gmt":"2025-02-27T21:03:44","slug":"diputados-recibiran-aumento-salarial","status":"publish","type":"post","link":"https:\/\/elmetropolitano.com.gt\/es\/diputados-recibiran-aumento-salarial\/","title":{"rendered":"Diputados recibir\u00e1n aumento salarial"},"content":{"rendered":"\n<p>Pese al rechazo popular, los diputados del Congreso de la Rep\u00fablica recibir\u00e1n, a partir de este mes de febrero, el pago de su salario con el aumento que se recetaron el a\u00f1o pasado cuando aprobaron el presupuesto del Organismo Legislativo.<\/p>\n\n\n\n<p>Los congresistas pasar\u00e1n de ganar Q17 mil 550 a devengar Q46 mil 700. Aunque la Corte de Constitucionalidad hab\u00eda ordenado que el tema se llevar\u00e1 a votaci\u00f3n al pleno, asesores legislativos confirmaron que <a><\/a>algunos integrantes de la Junta Directiva del Congreso encontraron una salida legal y acodaron orden el desembolso del aumento a partir de este mes.<\/p><div class=\"elmet-contenido\" id=\"elmet-1684408789\"><div class=\"elmet-adlabel\">Anuncios<\/div><div style=\"margin-top: 20px;margin-right: 20px;margin-bottom: 20px;margin-left: 20px;\" id=\"elmet-13509601\"><a href=\"https:\/\/www.facebook.com\/arrincuanantigua\/\" aria-label=\"cintillo-arrin-cual\"><img loading=\"lazy\" decoding=\"async\" src=\"https:\/\/elmetropolitano.com.gt\/es\/wp-content\/uploads\/2021\/11\/cintillo-arrin-cual-1.jpg\" alt=\"\"  srcset=\"https:\/\/elmetropolitano.com.gt\/es\/wp-content\/uploads\/2021\/11\/cintillo-arrin-cual-1.jpg 750w, https:\/\/elmetropolitano.com.gt\/es\/wp-content\/uploads\/2021\/11\/cintillo-arrin-cual-1-300x36.jpg 300w, https:\/\/elmetropolitano.com.gt\/es\/wp-content\/uploads\/2021\/11\/cintillo-arrin-cual-1-600x72.jpg 600w\" sizes=\"(max-width: 750px) 100vw, 750px\" width=\"750\" height=\"90\"   \/><\/a><\/div><\/div>\n\n\n\n<p>El tema consta en un acta que est\u00e1 circulando entre bancadas, en la que se instruye a la Direcci\u00f3n General del Legislativo, efectuar las readecuaciones presupuestarias correspondientes y equiparar el salario de los congresistas con el de los magistrados de las salas de apelaciones.<\/p>\n\n\n\n<p>El presidente del Congreso, Nery Ramos, insisti\u00f3 el martes 25 de febrero, al terminar la sesi\u00f3n plenaria, que no hab\u00eda un acuerdo definitivo respecto al aumento de salario para los diputados, pero este mi\u00e9rcoles circul\u00f3 el acta que lo confirma.<\/p>\n\n\n\n<p>La Alianza por un Congreso Eficiente, dijo en un comunicado que la equiparaci\u00f3n del salario de los diputados con el de magistrados de sala no se justifica, debido a que los requisitos acad\u00e9micos y la experiencia profesional para ocupar una magistratura es diferente de la de los diputados; asimismo, los togados trabajan jornadas completas de trabajo, mientras los diputados tienen flexibilidad para ejercer su labor.<\/p>\n\n\n\n<p>Acci\u00f3n Ciudadana present\u00f3 el martes ante la Corte de Constitucionalidad, una solicitud de debida dentro del amparo que se otorg\u00f3 en contra la indemnizaci\u00f3n de los diputados y aumento salarial, argumentando que no se agotaron los requisitos establecidos en la resoluci\u00f3n que incluye llevar el tema a votaci\u00f3n ante el pleno.<\/p>\n\n\n\n<p><a href=\"https:\/\/www.facebook.com\/hashtag\/congresodelarepublica?__eep__=6&amp;__cft__[0]=AZUTyix_xb4YQZxkuOyQ0eMs9E3No8BEwSf8EYhe0twsH71fn7MOzIPTph8Bu6wU675QgVNP66v8BhrxUUN2Robo5qsQa8zy2Isnx_J9W1jrJwe0rZS16B34NvUB3pdItj-GZMAzDJS6OqiayeduRhZ51w4J9psrjtRMn0Pgan6--ogtKNTVSue70Avtm8Y4bkk&amp;__tn__=*NK-R\">#CongresoDeLaRepublica<\/a><a href=\"https:\/\/www.facebook.com\/hashtag\/metroredes?__eep__=6&amp;__cft__[0]=AZUTyix_xb4YQZxkuOyQ0eMs9E3No8BEwSf8EYhe0twsH71fn7MOzIPTph8Bu6wU675QgVNP66v8BhrxUUN2Robo5qsQa8zy2Isnx_J9W1jrJwe0rZS16B34NvUB3pdItj-GZMAzDJS6OqiayeduRhZ51w4J9psrjtRMn0Pgan6--ogtKNTVSue70Avtm8Y4bkk&amp;__tn__=*NK-R\">#metroredes<\/a><\/p>\n\n\n\n<figure class=\"wp-block-gallery has-nested-images columns-default is-cropped wp-block-gallery-1 is-layout-flex wp-block-gallery-is-layout-flex\">\n<figure class=\"wp-block-image size-large\"><img loading=\"lazy\" decoding=\"async\" width=\"1024\" height=\"683\" data-id=\"97894\" src=\"https:\/\/elmetropolitano.com.gt\/es\/wp-content\/uploads\/2025\/02\/480746317_1156330886492993_4011790813464903029_n-1024x683.jpg\" alt=\"\" class=\"wp-image-97894\" srcset=\"https:\/\/elmetropolitano.com.gt\/es\/wp-content\/uploads\/2025\/02\/480746317_1156330886492993_4011790813464903029_n-1024x683.jpg 1024w, https:\/\/elmetropolitano.com.gt\/es\/wp-content\/uploads\/2025\/02\/480746317_1156330886492993_4011790813464903029_n-300x200.jpg 300w, https:\/\/elmetropolitano.com.gt\/es\/wp-content\/uploads\/2025\/02\/480746317_1156330886492993_4011790813464903029_n-768x512.jpg 768w, https:\/\/elmetropolitano.com.gt\/es\/wp-content\/uploads\/2025\/02\/480746317_1156330886492993_4011790813464903029_n.jpg 1200w\" sizes=\"auto, (max-width: 1024px) 100vw, 1024px\" \/><\/figure>\n\n\n\n<figure class=\"wp-block-image size-large\"><img loading=\"lazy\" decoding=\"async\" width=\"1024\" height=\"714\" data-id=\"97895\" src=\"https:\/\/elmetropolitano.com.gt\/es\/wp-content\/uploads\/2025\/02\/480829293_1156330926492989_6064214747955406429_n-1024x714.jpg\" alt=\"\" class=\"wp-image-97895\" srcset=\"https:\/\/elmetropolitano.com.gt\/es\/wp-content\/uploads\/2025\/02\/480829293_1156330926492989_6064214747955406429_n-1024x714.jpg 1024w, https:\/\/elmetropolitano.com.gt\/es\/wp-content\/uploads\/2025\/02\/480829293_1156330926492989_6064214747955406429_n-300x209.jpg 300w, https:\/\/elmetropolitano.com.gt\/es\/wp-content\/uploads\/2025\/02\/480829293_1156330926492989_6064214747955406429_n-768x536.jpg 768w, https:\/\/elmetropolitano.com.gt\/es\/wp-content\/uploads\/2025\/02\/480829293_1156330926492989_6064214747955406429_n.jpg 1500w\" sizes=\"auto, (max-width: 1024px) 100vw, 1024px\" \/><\/figure>\n\n\n\n<figure class=\"wp-block-image size-large\"><img loading=\"lazy\" decoding=\"async\" width=\"1024\" height=\"683\" data-id=\"97896\" src=\"https:\/\/elmetropolitano.com.gt\/es\/wp-content\/uploads\/2025\/02\/481086353_1156330879826327_7440911795275398230_n-1-1024x683.jpg\" alt=\"\" class=\"wp-image-97896\" srcset=\"https:\/\/elmetropolitano.com.gt\/es\/wp-content\/uploads\/2025\/02\/481086353_1156330879826327_7440911795275398230_n-1-1024x683.jpg 1024w, https:\/\/elmetropolitano.com.gt\/es\/wp-content\/uploads\/2025\/02\/481086353_1156330879826327_7440911795275398230_n-1-300x200.jpg 300w, https:\/\/elmetropolitano.com.gt\/es\/wp-content\/uploads\/2025\/02\/481086353_1156330879826327_7440911795275398230_n-1-768x512.jpg 768w, https:\/\/elmetropolitano.com.gt\/es\/wp-content\/uploads\/2025\/02\/481086353_1156330879826327_7440911795275398230_n-1.jpg 1500w\" sizes=\"auto, (max-width: 1024px) 100vw, 1024px\" \/><\/figure>\n\n\n\n<figure class=\"wp-block-image size-large\"><img loading=\"lazy\" decoding=\"async\" width=\"1024\" height=\"683\" data-id=\"97897\" src=\"https:\/\/elmetropolitano.com.gt\/es\/wp-content\/uploads\/2025\/02\/481257605_1156330933159655_1255039241709042576_n-1024x683.jpg\" alt=\"\" class=\"wp-image-97897\" srcset=\"https:\/\/elmetropolitano.com.gt\/es\/wp-content\/uploads\/2025\/02\/481257605_1156330933159655_1255039241709042576_n-1024x683.jpg 1024w, https:\/\/elmetropolitano.com.gt\/es\/wp-content\/uploads\/2025\/02\/481257605_1156330933159655_1255039241709042576_n-300x200.jpg 300w, https:\/\/elmetropolitano.com.gt\/es\/wp-content\/uploads\/2025\/02\/481257605_1156330933159655_1255039241709042576_n-768x512.jpg 768w, https:\/\/elmetropolitano.com.gt\/es\/wp-content\/uploads\/2025\/02\/481257605_1156330933159655_1255039241709042576_n.jpg 1200w\" sizes=\"auto, (max-width: 1024px) 100vw, 1024px\" \/><\/figure>\n<\/figure>\n","protected":false},"excerpt":{"rendered":"<p>Pese al rechazo popular, los diputados del Congreso de la Rep\u00fablica recibir\u00e1n, a partir de este mes de febrero, el pago de su salario con el aumento que se recetaron el a\u00f1o pasado cuando aprobaron el presupuesto del Organismo Legislativo. Los congresistas pasar\u00e1n de ganar Q17 mil 550 a devengar Q46 mil 700. Aunque la <a class=\"read-more\" href=\"https:\/\/elmetropolitano.com.gt\/es\/diputados-recibiran-aumento-salarial\/\">Leer m\u00e1s<\/a><\/p>\n","protected":false},"author":1,"featured_media":97893,"comment_status":"open","ping_status":"closed","sticky":false,"template":"","format":"standard","meta":{"footnotes":""},"categories":[2],"tags":[12],"class_list":["post-97892","post","type-post","status-publish","format-standard","has-post-thumbnail","hentry","category-nacionales","tag-nacionales"],"_links":{"self":[{"href":"https:\/\/elmetropolitano.com.gt\/es\/wp-json\/wp\/v2\/posts\/97892","targetHints":{"allow":["GET"]}}],"collection":[{"href":"https:\/\/elmetropolitano.com.gt\/es\/wp-json\/wp\/v2\/posts"}],"about":[{"href":"https:\/\/elmetropolitano.com.gt\/es\/wp-json\/wp\/v2\/types\/post"}],"author":[{"embeddable":true,"href":"https:\/\/elmetropolitano.com.gt\/es\/wp-json\/wp\/v2\/users\/1"}],"replies":[{"embeddable":true,"href":"https:\/\/elmetropolitano.com.gt\/es\/wp-json\/wp\/v2\/comments?post=97892"}],"version-history":[{"count":1,"href":"https:\/\/elmetropolitano.com.gt\/es\/wp-json\/wp\/v2\/posts\/97892\/revisions"}],"predecessor-version":[{"id":97898,"href":"https:\/\/elmetropolitano.com.gt\/es\/wp-json\/wp\/v2\/posts\/97892\/revisions\/97898"}],"wp:featuredmedia":[{"embeddable":true,"href":"https:\/\/elmetropolitano.com.gt\/es\/wp-json\/wp\/v2\/media\/97893"}],"wp:attachment":[{"href":"https:\/\/elmetropolitano.com.gt\/es\/wp-json\/wp\/v2\/media?parent=97892"}],"wp:term":[{"taxonomy":"category","embeddable":true,"href":"https:\/\/elmetropolitano.com.gt\/es\/wp-json\/wp\/v2\/categories?post=97892"},{"taxonomy":"post_tag","embeddable":true,"href":"https:\/\/elmetropolitano.com.gt\/es\/wp-json\/wp\/v2\/tags?post=97892"}],"curies":[{"name":"wp","href":"https:\/\/api.w.org\/{rel}","templated":true}]}}