{"id":97903,"date":"2025-02-28T09:33:09","date_gmt":"2025-02-28T15:33:09","guid":{"rendered":"https:\/\/elmetropolitano.com.gt\/es\/?p=97903"},"modified":"2025-02-28T09:33:09","modified_gmt":"2025-02-28T15:33:09","slug":"detienen-a-exsecretario-de-finanzas-del-movimiebto-semilla-en-totonicapan","status":"publish","type":"post","link":"https:\/\/elmetropolitano.com.gt\/es\/detienen-a-exsecretario-de-finanzas-del-movimiebto-semilla-en-totonicapan\/","title":{"rendered":"Detienen a exsecretario de finanzas del Movimiebto Semilla en Totonicap\u00e1n"},"content":{"rendered":"\n<p>Este jueves se llev\u00f3 a cabo la captura de Salvador No\u00e9 Batz Chuc, exsecretario de finanzas y transparencia del partido Movimiento Semilla, por su supuesta vinculaci\u00f3n dentro del caso contra la agrupaci\u00f3n.<\/p>\n\n\n\n<p>La <a><\/a>Orden de detenci\u00f3n fue girada por el pol\u00e9mico el juez Fredy Orellana por lo que agentes de la Polic\u00eda Nacional Civil PNC la ejecut\u00f3 en Totocanicapan de donde es originario y particip\u00f3 como candidato a diputado de Semilla.<\/p><div class=\"elmet-contenido\" id=\"elmet-2037952033\"><div class=\"elmet-adlabel\">Anuncios<\/div><div style=\"margin-top: 20px;margin-right: 20px;margin-bottom: 20px;margin-left: 20px;\" id=\"elmet-3736643274\"><a href=\"https:\/\/www.facebook.com\/arrincuanantigua\/\" aria-label=\"cintillo-arrin-cual\"><img loading=\"lazy\" decoding=\"async\" src=\"https:\/\/elmetropolitano.com.gt\/es\/wp-content\/uploads\/2021\/11\/cintillo-arrin-cual-1.jpg\" alt=\"\"  srcset=\"https:\/\/elmetropolitano.com.gt\/es\/wp-content\/uploads\/2021\/11\/cintillo-arrin-cual-1.jpg 750w, https:\/\/elmetropolitano.com.gt\/es\/wp-content\/uploads\/2021\/11\/cintillo-arrin-cual-1-300x36.jpg 300w, https:\/\/elmetropolitano.com.gt\/es\/wp-content\/uploads\/2021\/11\/cintillo-arrin-cual-1-600x72.jpg 600w\" sizes=\"(max-width: 750px) 100vw, 750px\" width=\"750\" height=\"90\"   \/><\/a><\/div><\/div>\n\n\n\n<p><a href=\"https:\/\/www.facebook.com\/hashtag\/movimientosemilla?__eep__=6&amp;__cft__[0]=AZUOHkgw19JQRS-hoCSecsqEP9jq6DgB5pDmshltnZd-Q29HSToH5SluCz0PUaECaVnSrjW0nXTHvcRjo-OgOaUnns7jDbXPtPlU228nXp8SDtT7UqK6Q9FEMxbzg8vfLrQzBfu7isingyB2DAO-db2_UOR1joBYdcIeqVJvoIP8nD1mBI5flbpXj5scgaF3l08&amp;__tn__=*NK-R\">#MovimientoSemilla<\/a><\/p>\n\n\n\n<figure class=\"wp-block-gallery has-nested-images columns-default is-cropped wp-block-gallery-1 is-layout-flex wp-block-gallery-is-layout-flex\">\n<figure class=\"wp-block-image size-large\"><img loading=\"lazy\" decoding=\"async\" width=\"541\" height=\"684\" data-id=\"97905\" src=\"https:\/\/elmetropolitano.com.gt\/es\/wp-content\/uploads\/2025\/02\/482030446_1156424243150324_729636768634197033_n-1.jpg\" alt=\"\" class=\"wp-image-97905\" srcset=\"https:\/\/elmetropolitano.com.gt\/es\/wp-content\/uploads\/2025\/02\/482030446_1156424243150324_729636768634197033_n-1.jpg 541w, https:\/\/elmetropolitano.com.gt\/es\/wp-content\/uploads\/2025\/02\/482030446_1156424243150324_729636768634197033_n-1-237x300.jpg 237w\" sizes=\"auto, (max-width: 541px) 100vw, 541px\" \/><\/figure>\n<\/figure>\n","protected":false},"excerpt":{"rendered":"<p>Este jueves se llev\u00f3 a cabo la captura de Salvador No\u00e9 Batz Chuc, exsecretario de finanzas y transparencia del partido Movimiento Semilla, por su supuesta vinculaci\u00f3n dentro del caso contra la agrupaci\u00f3n. La Orden de detenci\u00f3n fue girada por el pol\u00e9mico el juez Fredy Orellana por lo que agentes de la Polic\u00eda Nacional Civil PNC <a class=\"read-more\" href=\"https:\/\/elmetropolitano.com.gt\/es\/detienen-a-exsecretario-de-finanzas-del-movimiebto-semilla-en-totonicapan\/\">Leer m\u00e1s<\/a><\/p>\n","protected":false},"author":1,"featured_media":97904,"comment_status":"open","ping_status":"closed","sticky":false,"template":"","format":"standard","meta":{"footnotes":""},"categories":[2],"tags":[12],"class_list":["post-97903","post","type-post","status-publish","format-standard","has-post-thumbnail","hentry","category-nacionales","tag-nacionales"],"_links":{"self":[{"href":"https:\/\/elmetropolitano.com.gt\/es\/wp-json\/wp\/v2\/posts\/97903","targetHints":{"allow":["GET"]}}],"collection":[{"href":"https:\/\/elmetropolitano.com.gt\/es\/wp-json\/wp\/v2\/posts"}],"about":[{"href":"https:\/\/elmetropolitano.com.gt\/es\/wp-json\/wp\/v2\/types\/post"}],"author":[{"embeddable":true,"href":"https:\/\/elmetropolitano.com.gt\/es\/wp-json\/wp\/v2\/users\/1"}],"replies":[{"embeddable":true,"href":"https:\/\/elmetropolitano.com.gt\/es\/wp-json\/wp\/v2\/comments?post=97903"}],"version-history":[{"count":1,"href":"https:\/\/elmetropolitano.com.gt\/es\/wp-json\/wp\/v2\/posts\/97903\/revisions"}],"predecessor-version":[{"id":97906,"href":"https:\/\/elmetropolitano.com.gt\/es\/wp-json\/wp\/v2\/posts\/97903\/revisions\/97906"}],"wp:featuredmedia":[{"embeddable":true,"href":"https:\/\/elmetropolitano.com.gt\/es\/wp-json\/wp\/v2\/media\/97904"}],"wp:attachment":[{"href":"https:\/\/elmetropolitano.com.gt\/es\/wp-json\/wp\/v2\/media?parent=97903"}],"wp:term":[{"taxonomy":"category","embeddable":true,"href":"https:\/\/elmetropolitano.com.gt\/es\/wp-json\/wp\/v2\/categories?post=97903"},{"taxonomy":"post_tag","embeddable":true,"href":"https:\/\/elmetropolitano.com.gt\/es\/wp-json\/wp\/v2\/tags?post=97903"}],"curies":[{"name":"wp","href":"https:\/\/api.w.org\/{rel}","templated":true}]}}