{"id":97963,"date":"2025-02-28T17:36:41","date_gmt":"2025-02-28T23:36:41","guid":{"rendered":"https:\/\/elmetropolitano.com.gt\/es\/?p=97963"},"modified":"2025-02-28T17:36:42","modified_gmt":"2025-02-28T23:36:42","slug":"fundacion-bi-inaugura-su-centro-de-innovacion-y-emprendimiento","status":"publish","type":"post","link":"https:\/\/elmetropolitano.com.gt\/es\/fundacion-bi-inaugura-su-centro-de-innovacion-y-emprendimiento\/","title":{"rendered":"Fundaci\u00f3n Bi inaugura su Centro de Innovaci\u00f3n y Emprendimiento"},"content":{"rendered":"\n<p>Con el firme compromiso de potenciar el desarrollo econ\u00f3mico y social de Guatemala, Fundaci\u00f3n Bi inaugur\u00f3 el Centro de Innovaci\u00f3n y Emprendimiento Bi, un espacio dedicado a brindar a los emprendedores guatemaltecos las herramientas, el conocimiento y la infraestructura necesaria para escalar sus negocios.<\/p>\n\n\n\n<p>Este centro est\u00e1 ubicado en el s\u00e9ptimo nivel del edificio Quo en la zona 4 de la Ciudad de Guatemala y est\u00e1 <a><\/a>dise\u00f1ado para acelerar la escalabilidad de los emprendimientos, ofreciendo una estructura de apoyo integral que incluye:<\/p><div class=\"elmet-contenido\" id=\"elmet-141217006\"><div class=\"elmet-adlabel\">Anuncios<\/div><div style=\"margin-top: 20px;margin-right: 20px;margin-bottom: 20px;margin-left: 20px;\" id=\"elmet-1106502532\"><a href=\"https:\/\/www.facebook.com\/arrincuanantigua\/\" aria-label=\"cintillo-arrin-cual\"><img loading=\"lazy\" decoding=\"async\" src=\"https:\/\/elmetropolitano.com.gt\/es\/wp-content\/uploads\/2021\/11\/cintillo-arrin-cual-1.jpg\" alt=\"\"  srcset=\"https:\/\/elmetropolitano.com.gt\/es\/wp-content\/uploads\/2021\/11\/cintillo-arrin-cual-1.jpg 750w, https:\/\/elmetropolitano.com.gt\/es\/wp-content\/uploads\/2021\/11\/cintillo-arrin-cual-1-300x36.jpg 300w, https:\/\/elmetropolitano.com.gt\/es\/wp-content\/uploads\/2021\/11\/cintillo-arrin-cual-1-600x72.jpg 600w\" sizes=\"(max-width: 750px) 100vw, 750px\" width=\"750\" height=\"90\"   \/><\/a><\/div><\/div>\n\n\n\n<p>-Espacios de coworking: instalaciones modernas y flexibles para trabajar, establecer contactos y colaborar con otros emprendedores.<\/p>\n\n\n\n<p>-Makerspaces y laboratorios: espacios especializados para el desarrollo de productos, incluyendo laboratorio de alimentos, laboratorio de prototipado, talleres de corte y confecci\u00f3n, y telares.<\/p>\n\n\n\n<p>-Capacitaci\u00f3n y mentor\u00eda: el centro ofrece una variedad de programas de capacitaci\u00f3n y mentor\u00eda, dise\u00f1ados para cada etapa del emprendimiento, desde la ideaci\u00f3n hasta la aceleraci\u00f3n.<\/p>\n\n\n\n<p>-Promoci\u00f3n de productos: con una variedad de oportunidades de promoci\u00f3n que incluye una plataforma de comercializaci\u00f3n (tienda virtual), tienda f\u00edsica y servicios B2B para ampliar las oportunidades de negocio y para que los emprendedores lleguen a m\u00e1s clientes potenciales.<\/p>\n\n\n\n<p>Los espacios se podr\u00e1n reservar con diferentes tarifasy tendr\u00e1n beneficios como:<\/p>\n\n\n\n<p>\u2022Internet de alta velocidad.<\/p>\n\n\n\n<p>\u2022Ambientes innovadores para trabajo individual y reuniones.<\/p>\n\n\n\n<p>\u2022Asesor\u00edas por expertos, seg\u00fan la etapa del emprendimiento y giro de negocio.<\/p>\n\n\n\n<p>\u2022Acceso a programas de ideaci\u00f3n, incubaci\u00f3n y aceleraci\u00f3n.<\/p>\n\n\n\n<p>\u2022Oportunidad de incluir la marca al directorio de emprendedores del centro para hacer crecer ventas.<\/p>\n\n\n\n<p>\u2022Equipo audiovisual con tecnolog\u00eda de punta.<\/p>\n\n\n\n<p>\u2022Insumos para promover la innovaci\u00f3n y creatividad.<\/p>\n\n\n\n<p>\u2022Bebidas a disposici\u00f3n como caf\u00e9 y agua pura.<\/p>\n\n\n\n<p>El centro tambi\u00e9n cuenta con un Comit\u00e9 de Advisors, conformado por expertos de diversos sectores, quienes aportar\u00e1n su conocimiento y experiencia para fortalecer su impacto. Adem\u00e1s, su funcionamiento est\u00e1 respaldado porm\u00e1s de 12 alianzas estrat\u00e9gicas con entidades e instituciones educativas y empresariales.<\/p>\n\n\n\n<p>El acto de inauguraci\u00f3n de esta innovadora iniciativa tuvo la participaci\u00f3n del ingeniero Luis Lara, Gerente General de Banco Industrial y Vicepresidente de Fundaci\u00f3n Bi;la licenciada Mar\u00eda Jos\u00e9 Paiz, Gerente General de Fundaci\u00f3n Bi; y el licenciado Hermann Gir\u00f3n, Gerente General de Seguros El Roble y Vocal II de Fundaci\u00f3n Bi, quienes destacaron el impacto positivo que tendr\u00e1 el centro en el ecosistema emprendedor del pa\u00eds.<\/p>\n\n\n\n<p>Durante su discurso, Mar\u00eda Jos\u00e9 Paiz destac\u00f3 la importancia de fortalecer el emprendimiento como un motor de desarrollo sostenible: \u201cEn Fundaci\u00f3n Bi, estamos convencidos de que el emprendimiento tiene el poder de transformar vidas y comunidades. Con el Centro de Innovaci\u00f3n y Emprendimiento Bi, buscamos brindar oportunidades reales a quienes tienen la visi\u00f3n, la pasi\u00f3n y la determinaci\u00f3n de construir un futuro pr\u00f3spero\u201d.<\/p>\n\n\n\n<p>As\u00ed mismo, hubo un foro que cont\u00f3 con los panelistas: Michel Caputi, Gerente de Alianzas Estrat\u00e9gicas en Banco Industrial; Josefina Sontay, directora del Centro Municipal de Emprendimiento de la Municipalidad de Guatemala; Evelyn Ju\u00e1rez, Subgerente de Emprendimiento en Banco Industrial, y Juan Jos\u00e9 Estrada, Fundador del emprendimiento gastron\u00f3mico El Shukero. Juntos, expusieron estrategias claves para el crecimiento empresarial en el espacio \u201cDe Emprendedor a Empresario, El Arte de Escalar Modelos de Negocios\u201d.<\/p>\n\n\n\n<p>El lanzamiento de esta iniciativa es parte del compromiso continuo de Fundaci\u00f3n Bi que impulsa el talento guatemalteco y el apoyo al esp\u00edritu emprendedor y empresarial para la construcci\u00f3n de un ecosistema emprendedor s\u00f3lido y sostenible.<\/p>\n\n\n\n<p>Para reforzar el compromiso, Fundaci\u00f3n Bi ha decidido otorgar un mes gratuito a las primeras 50 personas que se registren. M\u00e1s informaci\u00f3n del centro, as\u00ed como las reservaciones y otros datos relevantes para los emprendedores<\/p>\n\n\n\n<p><a href=\"https:\/\/www.facebook.com\/hashtag\/fundacionbi?__eep__=6&amp;__cft__[0]=AZV_vCn6Gd-UHyvywG9KY77fV71erkdgxwmHZrRBCfzjG-cXUj-1G1BRqvpd-HRz3_w4w8XleHFUzRMsZt15BzcFoL-wPENvdY0mc_1XfyIT27SgzRMLz7kDcpKDhdiszdJhSLDYV7VfybNNNmXDUys4qtvo4IEZCH74-BD4NEoKQbLtIXwpJzaPItqSaBIt18I&amp;__tn__=*NK-R\">#fundacionbi<\/a><a href=\"https:\/\/www.facebook.com\/hashtag\/bancopindustrial?__eep__=6&amp;__cft__[0]=AZV_vCn6Gd-UHyvywG9KY77fV71erkdgxwmHZrRBCfzjG-cXUj-1G1BRqvpd-HRz3_w4w8XleHFUzRMsZt15BzcFoL-wPENvdY0mc_1XfyIT27SgzRMLz7kDcpKDhdiszdJhSLDYV7VfybNNNmXDUys4qtvo4IEZCH74-BD4NEoKQbLtIXwpJzaPItqSaBIt18I&amp;__tn__=*NK-R\">#BancopIndustrial<\/a><a href=\"https:\/\/www.facebook.com\/hashtag\/metroredes?__eep__=6&amp;__cft__[0]=AZV_vCn6Gd-UHyvywG9KY77fV71erkdgxwmHZrRBCfzjG-cXUj-1G1BRqvpd-HRz3_w4w8XleHFUzRMsZt15BzcFoL-wPENvdY0mc_1XfyIT27SgzRMLz7kDcpKDhdiszdJhSLDYV7VfybNNNmXDUys4qtvo4IEZCH74-BD4NEoKQbLtIXwpJzaPItqSaBIt18I&amp;__tn__=*NK-R\">#metroredes<\/a><a href=\"https:\/\/www.facebook.com\/hashtag\/emprendedores?__eep__=6&amp;__cft__[0]=AZV_vCn6Gd-UHyvywG9KY77fV71erkdgxwmHZrRBCfzjG-cXUj-1G1BRqvpd-HRz3_w4w8XleHFUzRMsZt15BzcFoL-wPENvdY0mc_1XfyIT27SgzRMLz7kDcpKDhdiszdJhSLDYV7VfybNNNmXDUys4qtvo4IEZCH74-BD4NEoKQbLtIXwpJzaPItqSaBIt18I&amp;__tn__=*NK-R\">#emprendedores<\/a><\/p>\n\n\n\n<p><a href=\"http:\/\/www.elmetropolitanbo.com.gt\/?fbclid=IwZXh0bgNhZW0CMTAAAR0FvG41gC5IkYS0uCWDvlwuswdkNh60YsXrKPaPLLZHFDkbIzKmcztXeLU_aem_II7M1xq4blTVI8cLSlCoUw\" rel=\"noreferrer noopener\" target=\"_blank\">www.elmetropolitanbo.com.gt<\/a><\/p>\n\n\n\n<p><a href=\"https:\/\/l.facebook.com\/l.php?u=http%3A%2F%2Fwww.metroredes.com%2F%3Ffbclid%3DIwZXh0bgNhZW0CMTAAAR1E3F3Eu6e9EGWdcIo_7PrTqT4iOeWoi3qHWtA9Y0RobyGO0vMfsJ0bdqw_aem_OhhKnKEpI9oS6O_C-DVKvA&amp;h=AT1G5O8jrkRpD3rkeK5qmCRKXJo3uQHQmJCn24wGPZM_3OA8jPIoUCjnA1G3gBCH4kRd1FAPbji-4RseQu6hQvSZq_wpA3BLnO7VfgYzzDZvbUtkwhPP7xNUZszRdJdOvTRI&amp;__tn__=-UK-R&amp;c[0]=AT13wwZkEMhK_7vaG4TMv8wXpohvvmRrDmvm9fxqHukOJCjqi7pHr4VYAiIGU9WbmSapw51a8KMxf5gsoXBPp00W3ZWRHlbI_ARm9oNMdezYFAw93fb9crURPdSP5VlEWI55Gc6oodPxwlgEVCCvgiJKC2Zz4hff_RuQjB4upf23UR_OdEexSKE-nTKKZOrNKe-62zp4wS8FnRt3ksMB7nCpdqs\" rel=\"noreferrer noopener\" target=\"_blank\">www.metroredes.com<\/a><\/p>\n\n\n\n<figure class=\"wp-block-gallery has-nested-images columns-default is-cropped wp-block-gallery-1 is-layout-flex wp-block-gallery-is-layout-flex\">\n<figure class=\"wp-block-image size-large\"><img loading=\"lazy\" decoding=\"async\" width=\"1024\" height=\"683\" data-id=\"97965\" src=\"https:\/\/elmetropolitano.com.gt\/es\/wp-content\/uploads\/2025\/02\/480448815_1157090056417076_5630303301427584419_n-1024x683.jpg\" alt=\"\" class=\"wp-image-97965\" srcset=\"https:\/\/elmetropolitano.com.gt\/es\/wp-content\/uploads\/2025\/02\/480448815_1157090056417076_5630303301427584419_n-1024x683.jpg 1024w, https:\/\/elmetropolitano.com.gt\/es\/wp-content\/uploads\/2025\/02\/480448815_1157090056417076_5630303301427584419_n-300x200.jpg 300w, https:\/\/elmetropolitano.com.gt\/es\/wp-content\/uploads\/2025\/02\/480448815_1157090056417076_5630303301427584419_n-768x512.jpg 768w, https:\/\/elmetropolitano.com.gt\/es\/wp-content\/uploads\/2025\/02\/480448815_1157090056417076_5630303301427584419_n-1536x1024.jpg 1536w, https:\/\/elmetropolitano.com.gt\/es\/wp-content\/uploads\/2025\/02\/480448815_1157090056417076_5630303301427584419_n.jpg 2048w\" sizes=\"auto, (max-width: 1024px) 100vw, 1024px\" \/><\/figure>\n\n\n\n<figure class=\"wp-block-image size-large\"><img loading=\"lazy\" decoding=\"async\" width=\"1024\" height=\"683\" data-id=\"97966\" src=\"https:\/\/elmetropolitano.com.gt\/es\/wp-content\/uploads\/2025\/02\/481280029_1157090049750410_8640039583358516199_n-1-1024x683.jpg\" alt=\"\" class=\"wp-image-97966\" srcset=\"https:\/\/elmetropolitano.com.gt\/es\/wp-content\/uploads\/2025\/02\/481280029_1157090049750410_8640039583358516199_n-1-1024x683.jpg 1024w, https:\/\/elmetropolitano.com.gt\/es\/wp-content\/uploads\/2025\/02\/481280029_1157090049750410_8640039583358516199_n-1-300x200.jpg 300w, https:\/\/elmetropolitano.com.gt\/es\/wp-content\/uploads\/2025\/02\/481280029_1157090049750410_8640039583358516199_n-1-768x512.jpg 768w, https:\/\/elmetropolitano.com.gt\/es\/wp-content\/uploads\/2025\/02\/481280029_1157090049750410_8640039583358516199_n-1-1536x1024.jpg 1536w, https:\/\/elmetropolitano.com.gt\/es\/wp-content\/uploads\/2025\/02\/481280029_1157090049750410_8640039583358516199_n-1.jpg 2048w\" sizes=\"auto, (max-width: 1024px) 100vw, 1024px\" \/><\/figure>\n<\/figure>\n","protected":false},"excerpt":{"rendered":"<p>Con el firme compromiso de potenciar el desarrollo econ\u00f3mico y social de Guatemala, Fundaci\u00f3n Bi inaugur\u00f3 el Centro de Innovaci\u00f3n y Emprendimiento Bi, un espacio dedicado a brindar a los emprendedores guatemaltecos las herramientas, el conocimiento y la infraestructura necesaria para escalar sus negocios. Este centro est\u00e1 ubicado en el s\u00e9ptimo nivel del edificio Quo <a class=\"read-more\" href=\"https:\/\/elmetropolitano.com.gt\/es\/fundacion-bi-inaugura-su-centro-de-innovacion-y-emprendimiento\/\">Leer m\u00e1s<\/a><\/p>\n","protected":false},"author":1,"featured_media":97964,"comment_status":"open","ping_status":"closed","sticky":false,"template":"","format":"standard","meta":{"footnotes":""},"categories":[31],"tags":[32],"class_list":["post-97963","post","type-post","status-publish","format-standard","has-post-thumbnail","hentry","category-metroimpulso","tag-metroimpulso"],"_links":{"self":[{"href":"https:\/\/elmetropolitano.com.gt\/es\/wp-json\/wp\/v2\/posts\/97963","targetHints":{"allow":["GET"]}}],"collection":[{"href":"https:\/\/elmetropolitano.com.gt\/es\/wp-json\/wp\/v2\/posts"}],"about":[{"href":"https:\/\/elmetropolitano.com.gt\/es\/wp-json\/wp\/v2\/types\/post"}],"author":[{"embeddable":true,"href":"https:\/\/elmetropolitano.com.gt\/es\/wp-json\/wp\/v2\/users\/1"}],"replies":[{"embeddable":true,"href":"https:\/\/elmetropolitano.com.gt\/es\/wp-json\/wp\/v2\/comments?post=97963"}],"version-history":[{"count":1,"href":"https:\/\/elmetropolitano.com.gt\/es\/wp-json\/wp\/v2\/posts\/97963\/revisions"}],"predecessor-version":[{"id":97967,"href":"https:\/\/elmetropolitano.com.gt\/es\/wp-json\/wp\/v2\/posts\/97963\/revisions\/97967"}],"wp:featuredmedia":[{"embeddable":true,"href":"https:\/\/elmetropolitano.com.gt\/es\/wp-json\/wp\/v2\/media\/97964"}],"wp:attachment":[{"href":"https:\/\/elmetropolitano.com.gt\/es\/wp-json\/wp\/v2\/media?parent=97963"}],"wp:term":[{"taxonomy":"category","embeddable":true,"href":"https:\/\/elmetropolitano.com.gt\/es\/wp-json\/wp\/v2\/categories?post=97963"},{"taxonomy":"post_tag","embeddable":true,"href":"https:\/\/elmetropolitano.com.gt\/es\/wp-json\/wp\/v2\/tags?post=97963"}],"curies":[{"name":"wp","href":"https:\/\/api.w.org\/{rel}","templated":true}]}}