{"id":97984,"date":"2025-03-01T10:16:08","date_gmt":"2025-03-01T16:16:08","guid":{"rendered":"https:\/\/elmetropolitano.com.gt\/es\/?p=97984"},"modified":"2025-03-01T10:16:08","modified_gmt":"2025-03-01T16:16:08","slug":"refuerzan-estrategia-para-la-prevencion-de-incendios-forestales-en-peten","status":"publish","type":"post","link":"https:\/\/elmetropolitano.com.gt\/es\/refuerzan-estrategia-para-la-prevencion-de-incendios-forestales-en-peten\/","title":{"rendered":"Refuerzan estrategia para la prevenci\u00f3n de incendios forestales en Pet\u00e9n"},"content":{"rendered":"\n<p>Con el objetivo de fortalecer las estrategias de control y prevenci\u00f3n de incendios forestales en el departamento de Pet\u00e9n, se llev\u00f3 a cabo una importante reuni\u00f3n de trabajo en el sal\u00f3n de reuniones del Ministerio de Agricultura, Ganader\u00eda y Alimentaci\u00f3n (MAGA).<\/p>\n\n\n\n<p>Este encuentro reuni\u00f3 a diversas autoridades gubernamentales y representantes de instituciones especializadas en la protecci\u00f3n del medio ambiente y la gesti\u00f3n del riesgo de desastres.<\/p><div class=\"elmet-contenido\" id=\"elmet-3301591877\"><div class=\"elmet-adlabel\">Anuncios<\/div><div style=\"margin-top: 20px;margin-right: 20px;margin-bottom: 20px;margin-left: 20px;\" id=\"elmet-1027133264\"><a href=\"https:\/\/www.facebook.com\/arrincuanantigua\/\" aria-label=\"cintillo-arrin-cual\"><img loading=\"lazy\" decoding=\"async\" src=\"https:\/\/elmetropolitano.com.gt\/es\/wp-content\/uploads\/2021\/11\/cintillo-arrin-cual-1.jpg\" alt=\"\"  srcset=\"https:\/\/elmetropolitano.com.gt\/es\/wp-content\/uploads\/2021\/11\/cintillo-arrin-cual-1.jpg 750w, https:\/\/elmetropolitano.com.gt\/es\/wp-content\/uploads\/2021\/11\/cintillo-arrin-cual-1-300x36.jpg 300w, https:\/\/elmetropolitano.com.gt\/es\/wp-content\/uploads\/2021\/11\/cintillo-arrin-cual-1-600x72.jpg 600w\" sizes=\"(max-width: 750px) 100vw, 750px\" width=\"750\" height=\"90\"   \/><\/a><\/div><\/div>\n\n\n\n<p>El evento cont\u00f3 con la participaci\u00f3n de Mauricio Acevedo, gobernador departamental, el se\u00f1or C\u00e9sar Fi\u00f3n, diputado, el Viceministro Encargado de Asuntos de Pet\u00e9n, Elmer Salazar, as\u00ed como delegados de entidades clave como la Secretaria Ejecutiva de Coordinadora Nacional para la Reducci\u00f3n de Desastres (Se-Conred).<\/p>\n\n\n\n<p>Ademas, del Consejo Nacional de \u00c1reas Protegidas (Conap), el Ministerio de Ambiente y Recursos Naturales (MARN), cuerpos de socorro y representantes de organizaciones ambientales. La presencia de estas instituciones reflej\u00f3 el compromiso interinstitucional para abordar la problem\u00e1tica de los incendios forestales con un enfoque integral y coordinado.<\/p>\n\n\n\n<p>Estrategia de prevenci\u00f3n<\/p>\n\n\n\n<p>Durante la sesi\u00f3n, el se\u00f1or Mauricio Acevedo, gobernador&nbsp; de Pet\u00e9n,&nbsp; junto con el enlace de la gobernaci\u00f3n, Rony Valiente, presentaron la estrategia de prevenci\u00f3n y la estructura operativa que se implementar\u00e1 para mitigar el impacto de los incendios forestales en la regi\u00f3n.<\/p>\n\n\n\n<p>Entre los puntos m\u00e1s destacados, se resalt\u00f3 la acreditaci\u00f3n de la primera Coordinadora Departamental para la Reducci\u00f3n de Desastres (Codred) a nivel nacional, la cual estar\u00e1 liderada por el Gobernador y tendr\u00e1 la funci\u00f3n de articular esfuerzos entre distintas entidades para garantizar una respuesta r\u00e1pida y efectiva ante posibles emergencias.<\/p>\n\n\n\n<p>Asimismo, se abord\u00f3 la importancia de la Ley 109-96, que regula la protecci\u00f3n del medio ambiente y los recursos naturales, y su aplicaci\u00f3n para fortalecer las acciones preventivas en la regi\u00f3n. Se discuti\u00f3 la necesidad de promover el cumplimiento de esta normativa para evitar la degradaci\u00f3n de los bosques y reducir el n\u00famero de incendios provocados por actividades humanas.<\/p>\n\n\n\n<p>Factores meteorol\u00f3gicos<\/p>\n\n\n\n<p>Uno de los temas de mayor relevancia fue la previsi\u00f3n clim\u00e1tica en el departamento de Pet\u00e9n, expuesta por el se\u00f1or Sergio Balam, Director Regional de Conap. En su intervenci\u00f3n, explic\u00f3 los factores meteorol\u00f3gicos que podr\u00edan incidir en la propagaci\u00f3n de incendios forestales, haciendo \u00e9nfasis en los efectos del fen\u00f3meno de El Ni\u00f1o y la reducci\u00f3n de precipitaciones, lo que incrementa la sequedad del suelo y la acumulaci\u00f3n de material inflamable en zonas boscosas.<\/p>\n\n\n\n<p>Al finalizar la reuni\u00f3n, se expusieron los insumos y planes de respuesta con los que cuentan las distintas instituciones para la mitigaci\u00f3n y control de incendios. Se estableci\u00f3 el compromiso de mantener reuniones peri\u00f3dicas para evaluar la evoluci\u00f3n de la temporada de incendios y realizar los ajustes necesarios en las estrategias de prevenci\u00f3n y respuesta.<\/p>\n\n\n\n<p>Con estas acciones, se busca no solo reducir los riesgos asociados a los incendios forestales, sino tambi\u00e9n proteger la biodiversidad de Pet\u00e9n, salvaguardar la seguridad de las comunidades y garantizar el desarrollo sostenible de la regi\u00f3n.<\/p>\n\n\n\n<p>Texto: Erick Vel\u00e1squez<\/p>\n\n\n\n<p>#incendios #metroredes<\/p>\n\n\n\n<figure class=\"wp-block-gallery has-nested-images columns-default is-cropped wp-block-gallery-1 is-layout-flex wp-block-gallery-is-layout-flex\">\n<figure class=\"wp-block-image size-large\"><img loading=\"lazy\" decoding=\"async\" width=\"1024\" height=\"678\" data-id=\"97988\" src=\"https:\/\/elmetropolitano.com.gt\/es\/wp-content\/uploads\/2025\/03\/prevencion-de-incendios-1024x678.jpg\" alt=\"\" class=\"wp-image-97988\" srcset=\"https:\/\/elmetropolitano.com.gt\/es\/wp-content\/uploads\/2025\/03\/prevencion-de-incendios-1024x678.jpg 1024w, https:\/\/elmetropolitano.com.gt\/es\/wp-content\/uploads\/2025\/03\/prevencion-de-incendios-300x199.jpg 300w, https:\/\/elmetropolitano.com.gt\/es\/wp-content\/uploads\/2025\/03\/prevencion-de-incendios-768x509.jpg 768w, https:\/\/elmetropolitano.com.gt\/es\/wp-content\/uploads\/2025\/03\/prevencion-de-incendios.jpg 1220w\" sizes=\"auto, (max-width: 1024px) 100vw, 1024px\" \/><\/figure>\n\n\n\n<figure class=\"wp-block-image size-large\"><img loading=\"lazy\" decoding=\"async\" width=\"1024\" height=\"680\" data-id=\"97991\" src=\"https:\/\/elmetropolitano.com.gt\/es\/wp-content\/uploads\/2025\/03\/prevencion-de-incendios-2-1024x680.jpg\" alt=\"\" class=\"wp-image-97991\" srcset=\"https:\/\/elmetropolitano.com.gt\/es\/wp-content\/uploads\/2025\/03\/prevencion-de-incendios-2-1024x680.jpg 1024w, https:\/\/elmetropolitano.com.gt\/es\/wp-content\/uploads\/2025\/03\/prevencion-de-incendios-2-300x199.jpg 300w, https:\/\/elmetropolitano.com.gt\/es\/wp-content\/uploads\/2025\/03\/prevencion-de-incendios-2-768x510.jpg 768w, https:\/\/elmetropolitano.com.gt\/es\/wp-content\/uploads\/2025\/03\/prevencion-de-incendios-2.jpg 1215w\" sizes=\"auto, (max-width: 1024px) 100vw, 1024px\" \/><\/figure>\n\n\n\n<figure class=\"wp-block-image size-large\"><img loading=\"lazy\" decoding=\"async\" width=\"1024\" height=\"676\" data-id=\"97987\" src=\"https:\/\/elmetropolitano.com.gt\/es\/wp-content\/uploads\/2025\/03\/prevencion-de-incendios-3-1024x676.jpg\" alt=\"\" class=\"wp-image-97987\" srcset=\"https:\/\/elmetropolitano.com.gt\/es\/wp-content\/uploads\/2025\/03\/prevencion-de-incendios-3-1024x676.jpg 1024w, https:\/\/elmetropolitano.com.gt\/es\/wp-content\/uploads\/2025\/03\/prevencion-de-incendios-3-300x198.jpg 300w, https:\/\/elmetropolitano.com.gt\/es\/wp-content\/uploads\/2025\/03\/prevencion-de-incendios-3-768x507.jpg 768w, https:\/\/elmetropolitano.com.gt\/es\/wp-content\/uploads\/2025\/03\/prevencion-de-incendios-3.jpg 1132w\" sizes=\"auto, (max-width: 1024px) 100vw, 1024px\" \/><\/figure>\n\n\n\n<figure class=\"wp-block-image size-large\"><img loading=\"lazy\" decoding=\"async\" width=\"1024\" height=\"675\" data-id=\"97989\" src=\"https:\/\/elmetropolitano.com.gt\/es\/wp-content\/uploads\/2025\/03\/prevencion-de-incendios-4-1024x675.jpg\" alt=\"\" class=\"wp-image-97989\" srcset=\"https:\/\/elmetropolitano.com.gt\/es\/wp-content\/uploads\/2025\/03\/prevencion-de-incendios-4-1024x675.jpg 1024w, https:\/\/elmetropolitano.com.gt\/es\/wp-content\/uploads\/2025\/03\/prevencion-de-incendios-4-300x198.jpg 300w, https:\/\/elmetropolitano.com.gt\/es\/wp-content\/uploads\/2025\/03\/prevencion-de-incendios-4-768x506.jpg 768w, https:\/\/elmetropolitano.com.gt\/es\/wp-content\/uploads\/2025\/03\/prevencion-de-incendios-4.jpg 1134w\" sizes=\"auto, (max-width: 1024px) 100vw, 1024px\" \/><\/figure>\n\n\n\n<figure class=\"wp-block-image size-large\"><img loading=\"lazy\" decoding=\"async\" width=\"1024\" height=\"670\" data-id=\"97986\" src=\"https:\/\/elmetropolitano.com.gt\/es\/wp-content\/uploads\/2025\/03\/prevencion-de-incendios-5-1024x670.jpg\" alt=\"\" class=\"wp-image-97986\" srcset=\"https:\/\/elmetropolitano.com.gt\/es\/wp-content\/uploads\/2025\/03\/prevencion-de-incendios-5-1024x670.jpg 1024w, https:\/\/elmetropolitano.com.gt\/es\/wp-content\/uploads\/2025\/03\/prevencion-de-incendios-5-300x196.jpg 300w, https:\/\/elmetropolitano.com.gt\/es\/wp-content\/uploads\/2025\/03\/prevencion-de-incendios-5-768x503.jpg 768w, https:\/\/elmetropolitano.com.gt\/es\/wp-content\/uploads\/2025\/03\/prevencion-de-incendios-5.jpg 1138w\" sizes=\"auto, (max-width: 1024px) 100vw, 1024px\" \/><\/figure>\n\n\n\n<figure class=\"wp-block-image size-large\"><img loading=\"lazy\" decoding=\"async\" width=\"1024\" height=\"672\" data-id=\"97990\" src=\"https:\/\/elmetropolitano.com.gt\/es\/wp-content\/uploads\/2025\/03\/prevencion-de-incendios-6-1024x672.jpg\" alt=\"\" class=\"wp-image-97990\" srcset=\"https:\/\/elmetropolitano.com.gt\/es\/wp-content\/uploads\/2025\/03\/prevencion-de-incendios-6-1024x672.jpg 1024w, https:\/\/elmetropolitano.com.gt\/es\/wp-content\/uploads\/2025\/03\/prevencion-de-incendios-6-300x197.jpg 300w, https:\/\/elmetropolitano.com.gt\/es\/wp-content\/uploads\/2025\/03\/prevencion-de-incendios-6-768x504.jpg 768w, https:\/\/elmetropolitano.com.gt\/es\/wp-content\/uploads\/2025\/03\/prevencion-de-incendios-6.jpg 1142w\" sizes=\"auto, (max-width: 1024px) 100vw, 1024px\" \/><\/figure>\n\n\n\n<figure class=\"wp-block-image size-large\"><img loading=\"lazy\" decoding=\"async\" width=\"1024\" height=\"513\" data-id=\"97992\" src=\"https:\/\/elmetropolitano.com.gt\/es\/wp-content\/uploads\/2025\/03\/prevencion-de-incendios-7-1137x570-2-1024x513.jpg\" alt=\"\" class=\"wp-image-97992\" srcset=\"https:\/\/elmetropolitano.com.gt\/es\/wp-content\/uploads\/2025\/03\/prevencion-de-incendios-7-1137x570-2-1024x513.jpg 1024w, https:\/\/elmetropolitano.com.gt\/es\/wp-content\/uploads\/2025\/03\/prevencion-de-incendios-7-1137x570-2-300x150.jpg 300w, https:\/\/elmetropolitano.com.gt\/es\/wp-content\/uploads\/2025\/03\/prevencion-de-incendios-7-1137x570-2-768x385.jpg 768w, https:\/\/elmetropolitano.com.gt\/es\/wp-content\/uploads\/2025\/03\/prevencion-de-incendios-7-1137x570-2.jpg 1137w\" sizes=\"auto, (max-width: 1024px) 100vw, 1024px\" \/><\/figure>\n<\/figure>\n","protected":false},"excerpt":{"rendered":"<p>Con el objetivo de fortalecer las estrategias de control y prevenci\u00f3n de incendios forestales en el departamento de Pet\u00e9n, se llev\u00f3 a cabo una importante reuni\u00f3n de trabajo en el sal\u00f3n de reuniones del Ministerio de Agricultura, Ganader\u00eda y Alimentaci\u00f3n (MAGA). Este encuentro reuni\u00f3 a diversas autoridades gubernamentales y representantes de instituciones especializadas en la <a class=\"read-more\" href=\"https:\/\/elmetropolitano.com.gt\/es\/refuerzan-estrategia-para-la-prevencion-de-incendios-forestales-en-peten\/\">Leer m\u00e1s<\/a><\/p>\n","protected":false},"author":1,"featured_media":97985,"comment_status":"open","ping_status":"closed","sticky":false,"template":"","format":"standard","meta":{"footnotes":""},"categories":[4],"tags":[13],"class_list":["post-97984","post","type-post","status-publish","format-standard","has-post-thumbnail","hentry","category-departamentales","tag-departamentales"],"_links":{"self":[{"href":"https:\/\/elmetropolitano.com.gt\/es\/wp-json\/wp\/v2\/posts\/97984","targetHints":{"allow":["GET"]}}],"collection":[{"href":"https:\/\/elmetropolitano.com.gt\/es\/wp-json\/wp\/v2\/posts"}],"about":[{"href":"https:\/\/elmetropolitano.com.gt\/es\/wp-json\/wp\/v2\/types\/post"}],"author":[{"embeddable":true,"href":"https:\/\/elmetropolitano.com.gt\/es\/wp-json\/wp\/v2\/users\/1"}],"replies":[{"embeddable":true,"href":"https:\/\/elmetropolitano.com.gt\/es\/wp-json\/wp\/v2\/comments?post=97984"}],"version-history":[{"count":1,"href":"https:\/\/elmetropolitano.com.gt\/es\/wp-json\/wp\/v2\/posts\/97984\/revisions"}],"predecessor-version":[{"id":97993,"href":"https:\/\/elmetropolitano.com.gt\/es\/wp-json\/wp\/v2\/posts\/97984\/revisions\/97993"}],"wp:featuredmedia":[{"embeddable":true,"href":"https:\/\/elmetropolitano.com.gt\/es\/wp-json\/wp\/v2\/media\/97985"}],"wp:attachment":[{"href":"https:\/\/elmetropolitano.com.gt\/es\/wp-json\/wp\/v2\/media?parent=97984"}],"wp:term":[{"taxonomy":"category","embeddable":true,"href":"https:\/\/elmetropolitano.com.gt\/es\/wp-json\/wp\/v2\/categories?post=97984"},{"taxonomy":"post_tag","embeddable":true,"href":"https:\/\/elmetropolitano.com.gt\/es\/wp-json\/wp\/v2\/tags?post=97984"}],"curies":[{"name":"wp","href":"https:\/\/api.w.org\/{rel}","templated":true}]}}