{"id":98071,"date":"2025-03-02T12:19:09","date_gmt":"2025-03-02T18:19:09","guid":{"rendered":"https:\/\/elmetropolitano.com.gt\/es\/?p=98071"},"modified":"2025-03-02T12:19:09","modified_gmt":"2025-03-02T18:19:09","slug":"asesinan-a-daniel-orozco-futbolista-de-ayutla","status":"publish","type":"post","link":"https:\/\/elmetropolitano.com.gt\/es\/asesinan-a-daniel-orozco-futbolista-de-ayutla\/","title":{"rendered":"Asesinan a Daniel Orozco, futbolista de Ayutla"},"content":{"rendered":"\n<p>Daniel Orozco B\u00e1maca fue asesinado por sicarios la madrugada del s\u00e1bado en Ayutla San Marcos.<\/p>\n\n\n\n<p>El ataque armado ocurri\u00f3 en un camino de terracer\u00eda de la ruta hacia aldea La Verde, Ayutla, San Marcos, donde su cuerpo qued\u00f3 tendido y otra persona result\u00f3 herida y fue trasladada a un centro asistencial.<\/p><div class=\"elmet-contenido\" id=\"elmet-431948495\"><div class=\"elmet-adlabel\">Anuncios<\/div><div style=\"margin-top: 20px;margin-right: 20px;margin-bottom: 20px;margin-left: 20px;\" id=\"elmet-597339109\"><a href=\"https:\/\/www.facebook.com\/arrincuanantigua\/\" aria-label=\"cintillo-arrin-cual\"><img loading=\"lazy\" decoding=\"async\" src=\"https:\/\/elmetropolitano.com.gt\/es\/wp-content\/uploads\/2021\/11\/cintillo-arrin-cual-1.jpg\" alt=\"\"  srcset=\"https:\/\/elmetropolitano.com.gt\/es\/wp-content\/uploads\/2021\/11\/cintillo-arrin-cual-1.jpg 750w, https:\/\/elmetropolitano.com.gt\/es\/wp-content\/uploads\/2021\/11\/cintillo-arrin-cual-1-300x36.jpg 300w, https:\/\/elmetropolitano.com.gt\/es\/wp-content\/uploads\/2021\/11\/cintillo-arrin-cual-1-600x72.jpg 600w\" sizes=\"(max-width: 750px) 100vw, 750px\" width=\"750\" height=\"90\"   \/><\/a><\/div><\/div>\n\n\n\n<p>Despiden a futbolista<\/p>\n\n\n\n<p>Tras conocerse la noticia el club Deportivo San Pablo comparti\u00f3 una esquela y un mensaje en sus redes sociales para despedir al jugador que form\u00f3 parte de dicho equipo por varios a\u00f1os.<\/p>\n\n\n\n<p>\u00abClub de f\u00fatbol CSD San Pablo lamenta profundamente el fallecimiento de nuestro ex jugador Jos\u00e9 Daniel Orozco B\u00e1maca, brindamos nuestras m\u00e1s sinceras condolencias a la familia y amigos, especialmente a su madre Julissa B\u00e1maca dese\u00e1ndole cristiana resignaci\u00f3n. Descansa en paz Dany Bamaca #16\u00bb, escribieron.<\/p>\n\n\n\n<p><a href=\"https:\/\/www.facebook.com\/hashtag\/futboll?__eep__=6&amp;__cft__[0]=AZVVBWiQMSN05JDkn2Ml1ZTGnchavCM57UloCUxvQgpFP4JFrMIbsC9i1IgsVjozdvTpGD4xs9sWeqOmW8zT2-bx9pWMIncTpjtX2ww_F_J2Ccg1KNDRGQHiORSeRmdPVKvfiVy7kLQwlWiYkKG7ViEVHryHFwbdymLdp_JTclShAb-d55geNJktCQ3lu8W9kqLQr8TV5xeZ8K0kAv3OHOw1iCdsPE8IFDiNHm3LTAQlpQ&amp;__tn__=*NK-y-R\">#futboll<\/a><a href=\"https:\/\/www.facebook.com\/hashtag\/violencia?__eep__=6&amp;__cft__[0]=AZVVBWiQMSN05JDkn2Ml1ZTGnchavCM57UloCUxvQgpFP4JFrMIbsC9i1IgsVjozdvTpGD4xs9sWeqOmW8zT2-bx9pWMIncTpjtX2ww_F_J2Ccg1KNDRGQHiORSeRmdPVKvfiVy7kLQwlWiYkKG7ViEVHryHFwbdymLdp_JTclShAb-d55geNJktCQ3lu8W9kqLQr8TV5xeZ8K0kAv3OHOw1iCdsPE8IFDiNHm3LTAQlpQ&amp;__tn__=*NK-y-R\">#Violencia<\/a><\/p>\n\n\n\n<figure class=\"wp-block-gallery has-nested-images columns-default is-cropped wp-block-gallery-1 is-layout-flex wp-block-gallery-is-layout-flex\">\n<figure class=\"wp-block-image size-large\"><img loading=\"lazy\" decoding=\"async\" width=\"500\" height=\"483\" data-id=\"98075\" src=\"https:\/\/elmetropolitano.com.gt\/es\/wp-content\/uploads\/2025\/03\/476674531_122150157008498726_4059773915507178613_n-1.jpg\" alt=\"\" class=\"wp-image-98075\" srcset=\"https:\/\/elmetropolitano.com.gt\/es\/wp-content\/uploads\/2025\/03\/476674531_122150157008498726_4059773915507178613_n-1.jpg 500w, https:\/\/elmetropolitano.com.gt\/es\/wp-content\/uploads\/2025\/03\/476674531_122150157008498726_4059773915507178613_n-1-300x290.jpg 300w\" sizes=\"auto, (max-width: 500px) 100vw, 500px\" \/><\/figure>\n\n\n\n<figure class=\"wp-block-image size-large\"><img loading=\"lazy\" decoding=\"async\" width=\"500\" height=\"333\" data-id=\"98074\" src=\"https:\/\/elmetropolitano.com.gt\/es\/wp-content\/uploads\/2025\/03\/481082125_122150157080498726_4942106457521774843_n.jpg\" alt=\"\" class=\"wp-image-98074\" srcset=\"https:\/\/elmetropolitano.com.gt\/es\/wp-content\/uploads\/2025\/03\/481082125_122150157080498726_4942106457521774843_n.jpg 500w, https:\/\/elmetropolitano.com.gt\/es\/wp-content\/uploads\/2025\/03\/481082125_122150157080498726_4942106457521774843_n-300x200.jpg 300w\" sizes=\"auto, (max-width: 500px) 100vw, 500px\" \/><\/figure>\n\n\n\n<figure class=\"wp-block-image size-large\"><img loading=\"lazy\" decoding=\"async\" width=\"500\" height=\"341\" data-id=\"98073\" src=\"https:\/\/elmetropolitano.com.gt\/es\/wp-content\/uploads\/2025\/03\/481473262_122150157014498726_1240670224516499769_n.jpg\" alt=\"\" class=\"wp-image-98073\" srcset=\"https:\/\/elmetropolitano.com.gt\/es\/wp-content\/uploads\/2025\/03\/481473262_122150157014498726_1240670224516499769_n.jpg 500w, https:\/\/elmetropolitano.com.gt\/es\/wp-content\/uploads\/2025\/03\/481473262_122150157014498726_1240670224516499769_n-300x205.jpg 300w\" sizes=\"auto, (max-width: 500px) 100vw, 500px\" \/><\/figure>\n<\/figure>\n","protected":false},"excerpt":{"rendered":"<p>Daniel Orozco B\u00e1maca fue asesinado por sicarios la madrugada del s\u00e1bado en Ayutla San Marcos. El ataque armado ocurri\u00f3 en un camino de terracer\u00eda de la ruta hacia aldea La Verde, Ayutla, San Marcos, donde su cuerpo qued\u00f3 tendido y otra persona result\u00f3 herida y fue trasladada a un centro asistencial. Despiden a futbolista Tras <a class=\"read-more\" href=\"https:\/\/elmetropolitano.com.gt\/es\/asesinan-a-daniel-orozco-futbolista-de-ayutla\/\">Leer m\u00e1s<\/a><\/p>\n","protected":false},"author":1,"featured_media":98072,"comment_status":"open","ping_status":"closed","sticky":false,"template":"","format":"standard","meta":{"footnotes":""},"categories":[4],"tags":[13],"class_list":["post-98071","post","type-post","status-publish","format-standard","has-post-thumbnail","hentry","category-departamentales","tag-departamentales"],"_links":{"self":[{"href":"https:\/\/elmetropolitano.com.gt\/es\/wp-json\/wp\/v2\/posts\/98071","targetHints":{"allow":["GET"]}}],"collection":[{"href":"https:\/\/elmetropolitano.com.gt\/es\/wp-json\/wp\/v2\/posts"}],"about":[{"href":"https:\/\/elmetropolitano.com.gt\/es\/wp-json\/wp\/v2\/types\/post"}],"author":[{"embeddable":true,"href":"https:\/\/elmetropolitano.com.gt\/es\/wp-json\/wp\/v2\/users\/1"}],"replies":[{"embeddable":true,"href":"https:\/\/elmetropolitano.com.gt\/es\/wp-json\/wp\/v2\/comments?post=98071"}],"version-history":[{"count":1,"href":"https:\/\/elmetropolitano.com.gt\/es\/wp-json\/wp\/v2\/posts\/98071\/revisions"}],"predecessor-version":[{"id":98076,"href":"https:\/\/elmetropolitano.com.gt\/es\/wp-json\/wp\/v2\/posts\/98071\/revisions\/98076"}],"wp:featuredmedia":[{"embeddable":true,"href":"https:\/\/elmetropolitano.com.gt\/es\/wp-json\/wp\/v2\/media\/98072"}],"wp:attachment":[{"href":"https:\/\/elmetropolitano.com.gt\/es\/wp-json\/wp\/v2\/media?parent=98071"}],"wp:term":[{"taxonomy":"category","embeddable":true,"href":"https:\/\/elmetropolitano.com.gt\/es\/wp-json\/wp\/v2\/categories?post=98071"},{"taxonomy":"post_tag","embeddable":true,"href":"https:\/\/elmetropolitano.com.gt\/es\/wp-json\/wp\/v2\/tags?post=98071"}],"curies":[{"name":"wp","href":"https:\/\/api.w.org\/{rel}","templated":true}]}}