{"id":98091,"date":"2025-03-02T16:39:30","date_gmt":"2025-03-02T22:39:30","guid":{"rendered":"https:\/\/elmetropolitano.com.gt\/es\/?p=98091"},"modified":"2025-03-02T16:39:31","modified_gmt":"2025-03-02T22:39:31","slug":"cae-banda-de-roba-telefonos-en-concierto-de-carnaval-mazateco-2025","status":"publish","type":"post","link":"https:\/\/elmetropolitano.com.gt\/es\/cae-banda-de-roba-telefonos-en-concierto-de-carnaval-mazateco-2025\/","title":{"rendered":"Cae banda de roba tel\u00e9fonos en concierto de Carnaval Mazateco 2025"},"content":{"rendered":"\n<p>Agentes se la Polic\u00eda Nacional Cicil PNC de la comisar\u00eda de 33 la capturaron al nicarag\u00fcense Steven Gabriel Guerrero, de 35 a\u00f1os, y a los guatemaltecos Juan Hern\u00e1ndez Teletor, de 33 a\u00f1os, y Smerlhing Sarah\u00ed Gramajo Gonz\u00e1lez, de 33 a\u00f1os, presuntos responsables del robo y hurto de tel\u00e9fonos celulares a personas que disfrutaban de un concierto musical por la celebraci\u00f3n del \u201cCarnaval Mazateco 2025\u201d en el Estadio <a><\/a>Carlos Salazar hijo, de Mazatenango.<\/p>\n\n\n\n<p>Estos individuos aprovechaban que las personas se distra\u00edan observando el concierto para sustraer los tel\u00e9fonos celulares, pero una de las v\u00edctimas se percat\u00f3 y denuncia ante la PNC que inmediatamente act\u00faa.<\/p><div class=\"elmet-contenido\" id=\"elmet-1458078612\"><div class=\"elmet-adlabel\">Anuncios<\/div><div style=\"margin-top: 20px;margin-right: 20px;margin-bottom: 20px;margin-left: 20px;\" id=\"elmet-2438883845\"><a href=\"https:\/\/www.facebook.com\/arrincuanantigua\/\" aria-label=\"cintillo-arrin-cual\"><img loading=\"lazy\" decoding=\"async\" src=\"https:\/\/elmetropolitano.com.gt\/es\/wp-content\/uploads\/2021\/11\/cintillo-arrin-cual-1.jpg\" alt=\"\"  srcset=\"https:\/\/elmetropolitano.com.gt\/es\/wp-content\/uploads\/2021\/11\/cintillo-arrin-cual-1.jpg 750w, https:\/\/elmetropolitano.com.gt\/es\/wp-content\/uploads\/2021\/11\/cintillo-arrin-cual-1-300x36.jpg 300w, https:\/\/elmetropolitano.com.gt\/es\/wp-content\/uploads\/2021\/11\/cintillo-arrin-cual-1-600x72.jpg 600w\" sizes=\"(max-width: 750px) 100vw, 750px\" width=\"750\" height=\"90\"   \/><\/a><\/div><\/div>\n\n\n\n<p>Los polic\u00edas al recibir la denuncia inician una b\u00fasqueda, logrando ubicar a estos individuos cuando pretend\u00edan darse a la fuga a bordo del autom\u00f3vil P869JQZ, color azul policromado, marca Toyota, modelo 2008, interceptados y capturados en el km. 158 ruta CA2, jurisdicci\u00f3n de Mazatenango, Suchitep\u00e9quez.<\/p>\n\n\n\n<p>En el interior del veh\u00edculo, en una mariconera llevaban 15 tel\u00e9fonos celulares hurtados a diferentes personas en el concierto; al lugar se present\u00f3 una de las v\u00edctimas que los reconoci\u00f3 plenamente como los responsarles del hecho y el tel\u00e9fono de su propiedad.<\/p>\n\n\n\n<p><a href=\"https:\/\/www.facebook.com\/hashtag\/pncdeguatemala?__eep__=6&amp;__cft__[0]=AZVlaaWOUPFVb5Z8B18qvNIjjC80OMZeF5s9DXWcGEWO49RJurQjaGZOTQ2prHgKykv00iqNdfxyBYEZVz3N8Bq-39UsdIBrDj8V-piUri2hWxZ45TgtgfiIcEU8S5Kwgw_GleWPLTqQqoXYkUmEoXPDQdgXDRmzkS8fCGgEgaKUd0ymIWTmH3CKADH7oAMbo1o&amp;__tn__=*NK-R\">#PNCdeGuatemala<\/a><\/p>\n\n\n\n<p><a href=\"https:\/\/www.facebook.com\/hashtag\/ministeriodegobernaci%C3%B3n?__eep__=6&amp;__cft__[0]=AZVlaaWOUPFVb5Z8B18qvNIjjC80OMZeF5s9DXWcGEWO49RJurQjaGZOTQ2prHgKykv00iqNdfxyBYEZVz3N8Bq-39UsdIBrDj8V-piUri2hWxZ45TgtgfiIcEU8S5Kwgw_GleWPLTqQqoXYkUmEoXPDQdgXDRmzkS8fCGgEgaKUd0ymIWTmH3CKADH7oAMbo1o&amp;__tn__=*NK-R\">#MinisterioDeGobernaci\u00f3n<\/a><\/p>\n\n\n\n<p><a href=\"https:\/\/www.facebook.com\/hashtag\/laseguridadeshoy?__eep__=6&amp;__cft__[0]=AZVlaaWOUPFVb5Z8B18qvNIjjC80OMZeF5s9DXWcGEWO49RJurQjaGZOTQ2prHgKykv00iqNdfxyBYEZVz3N8Bq-39UsdIBrDj8V-piUri2hWxZ45TgtgfiIcEU8S5Kwgw_GleWPLTqQqoXYkUmEoXPDQdgXDRmzkS8fCGgEgaKUd0ymIWTmH3CKADH7oAMbo1o&amp;__tn__=*NK-R\">#LaSeguridadEsHoy<\/a><\/p>\n\n\n\n<figure class=\"wp-block-gallery has-nested-images columns-default is-cropped wp-block-gallery-1 is-layout-flex wp-block-gallery-is-layout-flex\">\n<figure class=\"wp-block-image size-large\"><img loading=\"lazy\" decoding=\"async\" width=\"960\" height=\"443\" data-id=\"98094\" src=\"https:\/\/elmetropolitano.com.gt\/es\/wp-content\/uploads\/2025\/03\/481009067_1158736976252384_9209588650540602741_n.jpg\" alt=\"\" class=\"wp-image-98094\" srcset=\"https:\/\/elmetropolitano.com.gt\/es\/wp-content\/uploads\/2025\/03\/481009067_1158736976252384_9209588650540602741_n.jpg 960w, https:\/\/elmetropolitano.com.gt\/es\/wp-content\/uploads\/2025\/03\/481009067_1158736976252384_9209588650540602741_n-300x138.jpg 300w, https:\/\/elmetropolitano.com.gt\/es\/wp-content\/uploads\/2025\/03\/481009067_1158736976252384_9209588650540602741_n-768x354.jpg 768w\" sizes=\"auto, (max-width: 960px) 100vw, 960px\" \/><\/figure>\n\n\n\n<figure class=\"wp-block-image size-large\"><img loading=\"lazy\" decoding=\"async\" width=\"960\" height=\"457\" data-id=\"98095\" src=\"https:\/\/elmetropolitano.com.gt\/es\/wp-content\/uploads\/2025\/03\/481461231_1158737022919046_8058966185828653956_n.jpg\" alt=\"\" class=\"wp-image-98095\" srcset=\"https:\/\/elmetropolitano.com.gt\/es\/wp-content\/uploads\/2025\/03\/481461231_1158737022919046_8058966185828653956_n.jpg 960w, https:\/\/elmetropolitano.com.gt\/es\/wp-content\/uploads\/2025\/03\/481461231_1158737022919046_8058966185828653956_n-300x143.jpg 300w, https:\/\/elmetropolitano.com.gt\/es\/wp-content\/uploads\/2025\/03\/481461231_1158737022919046_8058966185828653956_n-768x366.jpg 768w\" sizes=\"auto, (max-width: 960px) 100vw, 960px\" \/><\/figure>\n\n\n\n<figure class=\"wp-block-image size-large\"><img loading=\"lazy\" decoding=\"async\" width=\"1024\" height=\"841\" data-id=\"98096\" src=\"https:\/\/elmetropolitano.com.gt\/es\/wp-content\/uploads\/2025\/03\/482032873_1158737079585707_106883463325639173_n-2-1024x841.jpg\" alt=\"\" class=\"wp-image-98096\" srcset=\"https:\/\/elmetropolitano.com.gt\/es\/wp-content\/uploads\/2025\/03\/482032873_1158737079585707_106883463325639173_n-2-1024x841.jpg 1024w, https:\/\/elmetropolitano.com.gt\/es\/wp-content\/uploads\/2025\/03\/482032873_1158737079585707_106883463325639173_n-2-300x246.jpg 300w, https:\/\/elmetropolitano.com.gt\/es\/wp-content\/uploads\/2025\/03\/482032873_1158737079585707_106883463325639173_n-2-768x631.jpg 768w, https:\/\/elmetropolitano.com.gt\/es\/wp-content\/uploads\/2025\/03\/482032873_1158737079585707_106883463325639173_n-2.jpg 1147w\" sizes=\"auto, (max-width: 1024px) 100vw, 1024px\" \/><\/figure>\n<\/figure>\n","protected":false},"excerpt":{"rendered":"<p>Agentes se la Polic\u00eda Nacional Cicil PNC de la comisar\u00eda de 33 la capturaron al nicarag\u00fcense Steven Gabriel Guerrero, de 35 a\u00f1os, y a los guatemaltecos Juan Hern\u00e1ndez Teletor, de 33 a\u00f1os, y Smerlhing Sarah\u00ed Gramajo Gonz\u00e1lez, de 33 a\u00f1os, presuntos responsables del robo y hurto de tel\u00e9fonos celulares a personas que disfrutaban de un <a class=\"read-more\" href=\"https:\/\/elmetropolitano.com.gt\/es\/cae-banda-de-roba-telefonos-en-concierto-de-carnaval-mazateco-2025\/\">Leer m\u00e1s<\/a><\/p>\n","protected":false},"author":1,"featured_media":98093,"comment_status":"open","ping_status":"closed","sticky":false,"template":"","format":"standard","meta":{"footnotes":""},"categories":[4],"tags":[13],"class_list":["post-98091","post","type-post","status-publish","format-standard","has-post-thumbnail","hentry","category-departamentales","tag-departamentales"],"_links":{"self":[{"href":"https:\/\/elmetropolitano.com.gt\/es\/wp-json\/wp\/v2\/posts\/98091","targetHints":{"allow":["GET"]}}],"collection":[{"href":"https:\/\/elmetropolitano.com.gt\/es\/wp-json\/wp\/v2\/posts"}],"about":[{"href":"https:\/\/elmetropolitano.com.gt\/es\/wp-json\/wp\/v2\/types\/post"}],"author":[{"embeddable":true,"href":"https:\/\/elmetropolitano.com.gt\/es\/wp-json\/wp\/v2\/users\/1"}],"replies":[{"embeddable":true,"href":"https:\/\/elmetropolitano.com.gt\/es\/wp-json\/wp\/v2\/comments?post=98091"}],"version-history":[{"count":1,"href":"https:\/\/elmetropolitano.com.gt\/es\/wp-json\/wp\/v2\/posts\/98091\/revisions"}],"predecessor-version":[{"id":98097,"href":"https:\/\/elmetropolitano.com.gt\/es\/wp-json\/wp\/v2\/posts\/98091\/revisions\/98097"}],"wp:featuredmedia":[{"embeddable":true,"href":"https:\/\/elmetropolitano.com.gt\/es\/wp-json\/wp\/v2\/media\/98093"}],"wp:attachment":[{"href":"https:\/\/elmetropolitano.com.gt\/es\/wp-json\/wp\/v2\/media?parent=98091"}],"wp:term":[{"taxonomy":"category","embeddable":true,"href":"https:\/\/elmetropolitano.com.gt\/es\/wp-json\/wp\/v2\/categories?post=98091"},{"taxonomy":"post_tag","embeddable":true,"href":"https:\/\/elmetropolitano.com.gt\/es\/wp-json\/wp\/v2\/tags?post=98091"}],"curies":[{"name":"wp","href":"https:\/\/api.w.org\/{rel}","templated":true}]}}