{"id":98112,"date":"2025-03-02T20:34:08","date_gmt":"2025-03-03T02:34:08","guid":{"rendered":"https:\/\/elmetropolitano.com.gt\/es\/?p=98112"},"modified":"2025-03-02T20:34:08","modified_gmt":"2025-03-03T02:34:08","slug":"desde-el-martes-hasta-el-viernes-habra-cierre-total-por-autopista-palin-escuintla","status":"publish","type":"post","link":"https:\/\/elmetropolitano.com.gt\/es\/desde-el-martes-hasta-el-viernes-habra-cierre-total-por-autopista-palin-escuintla\/","title":{"rendered":"Desde el martes hasta el viernes habr\u00e1 cierre total por Autopista Pal\u00edn-Escuintla"},"content":{"rendered":"\n<p>Como parte de los trabajos de la fase final de la rehabilitaci\u00f3n de la autopista Pal\u00edn-Escuintla, en el kil\u00f3metro 44 el Ministerio de Comunicaciones anunci\u00f3 este domingo que se restringir\u00e1 el paso total desde el martes 4 de marzo a las 10:30 de la ma\u00f1ana, habilitando el paso nuevamente el viernes 7 de marzo a la 1 de la madrugada.<\/p>\n\n\n\n<p>\u201cEstas acciones son necesarias para iniciar con los trabajos de la <a><\/a>estructura del pavimento de Sub Base y Base Estabilizada, para que a partir del pr\u00f3ximo viernes se cuente con 3 carriles listos para iniciar la colocaci\u00f3n de la carpeta asf\u00e1ltica, mejorando la movilidad en el punto; los carriles a intervenir ser\u00e1n los dos que se dirigen con direcci\u00f3n de Guatemala a Escuintla y uno que se dirige de Escuintla a Guatemala\u201d expresa el ministerio en un comunicado de prensa<\/p><div class=\"elmet-contenido\" id=\"elmet-496490367\"><div class=\"elmet-adlabel\">Anuncios<\/div><div style=\"margin-top: 20px;margin-right: 20px;margin-bottom: 20px;margin-left: 20px;\" id=\"elmet-4046216724\"><a href=\"https:\/\/www.facebook.com\/arrincuanantigua\/\" aria-label=\"cintillo-arrin-cual\"><img loading=\"lazy\" decoding=\"async\" src=\"https:\/\/elmetropolitano.com.gt\/es\/wp-content\/uploads\/2021\/11\/cintillo-arrin-cual-1.jpg\" alt=\"\"  srcset=\"https:\/\/elmetropolitano.com.gt\/es\/wp-content\/uploads\/2021\/11\/cintillo-arrin-cual-1.jpg 750w, https:\/\/elmetropolitano.com.gt\/es\/wp-content\/uploads\/2021\/11\/cintillo-arrin-cual-1-300x36.jpg 300w, https:\/\/elmetropolitano.com.gt\/es\/wp-content\/uploads\/2021\/11\/cintillo-arrin-cual-1-600x72.jpg 600w\" sizes=\"(max-width: 750px) 100vw, 750px\" width=\"750\" height=\"90\"   \/><\/a><\/div><\/div>\n\n\n\n<p>Las brigadas de la Direcci\u00f3n General de Seguridad y Protecci\u00f3n Vial (PROVIAL) coordinar\u00e1n el tr\u00e1nsito para dirigir a los conductores hacia las rutas alternas: que ser\u00e1n:<\/p>\n\n\n\n<p>-Centro de Pal\u00edn y antigua carretera de Pal\u00edn a Escuintla y viceversa.<\/p>\n\n\n\n<p>-Ruta Nacional 14, sobre el \u00e1rea de Sacatep\u00e9quez.<\/p>\n\n\n\n<p>Si necesita asistencia vial, tambi\u00e9n puede llamar al n\u00famero de tel\u00e9fono de PROVIAL, al 1520.<\/p>\n\n\n\n<p>Los trabajos forman parte del plan de rehabilitaci\u00f3n vial de la autopista Pal\u00edn-Escuintla.<\/p>\n\n\n\n<p>En un comunicado el Ministerio de Comunicacioens pide la comprensi\u00f3n y colaboraci\u00f3n, reiterando que estas acciones buscan mejorar las condiciones viales y optimizar la movilidad en beneficio de toda la ciudadan\u00eda.<\/p>\n\n\n\n<p><a href=\"https:\/\/www.facebook.com\/hashtag\/autopistapalinescuintla?__eep__=6&amp;__cft__[0]=AZVGX_NmU3RvLaCQKgkON-U9GbbwgRLCxhXEGzttkONDBrREFerBVN5WTCFUNPqFat8EwS0P6lp_4Qo-akLec3BK5hJvHR_bgY4RUasKcvQ8C4m2toMjf5wHRTFbCKHZF-iGpmDrdx_kpUCPSBlAP-n8nRCKQVtiCtg4po3g8FRwrCE_8Z_ZJXCFVnEganwcRWA&amp;__tn__=*NK-R\">#AutopistaPalinEscuintla<\/a> <a href=\"https:\/\/l.facebook.com\/l.php?u=http%3A%2F%2FWww.elescuintleco.com.gt%2F%3Ffbclid%3DIwZXh0bgNhZW0CMTAAAR1x24c7cBmUP3ged1Tv4ieNbF76cRpBumSUeF3se8tj1vpGyqM-VJqPncw_aem_DEtD6xuyQUeRmEBnD9FsBg&amp;h=AT0pL_gjQfoquG3x7f7hWu3BIu0AUdFPCy6mrke28OiUYCidVFO5lxUdsMplmQn-Idcr3N3E1iPd3YeRQX9M-PgLdsKdfzbzfi1zJL1RQ2FxAzRTCMStow3ZgYNKcBa33bKq&amp;__tn__=-UK-R&amp;c[0]=AT2EAEP0Jml62sUyPnLrXS-5CPqnebg5H8oyRrefDsp-RA6YkVTN1z7MlilwXt3bNWAMrA1kCoUYopYwiP9H-FVaJdI3wNVu5XUs3cIvKOOx450-npnwmEi5zVcgbtXiVS5oT8u1f6SxTA2Rq5Yz5oZUO6Z1N1tHuYVafgYIye7_a2xrFHquLQqJ3vd3MtrqsDqCPC0IAUZwAi2JU48eXc1bsLs\" target=\"_blank\" rel=\"noreferrer noopener\">Www.elescuintleco.com.gt<\/a> <a href=\"https:\/\/l.facebook.com\/l.php?u=http%3A%2F%2FWww.elmetropolitano.com.gt%2F%3Ffbclid%3DIwZXh0bgNhZW0CMTAAAR1_yqrAx4easTky4VXHs3_xLnWArJ3hmtWQdBzeh2QDQdXh1oG4gwu7rDE_aem_wTjp2s-odh_zyFDufdprOA&amp;h=AT0sjkq-gsCBuiMhZhyewgW7rDr7QNbHLLJLUaDVlbasR-yqUcIm1Kn6dIjJElwSHzcvgK0bqYv4mJKWn_l3cu_S6rinNhdPg0GE1LxbR_PNc3NkFZ_Y0eckMyW5cnaUA7Un&amp;__tn__=-UK-R&amp;c[0]=AT2EAEP0Jml62sUyPnLrXS-5CPqnebg5H8oyRrefDsp-RA6YkVTN1z7MlilwXt3bNWAMrA1kCoUYopYwiP9H-FVaJdI3wNVu5XUs3cIvKOOx450-npnwmEi5zVcgbtXiVS5oT8u1f6SxTA2Rq5Yz5oZUO6Z1N1tHuYVafgYIye7_a2xrFHquLQqJ3vd3MtrqsDqCPC0IAUZwAi2JU48eXc1bsLs\" target=\"_blank\" rel=\"noreferrer noopener\">Www.elmetropolitano.com.gt<\/a><\/p>\n\n\n\n<figure class=\"wp-block-gallery has-nested-images columns-default is-cropped wp-block-gallery-1 is-layout-flex wp-block-gallery-is-layout-flex\">\n<figure class=\"wp-block-image size-large\"><img loading=\"lazy\" decoding=\"async\" width=\"819\" height=\"1024\" data-id=\"98114\" src=\"https:\/\/elmetropolitano.com.gt\/es\/wp-content\/uploads\/2025\/03\/481013492_1158845202908228_6105513229770857743_n-1-819x1024.jpg\" alt=\"\" class=\"wp-image-98114\" srcset=\"https:\/\/elmetropolitano.com.gt\/es\/wp-content\/uploads\/2025\/03\/481013492_1158845202908228_6105513229770857743_n-1-819x1024.jpg 819w, https:\/\/elmetropolitano.com.gt\/es\/wp-content\/uploads\/2025\/03\/481013492_1158845202908228_6105513229770857743_n-1-240x300.jpg 240w, https:\/\/elmetropolitano.com.gt\/es\/wp-content\/uploads\/2025\/03\/481013492_1158845202908228_6105513229770857743_n-1-768x960.jpg 768w, https:\/\/elmetropolitano.com.gt\/es\/wp-content\/uploads\/2025\/03\/481013492_1158845202908228_6105513229770857743_n-1.jpg 1080w\" sizes=\"auto, (max-width: 819px) 100vw, 819px\" \/><\/figure>\n<\/figure>\n","protected":false},"excerpt":{"rendered":"<p>Como parte de los trabajos de la fase final de la rehabilitaci\u00f3n de la autopista Pal\u00edn-Escuintla, en el kil\u00f3metro 44 el Ministerio de Comunicaciones anunci\u00f3 este domingo que se restringir\u00e1 el paso total desde el martes 4 de marzo a las 10:30 de la ma\u00f1ana, habilitando el paso nuevamente el viernes 7 de marzo a <a class=\"read-more\" href=\"https:\/\/elmetropolitano.com.gt\/es\/desde-el-martes-hasta-el-viernes-habra-cierre-total-por-autopista-palin-escuintla\/\">Leer m\u00e1s<\/a><\/p>\n","protected":false},"author":1,"featured_media":98113,"comment_status":"open","ping_status":"closed","sticky":false,"template":"","format":"standard","meta":{"footnotes":""},"categories":[4],"tags":[13],"class_list":["post-98112","post","type-post","status-publish","format-standard","has-post-thumbnail","hentry","category-departamentales","tag-departamentales"],"_links":{"self":[{"href":"https:\/\/elmetropolitano.com.gt\/es\/wp-json\/wp\/v2\/posts\/98112","targetHints":{"allow":["GET"]}}],"collection":[{"href":"https:\/\/elmetropolitano.com.gt\/es\/wp-json\/wp\/v2\/posts"}],"about":[{"href":"https:\/\/elmetropolitano.com.gt\/es\/wp-json\/wp\/v2\/types\/post"}],"author":[{"embeddable":true,"href":"https:\/\/elmetropolitano.com.gt\/es\/wp-json\/wp\/v2\/users\/1"}],"replies":[{"embeddable":true,"href":"https:\/\/elmetropolitano.com.gt\/es\/wp-json\/wp\/v2\/comments?post=98112"}],"version-history":[{"count":1,"href":"https:\/\/elmetropolitano.com.gt\/es\/wp-json\/wp\/v2\/posts\/98112\/revisions"}],"predecessor-version":[{"id":98115,"href":"https:\/\/elmetropolitano.com.gt\/es\/wp-json\/wp\/v2\/posts\/98112\/revisions\/98115"}],"wp:featuredmedia":[{"embeddable":true,"href":"https:\/\/elmetropolitano.com.gt\/es\/wp-json\/wp\/v2\/media\/98113"}],"wp:attachment":[{"href":"https:\/\/elmetropolitano.com.gt\/es\/wp-json\/wp\/v2\/media?parent=98112"}],"wp:term":[{"taxonomy":"category","embeddable":true,"href":"https:\/\/elmetropolitano.com.gt\/es\/wp-json\/wp\/v2\/categories?post=98112"},{"taxonomy":"post_tag","embeddable":true,"href":"https:\/\/elmetropolitano.com.gt\/es\/wp-json\/wp\/v2\/tags?post=98112"}],"curies":[{"name":"wp","href":"https:\/\/api.w.org\/{rel}","templated":true}]}}