{"id":98189,"date":"2025-03-04T10:14:44","date_gmt":"2025-03-04T16:14:44","guid":{"rendered":"https:\/\/elmetropolitano.com.gt\/es\/?p=98189"},"modified":"2025-03-04T10:14:44","modified_gmt":"2025-03-04T16:14:44","slug":"utilice-las-vias-alternas-por-cierre-en-autopista-palin-escuintla-desde-hoy","status":"publish","type":"post","link":"https:\/\/elmetropolitano.com.gt\/es\/utilice-las-vias-alternas-por-cierre-en-autopista-palin-escuintla-desde-hoy\/","title":{"rendered":"Utilice las V\u00edas alternas por cierre en autopista Pal\u00edn-Escuintla desde hoy"},"content":{"rendered":"\n<p>El Ministerio de Comunicaciones, Infraestructura y Vivienda (CIV) anunci\u00f3 que habr\u00e1 un cierre total del paso en el kil\u00f3metro 44 de la autopista Pal\u00edn-Escuintla (CA-9 Sur), desde hoy para avanzar con los trabajos de recuperaci\u00f3n en la zona afectada por un socavamiento. Por lo tanto, refiri\u00f3 las rutas alternas para los conductores que utilizan o planeaban hacer uso de este paso.<\/p>\n\n\n\n<p>La v\u00eda ser\u00e1 cerrada desde <a><\/a>hoy martes a las 10:30 horas, y permanecer\u00e1 de esa manera hasta la 1:00 de la madrugada del viernes 7 de marzo.<\/p><div class=\"elmet-contenido\" id=\"elmet-3784417721\"><div class=\"elmet-adlabel\">Anuncios<\/div><div style=\"margin-top: 20px;margin-right: 20px;margin-bottom: 20px;margin-left: 20px;\" id=\"elmet-3116374102\"><a href=\"https:\/\/www.facebook.com\/arrincuanantigua\/\" aria-label=\"cintillo-arrin-cual\"><img loading=\"lazy\" decoding=\"async\" src=\"https:\/\/elmetropolitano.com.gt\/es\/wp-content\/uploads\/2021\/11\/cintillo-arrin-cual-1.jpg\" alt=\"\"  srcset=\"https:\/\/elmetropolitano.com.gt\/es\/wp-content\/uploads\/2021\/11\/cintillo-arrin-cual-1.jpg 750w, https:\/\/elmetropolitano.com.gt\/es\/wp-content\/uploads\/2021\/11\/cintillo-arrin-cual-1-300x36.jpg 300w, https:\/\/elmetropolitano.com.gt\/es\/wp-content\/uploads\/2021\/11\/cintillo-arrin-cual-1-600x72.jpg 600w\" sizes=\"(max-width: 750px) 100vw, 750px\" width=\"750\" height=\"90\"   \/><\/a><\/div><\/div>\n\n\n\n<p>Ante el cierre, el CIV insta a la poblaci\u00f3n a preferir circular por las siguientes rutas alternas:<\/p>\n\n\n\n<p>-por el centro de Pal\u00edn y antigua carretera de Pal\u00edn a Escuintla<\/p>\n\n\n\n<p>-por la Ruta Nacional 14, sobre el \u00e1rea de Sacatep\u00e9quez<\/p>\n\n\n\n<p>Durante esta restricci\u00f3n del paso, avanzar\u00e1n con los trabajos de la estructura del pavimento de subbase y base estabilizada, para que a partir del pr\u00f3ximo viernes se cuente con 3 carriles listos para iniciar la colocaci\u00f3n de la carpeta asf\u00e1ltica, mejorando la movilidad en el punto, subray\u00f3 el CIV.<\/p>\n\n\n\n<p>Con esto, el gobierno del presidente Bernardo Ar\u00e9valo espera avanzar de forma m\u00e1s r\u00e1pida con la recuperaci\u00f3n del tramo. Esto seg\u00fan su promesa de entregarlo antes de la Semana Santa, per\u00edodo en el que crece exponencialmente el uso de la autopista Pal\u00edn-Escuintla por los veraneantes que buscan las playas del pa\u00eds durante los asuetos que conlleva este per\u00edodo religioso.<\/p>\n\n\n\n<p>Asistencia de Provial<\/p>\n\n\n\n<p>La entidad a\u00f1adi\u00f3 que personal de la Direcci\u00f3n General de Protecci\u00f3n y Seguridad Vial (Provial) apoyar\u00e1 en el direccionamiento del tr\u00e1nsito en el kil\u00f3metro 38 hacia la ruta antigua de Pal\u00edn a Escuintla.<\/p>\n\n\n\n<p>Si los conductores llegan a tener alg\u00fan problema en el tr\u00e1nsito, pueden llamar al 1520 de Provial para solicitar ayuda.<\/p>\n\n\n\n<p>Texto: Daniel Coromac<\/p>\n\n\n\n<p><a href=\"https:\/\/www.facebook.com\/hashtag\/autopistapalinescuintla?__eep__=6&amp;__cft__[0]=AZUTdLUgIznhL2LD1frmWa91UBhMr1ZCZxwRvFh8opMS-GRusRE7MD2EzzAqSYOPbakAsBS3J_Q_J_7f5wGFtZiQwdufHCBeAxckLvcQfgHvLlDp43JlfEBpOyLKmO_m40vxM5AbqbTgE5QFL6lkNjMFedR8vX4kogzkoSin70VETFKqvcvMsxHb35Clxc6kUfc&amp;__tn__=*NK-R\">#autopistapalinescuintla<\/a><a href=\"https:\/\/www.facebook.com\/hashtag\/provial?__eep__=6&amp;__cft__[0]=AZUTdLUgIznhL2LD1frmWa91UBhMr1ZCZxwRvFh8opMS-GRusRE7MD2EzzAqSYOPbakAsBS3J_Q_J_7f5wGFtZiQwdufHCBeAxckLvcQfgHvLlDp43JlfEBpOyLKmO_m40vxM5AbqbTgE5QFL6lkNjMFedR8vX4kogzkoSin70VETFKqvcvMsxHb35Clxc6kUfc&amp;__tn__=*NK-R\">#ProVial<\/a> <a href=\"https:\/\/l.facebook.com\/l.php?u=http%3A%2F%2FWww.elescuintleco.com%2F%3Ffbclid%3DIwZXh0bgNhZW0CMTAAAR1CKPQ3BGz4mqpofVpfYi--dKiODIuS_v7Hm9RlakvfD-PhHAJyI666nQ0_aem_RtPYSIj60Bmeot7crafYfA&amp;h=AT1_FGea8_XFAWgSjBZIePhtDsdgj39EArJHAGFDZBIIucfnmaIJybs_GnRlREnkdlI5e7VJ-kNjd_cn7SHlwsJccdikzRnd1NYQ-mgt_mFQrKQenmBg1f5w-rfnOObU3bkW8_gG8K4gjPeyUe3N&amp;__tn__=-UK-R&amp;c[0]=AT0yb3jMEnNcbEsEI_0fzqvLyD3OGpKN05sI6HiGr4ugkhAOjUrQkjdK-8xUWPFpJpVBOXSO5KSCQlrr0cTv3Jsq7Ernn8Uiglc5-_flpM_HoHaJxtrcMqBRLbUTtnz9OC1g7w4-8uN7d5XyWTeiTspWJXVb5UHoR8B_3T_uqFgBqZ2DQnVXmEcW6tYuVpD3AT8ec5ERnqo-aUuEzJPo2YlSa0U\" target=\"_blank\" rel=\"noreferrer noopener\">Www.elescuintleco.com<\/a><\/p>\n\n\n\n<figure class=\"wp-block-gallery has-nested-images columns-default is-cropped wp-block-gallery-1 is-layout-flex wp-block-gallery-is-layout-flex\">\n<figure class=\"wp-block-image size-large\"><img loading=\"lazy\" decoding=\"async\" width=\"552\" height=\"690\" data-id=\"98191\" src=\"https:\/\/elmetropolitano.com.gt\/es\/wp-content\/uploads\/2025\/03\/481253719_1160046759454739_8628020171792827592_n.jpg\" alt=\"\" class=\"wp-image-98191\" srcset=\"https:\/\/elmetropolitano.com.gt\/es\/wp-content\/uploads\/2025\/03\/481253719_1160046759454739_8628020171792827592_n.jpg 552w, https:\/\/elmetropolitano.com.gt\/es\/wp-content\/uploads\/2025\/03\/481253719_1160046759454739_8628020171792827592_n-240x300.jpg 240w\" sizes=\"auto, (max-width: 552px) 100vw, 552px\" \/><\/figure>\n\n\n\n<figure class=\"wp-block-image size-large\"><img loading=\"lazy\" decoding=\"async\" width=\"1003\" height=\"561\" data-id=\"98193\" src=\"https:\/\/elmetropolitano.com.gt\/es\/wp-content\/uploads\/2025\/03\/481355811_1160046822788066_6896747320233800499_n-1.jpg\" alt=\"\" class=\"wp-image-98193\" srcset=\"https:\/\/elmetropolitano.com.gt\/es\/wp-content\/uploads\/2025\/03\/481355811_1160046822788066_6896747320233800499_n-1.jpg 1003w, https:\/\/elmetropolitano.com.gt\/es\/wp-content\/uploads\/2025\/03\/481355811_1160046822788066_6896747320233800499_n-1-300x168.jpg 300w, https:\/\/elmetropolitano.com.gt\/es\/wp-content\/uploads\/2025\/03\/481355811_1160046822788066_6896747320233800499_n-1-768x430.jpg 768w\" sizes=\"auto, (max-width: 1003px) 100vw, 1003px\" \/><\/figure>\n\n\n\n<figure class=\"wp-block-image size-large\"><img loading=\"lazy\" decoding=\"async\" width=\"552\" height=\"690\" data-id=\"98192\" src=\"https:\/\/elmetropolitano.com.gt\/es\/wp-content\/uploads\/2025\/03\/481961424_1160046716121410_1095810816582606444_n.jpg\" alt=\"\" class=\"wp-image-98192\" srcset=\"https:\/\/elmetropolitano.com.gt\/es\/wp-content\/uploads\/2025\/03\/481961424_1160046716121410_1095810816582606444_n.jpg 552w, https:\/\/elmetropolitano.com.gt\/es\/wp-content\/uploads\/2025\/03\/481961424_1160046716121410_1095810816582606444_n-240x300.jpg 240w\" sizes=\"auto, (max-width: 552px) 100vw, 552px\" \/><\/figure>\n<\/figure>\n","protected":false},"excerpt":{"rendered":"<p>El Ministerio de Comunicaciones, Infraestructura y Vivienda (CIV) anunci\u00f3 que habr\u00e1 un cierre total del paso en el kil\u00f3metro 44 de la autopista Pal\u00edn-Escuintla (CA-9 Sur), desde hoy para avanzar con los trabajos de recuperaci\u00f3n en la zona afectada por un socavamiento. Por lo tanto, refiri\u00f3 las rutas alternas para los conductores que utilizan o <a class=\"read-more\" href=\"https:\/\/elmetropolitano.com.gt\/es\/utilice-las-vias-alternas-por-cierre-en-autopista-palin-escuintla-desde-hoy\/\">Leer m\u00e1s<\/a><\/p>\n","protected":false},"author":1,"featured_media":98190,"comment_status":"open","ping_status":"closed","sticky":false,"template":"","format":"standard","meta":{"footnotes":""},"categories":[4],"tags":[13],"class_list":["post-98189","post","type-post","status-publish","format-standard","has-post-thumbnail","hentry","category-departamentales","tag-departamentales"],"_links":{"self":[{"href":"https:\/\/elmetropolitano.com.gt\/es\/wp-json\/wp\/v2\/posts\/98189","targetHints":{"allow":["GET"]}}],"collection":[{"href":"https:\/\/elmetropolitano.com.gt\/es\/wp-json\/wp\/v2\/posts"}],"about":[{"href":"https:\/\/elmetropolitano.com.gt\/es\/wp-json\/wp\/v2\/types\/post"}],"author":[{"embeddable":true,"href":"https:\/\/elmetropolitano.com.gt\/es\/wp-json\/wp\/v2\/users\/1"}],"replies":[{"embeddable":true,"href":"https:\/\/elmetropolitano.com.gt\/es\/wp-json\/wp\/v2\/comments?post=98189"}],"version-history":[{"count":1,"href":"https:\/\/elmetropolitano.com.gt\/es\/wp-json\/wp\/v2\/posts\/98189\/revisions"}],"predecessor-version":[{"id":98194,"href":"https:\/\/elmetropolitano.com.gt\/es\/wp-json\/wp\/v2\/posts\/98189\/revisions\/98194"}],"wp:featuredmedia":[{"embeddable":true,"href":"https:\/\/elmetropolitano.com.gt\/es\/wp-json\/wp\/v2\/media\/98190"}],"wp:attachment":[{"href":"https:\/\/elmetropolitano.com.gt\/es\/wp-json\/wp\/v2\/media?parent=98189"}],"wp:term":[{"taxonomy":"category","embeddable":true,"href":"https:\/\/elmetropolitano.com.gt\/es\/wp-json\/wp\/v2\/categories?post=98189"},{"taxonomy":"post_tag","embeddable":true,"href":"https:\/\/elmetropolitano.com.gt\/es\/wp-json\/wp\/v2\/tags?post=98189"}],"curies":[{"name":"wp","href":"https:\/\/api.w.org\/{rel}","templated":true}]}}